{"id":55730,"date":"2025-02-01T00:15:08","date_gmt":"2025-02-01T06:15:08","guid":{"rendered":"https:\/\/politicosaldesnudo.com.mx\/?p=55730"},"modified":"2025-01-31T22:40:39","modified_gmt":"2025-02-01T04:40:39","slug":"oscar-loza-ochoa-como-nuevo-presidente-de-la-cedh-sinaloa","status":"publish","type":"post","link":"https:\/\/politicosaldesnudo.com.mx\/index.php\/2025\/02\/01\/oscar-loza-ochoa-como-nuevo-presidente-de-la-cedh-sinaloa\/","title":{"rendered":"Oscar Loza Ochoa como nuevo presidente de la CEDH Sinaloa"},"content":{"rendered":"<p>El Congreso local eligi\u00f3 a Oscar Loza Ochoa como nuevo presidente de la Comisi\u00f3n de Derechos Humanos (CEDH), para el periodo 2025-2029, en sustituci\u00f3n de Juan Carlos \u00c1lvarez Ortega.<\/p>\n<p>Yeraldine Bonilla, presidenta de la mesa Directiva de la legislatura de Sinaloa, ley\u00f3 en sesi\u00f3n extraordinaria la decisi\u00f3n final del resultado de la votaci\u00f3n, con 34 votos a favor de Loza Ochoa, quien adem\u00e1s tom\u00f3 protesta.<\/p>\n<p>El nuevo titular de la CEDH particip\u00f3 en el proceso con otros ocho aspirantes, como Lucia Ayala, Juliana Araujo, Manuel Ardirnes Osuna, Alfonso Salazar, Miguel \u00c1ngel Calder\u00f3n y Aldo Ruiz, quienes comparecieron ante los integrantes de la comisi\u00f3n, los cuales posteriormente entregaron la lista que fue sometida a votaci\u00f3n a los legisladores.<\/p>\n<p>Oscar Loza Ochoa ser\u00e1 presidente de la CEDH por segunda ocasi\u00f3n, el primer periodo fue en 2004-2007, y fue fundador del Comit\u00e9 de Defensa por los derechos humanos, un organismo civil.<\/p>\n<p>El nuevo titular de la CEDH es licenciado en econom\u00eda por la Universidad Aut\u00f3noma de Sinaloa, profesor jubilado de esa instituci\u00f3n educativa, tiene amplia experiencia en la promoci\u00f3n y defensa de los derechos de las personas y coordin\u00f3 actividades de solidaridad con presos pol\u00edticos de la entidad desde 1972 a 1976, luch\u00f3 por la Ley de Amnist\u00eda a Presos, perseguidos, exiliados pol\u00edticos aprobada en 1978 y fundador del Frente Nacional Contra la Represi\u00f3n.<\/p>\n<p>Adem\u00e1s se ha caracterizado por brindar atenci\u00f3n al problema de la desaparici\u00f3n de desplazamiento interno de personas, a las v\u00edctimas de feminicidios, a jornaleros agr\u00edcolas, a pueblos agr\u00edcolas y promovi\u00f3 la creaci\u00f3n de la Defensor\u00eda del pueblo.<\/p>\n","protected":false},"excerpt":{"rendered":"<p>El Congreso local eligi\u00f3 a Oscar Loza Ochoa como nuevo presidente de la Comisi\u00f3n de Derechos Humanos (CEDH), para el<\/p>\n","protected":false},"author":4,"featured_media":55731,"comment_status":"closed","ping_status":"closed","sticky":false,"template":"","format":"standard","meta":{"colormag_page_container_layout":"default_layout","colormag_page_sidebar_layout":"default_layout","_jetpack_memberships_contains_paid_content":false,"footnotes":"","jetpack_publicize_message":"","jetpack_publicize_feature_enabled":true,"jetpack_social_post_already_shared":false,"jetpack_social_options":{"image_generator_settings":{"template":"highway","default_image_id":0,"font":"","enabled":false},"version":2}},"categories":[30],"tags":[],"class_list":["post-55730","post","type-post","status-publish","format-standard","has-post-thumbnail","hentry","category-estados"],"jetpack_publicize_connections":[],"jetpack_featured_media_url":"https:\/\/i0.wp.com\/politicosaldesnudo.com.mx\/wp-content\/uploads\/2025\/01\/Oscar-Loza-Ochoa-3.jpeg?fit=1600%2C900&ssl=1","jetpack-related-posts":[],"jetpack_sharing_enabled":true,"_links":{"self":[{"href":"https:\/\/politicosaldesnudo.com.mx\/index.php\/wp-json\/wp\/v2\/posts\/55730","targetHints":{"allow":["GET"]}}],"collection":[{"href":"https:\/\/politicosaldesnudo.com.mx\/index.php\/wp-json\/wp\/v2\/posts"}],"about":[{"href":"https:\/\/politicosaldesnudo.com.mx\/index.php\/wp-json\/wp\/v2\/types\/post"}],"author":[{"embeddable":true,"href":"https:\/\/politicosaldesnudo.com.mx\/index.php\/wp-json\/wp\/v2\/users\/4"}],"replies":[{"embeddable":true,"href":"https:\/\/politicosaldesnudo.com.mx\/index.php\/wp-json\/wp\/v2\/comments?post=55730"}],"version-history":[{"count":0,"href":"https:\/\/politicosaldesnudo.com.mx\/index.php\/wp-json\/wp\/v2\/posts\/55730\/revisions"}],"wp:featuredmedia":[{"embeddable":true,"href":"https:\/\/politicosaldesnudo.com.mx\/index.php\/wp-json\/wp\/v2\/media\/55731"}],"wp:attachment":[{"href":"https:\/\/politicosaldesnudo.com.mx\/index.php\/wp-json\/wp\/v2\/media?parent=55730"}],"wp:term":[{"taxonomy":"category","embeddable":true,"href":"https:\/\/politicosaldesnudo.com.mx\/index.php\/wp-json\/wp\/v2\/categories?post=55730"},{"taxonomy":"post_tag","embeddable":true,"href":"https:\/\/politicosaldesnudo.com.mx\/index.php\/wp-json\/wp\/v2\/tags?post=55730"}],"curies":[{"name":"wp","href":"https:\/\/api.w.org\/{rel}","templated":true}]}}