{"id":55857,"date":"2025-02-03T01:19:34","date_gmt":"2025-02-03T07:19:34","guid":{"rendered":"https:\/\/politicosaldesnudo.com.mx\/?p=55857"},"modified":"2025-02-03T01:19:34","modified_gmt":"2025-02-03T07:19:34","slug":"ciudadanos-marchan-en-tulancingo-hidalgo-para-exigir-alto-a-la-violencia","status":"publish","type":"post","link":"https:\/\/politicosaldesnudo.com.mx\/index.php\/2025\/02\/03\/ciudadanos-marchan-en-tulancingo-hidalgo-para-exigir-alto-a-la-violencia\/","title":{"rendered":"Ciudadanos marchan en Tulancingo, Hidalgo para exigir alto a la violencia"},"content":{"rendered":"<p>Ante la ola de ejecuciones, balaceras y violencia registrados en Tulancingo, Hidalgo, en las \u00faltimas semanas, dos grupos de ciudadanos marcharon, por separado y horas diferentes, de forma pac\u00edfica en demanda de seguridad y paz social por calles y avenidas del municipio.<\/p>\n<p>Uno de los grupos, integrado por cerca de 50 ciudadanos, parti\u00f3 a medio d\u00eda del monumento a Benito Ju\u00e1rez, ubicado en el Jard\u00edn de la Floresta, en el primer cuadro del centro hist\u00f3rico de la ciudad.<\/p>\n<p>En la convocatoria de la marcha, compartida en redes sociales, se anunci\u00f3 que uno de los objetivos era pedir la renuncia de la alcaldesa morenista Lorena Garc\u00eda a quien responsabilizaron de la inseguridad.<\/p>\n<p>\u00abNo somos\u00a0<em>bots<\/em>, queremos paz\u00bb, se pod\u00eda leer en la pancarta de una de las manifestantes.<\/p>\n<p>Por la ma\u00f1ana, un grupo aproximado de 30 personas realizaron una primer marcha tambi\u00e9n para exigir paz y seguridad a las autoridades de los tres niveles de gobierno para Tulancingo. Los participantes vest\u00edan playeras, blusas y chamarras de color blanco.<\/p>\n<p>La movilizaci\u00f3n inici\u00f3 en la cl\u00ednica del Instituto de Seguridad y Servicios Sociales de los Trabajadores del Estado (ISSSTE ) de la colonia Jardines del Sur y termin\u00f3 en la zona de museos del centro hist\u00f3rico.<\/p>\n<p>Puntualizaron que hab\u00edan decidido marchar aparte tras asegurar que su marcha era totalmente ciudadana y ajena a partidos y organizaciones pol\u00edticas.<\/p>\n<p>Bajo este contexto, diversas organizaciones sociales han convocado a otra manifestaci\u00f3n para las ocho de la ma\u00f1ana del pr\u00f3ximo martes. Se prev\u00e9 la toma de la alcald\u00eda y el cierre de la carretera M\u00e9xico -Tuxpan en el tramo del crucero al municipio de Acatl\u00e1n.<\/p>\n<p><strong>Violencia en Tulancingo<\/strong><\/p>\n<p>La noche del jueves, el empresario Juan Carlos P\u00e9rez Hern\u00e1ndez, due\u00f1o del bar La Cerve de Tulancingo fue asesinado afuera de un gimnasio.<\/p>\n<p>La noche del viernes, apareci\u00f3 una narcomanta en un puente peatonal de la carretera M\u00e9xico-Tuxpan. \u00abEso que le pas\u00f3 a Carlos le va a pasar a los chapulines\u00bb, dec\u00eda el mensaje en aparente alusi\u00f3n al empresario ejecutado.<\/p>\n","protected":false},"excerpt":{"rendered":"<p>Ante la ola de ejecuciones, balaceras y violencia registrados en Tulancingo, Hidalgo, en las \u00faltimas semanas, dos grupos de ciudadanos<\/p>\n","protected":false},"author":4,"featured_media":55858,"comment_status":"closed","ping_status":"closed","sticky":false,"template":"","format":"standard","meta":{"colormag_page_container_layout":"default_layout","colormag_page_sidebar_layout":"default_layout","_jetpack_memberships_contains_paid_content":false,"footnotes":"","jetpack_publicize_message":"","jetpack_publicize_feature_enabled":true,"jetpack_social_post_already_shared":false,"jetpack_social_options":{"image_generator_settings":{"template":"highway","default_image_id":0,"font":"","enabled":false},"version":2}},"categories":[30],"tags":[],"class_list":["post-55857","post","type-post","status-publish","format-standard","has-post-thumbnail","hentry","category-estados"],"jetpack_publicize_connections":[],"jetpack_featured_media_url":"https:\/\/i0.wp.com\/politicosaldesnudo.com.mx\/wp-content\/uploads\/2025\/02\/AJKLN.jpg?fit=765%2C407&ssl=1","jetpack-related-posts":[],"jetpack_sharing_enabled":true,"_links":{"self":[{"href":"https:\/\/politicosaldesnudo.com.mx\/index.php\/wp-json\/wp\/v2\/posts\/55857","targetHints":{"allow":["GET"]}}],"collection":[{"href":"https:\/\/politicosaldesnudo.com.mx\/index.php\/wp-json\/wp\/v2\/posts"}],"about":[{"href":"https:\/\/politicosaldesnudo.com.mx\/index.php\/wp-json\/wp\/v2\/types\/post"}],"author":[{"embeddable":true,"href":"https:\/\/politicosaldesnudo.com.mx\/index.php\/wp-json\/wp\/v2\/users\/4"}],"replies":[{"embeddable":true,"href":"https:\/\/politicosaldesnudo.com.mx\/index.php\/wp-json\/wp\/v2\/comments?post=55857"}],"version-history":[{"count":0,"href":"https:\/\/politicosaldesnudo.com.mx\/index.php\/wp-json\/wp\/v2\/posts\/55857\/revisions"}],"wp:featuredmedia":[{"embeddable":true,"href":"https:\/\/politicosaldesnudo.com.mx\/index.php\/wp-json\/wp\/v2\/media\/55858"}],"wp:attachment":[{"href":"https:\/\/politicosaldesnudo.com.mx\/index.php\/wp-json\/wp\/v2\/media?parent=55857"}],"wp:term":[{"taxonomy":"category","embeddable":true,"href":"https:\/\/politicosaldesnudo.com.mx\/index.php\/wp-json\/wp\/v2\/categories?post=55857"},{"taxonomy":"post_tag","embeddable":true,"href":"https:\/\/politicosaldesnudo.com.mx\/index.php\/wp-json\/wp\/v2\/tags?post=55857"}],"curies":[{"name":"wp","href":"https:\/\/api.w.org\/{rel}","templated":true}]}}