{"id":55916,"date":"2025-02-04T00:06:32","date_gmt":"2025-02-04T06:06:32","guid":{"rendered":"https:\/\/politicosaldesnudo.com.mx\/?p=55916"},"modified":"2025-02-03T22:20:16","modified_gmt":"2025-02-04T04:20:16","slug":"ipn-uam-y-unam-respaldan-actuacion-de-sheinbaum-ante-amenazas-de-trump","status":"publish","type":"post","link":"https:\/\/politicosaldesnudo.com.mx\/index.php\/2025\/02\/04\/ipn-uam-y-unam-respaldan-actuacion-de-sheinbaum-ante-amenazas-de-trump\/","title":{"rendered":"IPN, UAM y UNAM respaldan actuaci\u00f3n de Sheinbaum ante amenazas de Trump"},"content":{"rendered":"<p>Las tres principales universidades p\u00fablicas del pa\u00eds externaron su respaldo a la presidenta Claudia Sheinbaum Pardo ante los embates que el fin de semana se lanzaron desde la Casa Blanca.<\/p>\n<p>Los rectores de las universidades Nacional Aut\u00f3noma de M\u00e9xico (UNAM), Leonardo Lomel\u00ed Vanegas, y de la Aut\u00f3noma Metropolitana (UAM), Jos\u00e9 Antonio De los Reyes Heredia; y el director general del Instituto Polit\u00e9cnico Nacional (IPN), Arturo Reyes Sandoval, destacaron que en los di\u00e1logos con el presidente de Estados Unidos, Donald Trump, la mandataria mexicana ha actuado en apoyo a la defensa de la soberan\u00eda.<\/p>\n<p>Luego que el s\u00e1bado el republicano anunciara la imposici\u00f3n de aranceles de 25 por ciento a exportaciones mexicanas y acusara una supuesta \u201calianza\u201d entre el gobierno de M\u00e9xico y los c\u00e1rteles de la droga \u2014este lunes se alcanz\u00f3 un acuerdo para poner en pausa por un mes los grav\u00e1menes\u2014, los l\u00edderes de las instituciones educativas apoyaron a Sheinbaum Pardo al participar en Palacio Nacional en la presentaci\u00f3n del nuevo esquema del bachillerato nacional.<\/p>\n<p>El acto tambi\u00e9n fue interpretado por algunos de los asistentes como la reactivaci\u00f3n del acercamiento entre el gobierno federal y la UNAM, mismo que se ha fortalecido a partir de que las autoridades de la m\u00e1xima casa de estudios lanzaron un programa de austeridad como respuesta al llamado de la jefa del Ejecutivo para hacer una revisi\u00f3n en ejercicio de su presupuesto.<\/p>\n<p>El rector de la UNAM reiter\u00f3 el apoyo de la instituci\u00f3n a su cargo a la mandataria federal, en particular a la defensa de la soberan\u00eda nacional y en la dignidad de los migrantes.<\/p>\n<p>Remarc\u00f3 que la m\u00e1xima casa de estudios acompa\u00f1ar\u00e1 las iniciativas de la administraci\u00f3n federal. Y manifest\u00f3 que \u201choy m\u00e1s que nunca, por M\u00e9xico hablar\u00e1 su esp\u00edritu\u201d.<\/p>\n<p>Agreg\u00f3: \u201cNo quisiera terminar estas palabras sin reiterar el llamado a la unidad nacional que nuestra Universidad m\u00e1s de dos semanas, tres d\u00edas antes del cambio de poderes en Estados Unidos, reiteramos nuestro apoyo a la presidenta de la Rep\u00fablica, en la defensa de la soberan\u00eda del pa\u00eds, de los derechos y la dignidad de las y los migrantes mexicanos y de los inter\u00e9s nacionales.<\/p>\n<p>\u00abLa UNAM apoyar\u00e1 toda las iniciativas del gobierno de la Rep\u00fablica y de la sociedad mexicana que permita a nuestro pa\u00eds superar estos desaf\u00edos, de los que estoy plenamente convencido que saldremos fortalecidos\u201d, sostuvo el rector.<\/p>\n<p>El director general del IPN, por su parte, destac\u00f3 el alcance del acuerdo que esta ma\u00f1ana tuvo Sheinbauim en su llamada telef\u00f3nica con el mandatario de Estados Unidos, para frenar por un mes la imposici\u00f3n de grav\u00e1menes a productos mexicanos.<\/p>\n<p>\u201cQuiero aprovechar tambi\u00e9n para transmitirle un mensaje de la comunidad polit\u00e9cnica, una felicitaci\u00f3n por lo que sucedi\u00f3 en la ma\u00f1ana, ese gran logro y un gran reconocimiento y admiraci\u00f3n al trabajo que hace y que nos muestra claramente que a trav\u00e9s del di\u00e1logo podemos seguir trabajando de manera conjunta con diferentes pa\u00edses\u201d, se\u00f1al\u00f3 Reyes Sandoval.<\/p>\n<p>De su lado, el rector general de la UAM apunt\u00f3: \u201cDesde luego, reiteramos nuestro apoyo rotundo al gobierno de M\u00e9xico y a nuestra presidenta Claudia Sheinbaum\u201d.<\/p>\n","protected":false},"excerpt":{"rendered":"<p>Las tres principales universidades p\u00fablicas del pa\u00eds externaron su respaldo a la presidenta Claudia Sheinbaum Pardo ante los embates que<\/p>\n","protected":false},"author":4,"featured_media":55917,"comment_status":"closed","ping_status":"closed","sticky":false,"template":"","format":"standard","meta":{"colormag_page_container_layout":"default_layout","colormag_page_sidebar_layout":"default_layout","_jetpack_memberships_contains_paid_content":false,"footnotes":"","jetpack_publicize_message":"","jetpack_publicize_feature_enabled":true,"jetpack_social_post_already_shared":false,"jetpack_social_options":{"image_generator_settings":{"template":"highway","default_image_id":0,"font":"","enabled":false},"version":2}},"categories":[33],"tags":[],"class_list":["post-55916","post","type-post","status-publish","format-standard","has-post-thumbnail","hentry","category-nacional"],"jetpack_publicize_connections":[],"jetpack_featured_media_url":"https:\/\/i0.wp.com\/politicosaldesnudo.com.mx\/wp-content\/uploads\/2025\/02\/ad70a45dd71e1e19fc26f42d92d67eef.jpg?fit=1100%2C666&ssl=1","jetpack-related-posts":[],"jetpack_sharing_enabled":true,"_links":{"self":[{"href":"https:\/\/politicosaldesnudo.com.mx\/index.php\/wp-json\/wp\/v2\/posts\/55916","targetHints":{"allow":["GET"]}}],"collection":[{"href":"https:\/\/politicosaldesnudo.com.mx\/index.php\/wp-json\/wp\/v2\/posts"}],"about":[{"href":"https:\/\/politicosaldesnudo.com.mx\/index.php\/wp-json\/wp\/v2\/types\/post"}],"author":[{"embeddable":true,"href":"https:\/\/politicosaldesnudo.com.mx\/index.php\/wp-json\/wp\/v2\/users\/4"}],"replies":[{"embeddable":true,"href":"https:\/\/politicosaldesnudo.com.mx\/index.php\/wp-json\/wp\/v2\/comments?post=55916"}],"version-history":[{"count":0,"href":"https:\/\/politicosaldesnudo.com.mx\/index.php\/wp-json\/wp\/v2\/posts\/55916\/revisions"}],"wp:featuredmedia":[{"embeddable":true,"href":"https:\/\/politicosaldesnudo.com.mx\/index.php\/wp-json\/wp\/v2\/media\/55917"}],"wp:attachment":[{"href":"https:\/\/politicosaldesnudo.com.mx\/index.php\/wp-json\/wp\/v2\/media?parent=55916"}],"wp:term":[{"taxonomy":"category","embeddable":true,"href":"https:\/\/politicosaldesnudo.com.mx\/index.php\/wp-json\/wp\/v2\/categories?post=55916"},{"taxonomy":"post_tag","embeddable":true,"href":"https:\/\/politicosaldesnudo.com.mx\/index.php\/wp-json\/wp\/v2\/tags?post=55916"}],"curies":[{"name":"wp","href":"https:\/\/api.w.org\/{rel}","templated":true}]}}