{"id":55922,"date":"2025-02-04T00:08:38","date_gmt":"2025-02-04T06:08:38","guid":{"rendered":"https:\/\/politicosaldesnudo.com.mx\/?p=55922"},"modified":"2025-02-03T22:25:48","modified_gmt":"2025-02-04T04:25:48","slug":"acuerdo-alcanzado-por-sheinbaum-con-trump-totalmente-insolito-destaca-ebrard","status":"publish","type":"post","link":"https:\/\/politicosaldesnudo.com.mx\/index.php\/2025\/02\/04\/acuerdo-alcanzado-por-sheinbaum-con-trump-totalmente-insolito-destaca-ebrard\/","title":{"rendered":"Acuerdo alcanzado por Sheinbaum con Trump, \u00abtotalmente ins\u00f3lito\u00bb, destaca Ebrard"},"content":{"rendered":"<p>El secretario de Econom\u00eda, Marcelo Ebrard Casaubon, destac\u00f3 el acuerdo alcanzado entre los presidentes de M\u00e9xico y Estados Unidos, Claudia Sheinbaum y Donald Trump, para poner en pausa por un mes la imposici\u00f3n de aranceles de 25 por ciento a exportaciones mexicanas. Remarc\u00f3 que en la relaci\u00f3n comercial, M\u00e9xico defender\u00e1 la integraci\u00f3n.<\/p>\n<p>\u201cLo que logr\u00f3 hoy la presidenta es algo totalmente ins\u00f3lito. Si ustedes preguntaban ayer, dec\u00edan: \u2018\u00bfc\u00f3mo? Esto es imposible\u2019. Presidenta la felicito, es un orgullo tener a nuestra presidenta\u201d, se\u00f1al\u00f3 el funcionario ante la propia mandataria al participar en la ma\u00f1anera de este lunes en Palacio Nacional.<\/p>\n<p>Interrogado sobre las relaciones que tendr\u00e1 con el secretario de Comercio de Estados Unidos, Howard Lutnick, Ebrard afirm\u00f3 que M\u00e9xico defender\u00e1 y presentar\u00e1 argumentos en favor de la integraci\u00f3n comercial de las naciones de Am\u00e9rica del Norte.<\/p>\n<p>\u201cVoy a hacer ese razonamiento, voy a presentar los argumentos voy a hablar en buena medida a nombre de las empresas y todo este conglomerado que son millones de trabajadores, familias, empresas, tecnolog\u00edas. M\u00e9xico va a defender esa integraci\u00f3n porque es lo que m\u00e1s nos conviene los dos pa\u00edses\u201d.<\/p>\n<p>Para empezar los di\u00e1logos con Lutnick, el funcionario mexicano dijo que se tiene que esperar a que \u00e9ste sea ratificado por el Congreso estadunidense.<\/p>\n<p>\u201cPuede ser la semana que entra. El punto medular aqu\u00ed es que la competitividad de la econom\u00eda de Estados Unidos depende en buena medida del complejo industrial que hay en M\u00e9xico, las plantas que tienen\u201d.<\/p>\n","protected":false},"excerpt":{"rendered":"<p>El secretario de Econom\u00eda, Marcelo Ebrard Casaubon, destac\u00f3 el acuerdo alcanzado entre los presidentes de M\u00e9xico y Estados Unidos, Claudia<\/p>\n","protected":false},"author":4,"featured_media":55923,"comment_status":"closed","ping_status":"closed","sticky":false,"template":"","format":"standard","meta":{"colormag_page_container_layout":"default_layout","colormag_page_sidebar_layout":"default_layout","_jetpack_memberships_contains_paid_content":false,"footnotes":"","jetpack_publicize_message":"","jetpack_publicize_feature_enabled":true,"jetpack_social_post_already_shared":false,"jetpack_social_options":{"image_generator_settings":{"template":"highway","default_image_id":0,"font":"","enabled":false},"version":2}},"categories":[33],"tags":[],"class_list":["post-55922","post","type-post","status-publish","format-standard","has-post-thumbnail","hentry","category-nacional"],"jetpack_publicize_connections":[],"jetpack_featured_media_url":"https:\/\/i0.wp.com\/politicosaldesnudo.com.mx\/wp-content\/uploads\/2025\/02\/ebrard-123650879-750x450-1.jpg?fit=750%2C450&ssl=1","jetpack-related-posts":[],"jetpack_sharing_enabled":true,"_links":{"self":[{"href":"https:\/\/politicosaldesnudo.com.mx\/index.php\/wp-json\/wp\/v2\/posts\/55922","targetHints":{"allow":["GET"]}}],"collection":[{"href":"https:\/\/politicosaldesnudo.com.mx\/index.php\/wp-json\/wp\/v2\/posts"}],"about":[{"href":"https:\/\/politicosaldesnudo.com.mx\/index.php\/wp-json\/wp\/v2\/types\/post"}],"author":[{"embeddable":true,"href":"https:\/\/politicosaldesnudo.com.mx\/index.php\/wp-json\/wp\/v2\/users\/4"}],"replies":[{"embeddable":true,"href":"https:\/\/politicosaldesnudo.com.mx\/index.php\/wp-json\/wp\/v2\/comments?post=55922"}],"version-history":[{"count":0,"href":"https:\/\/politicosaldesnudo.com.mx\/index.php\/wp-json\/wp\/v2\/posts\/55922\/revisions"}],"wp:featuredmedia":[{"embeddable":true,"href":"https:\/\/politicosaldesnudo.com.mx\/index.php\/wp-json\/wp\/v2\/media\/55923"}],"wp:attachment":[{"href":"https:\/\/politicosaldesnudo.com.mx\/index.php\/wp-json\/wp\/v2\/media?parent=55922"}],"wp:term":[{"taxonomy":"category","embeddable":true,"href":"https:\/\/politicosaldesnudo.com.mx\/index.php\/wp-json\/wp\/v2\/categories?post=55922"},{"taxonomy":"post_tag","embeddable":true,"href":"https:\/\/politicosaldesnudo.com.mx\/index.php\/wp-json\/wp\/v2\/tags?post=55922"}],"curies":[{"name":"wp","href":"https:\/\/api.w.org\/{rel}","templated":true}]}}