{"id":55934,"date":"2025-02-04T00:12:08","date_gmt":"2025-02-04T06:12:08","guid":{"rendered":"https:\/\/politicosaldesnudo.com.mx\/?p=55934"},"modified":"2025-02-03T22:34:33","modified_gmt":"2025-02-04T04:34:33","slug":"revisa-cfe-proyectos-estrategicos-para-fortalecer-sector","status":"publish","type":"post","link":"https:\/\/politicosaldesnudo.com.mx\/index.php\/2025\/02\/04\/revisa-cfe-proyectos-estrategicos-para-fortalecer-sector\/","title":{"rendered":"Revisa CFE proyectos estrat\u00e9gicos para fortalecer sector"},"content":{"rendered":"<p>El \u00e1rea de generaci\u00f3n de la Comisi\u00f3n Federal de Electricidad (CFE) se encuentra en labores de supervisi\u00f3n, atenci\u00f3n y seguimiento de sus proyectos estrat\u00e9gicos para fortalecer el sector el\u00e9ctrico.<\/p>\n<p>Por medio de un comunicado, la empresa dio a conocer que Francisco Javier Maldonado Ramos, subdirector de Negocios no Regulados de la CFE encabez\u00f3 una gira en la Cuenca del Grijalva, en Chiapas para supervisar el avance en las Centrales Hidroel\u00e9ctricas \u00c1ngel Albino Corzo \u201cPe\u00f1itas\u201d y Malpaso, mismas que se repotencian y modernizan para fortalecer la generaci\u00f3n a partir de las energ\u00edas renovables.<\/p>\n<p>De acuerdo con la CFE, tambi\u00e9n se visit\u00f3 la Central Hidroel\u00e9ctrica Manuel Moreno Torres \u201cChicoas\u00e9n\u201d y al Proyecto Hidroel\u00e9ctrico Chicoas\u00e9n II, en Chiapas.<\/p>\n<p>\u201cEl desarrollo de estos proyectos permitir\u00e1 el incremento de potencia y dar\u00e1 mayor confiabilidad al Sistema El\u00e9ctrico Nacional (SEN), mientras se salvaguarda la integridad de la infraestructura y de las comunidades ante posibles contingencias\u201d, abund\u00f3 la empresa.<\/p>\n","protected":false},"excerpt":{"rendered":"<p>El \u00e1rea de generaci\u00f3n de la Comisi\u00f3n Federal de Electricidad (CFE) se encuentra en labores de supervisi\u00f3n, atenci\u00f3n y seguimiento<\/p>\n","protected":false},"author":4,"featured_media":55935,"comment_status":"closed","ping_status":"closed","sticky":false,"template":"","format":"standard","meta":{"colormag_page_container_layout":"default_layout","colormag_page_sidebar_layout":"default_layout","_jetpack_memberships_contains_paid_content":false,"footnotes":"","jetpack_publicize_message":"","jetpack_publicize_feature_enabled":true,"jetpack_social_post_already_shared":false,"jetpack_social_options":{"image_generator_settings":{"template":"highway","default_image_id":0,"font":"","enabled":false},"version":2}},"categories":[2050],"tags":[],"class_list":["post-55934","post","type-post","status-publish","format-standard","has-post-thumbnail","hentry","category-economia"],"jetpack_publicize_connections":[],"jetpack_featured_media_url":"https:\/\/i0.wp.com\/politicosaldesnudo.com.mx\/wp-content\/uploads\/2025\/02\/cuartoscuro_585764_digital.jpeg?fit=1920%2C1280&ssl=1","jetpack-related-posts":[],"jetpack_sharing_enabled":true,"_links":{"self":[{"href":"https:\/\/politicosaldesnudo.com.mx\/index.php\/wp-json\/wp\/v2\/posts\/55934","targetHints":{"allow":["GET"]}}],"collection":[{"href":"https:\/\/politicosaldesnudo.com.mx\/index.php\/wp-json\/wp\/v2\/posts"}],"about":[{"href":"https:\/\/politicosaldesnudo.com.mx\/index.php\/wp-json\/wp\/v2\/types\/post"}],"author":[{"embeddable":true,"href":"https:\/\/politicosaldesnudo.com.mx\/index.php\/wp-json\/wp\/v2\/users\/4"}],"replies":[{"embeddable":true,"href":"https:\/\/politicosaldesnudo.com.mx\/index.php\/wp-json\/wp\/v2\/comments?post=55934"}],"version-history":[{"count":0,"href":"https:\/\/politicosaldesnudo.com.mx\/index.php\/wp-json\/wp\/v2\/posts\/55934\/revisions"}],"wp:featuredmedia":[{"embeddable":true,"href":"https:\/\/politicosaldesnudo.com.mx\/index.php\/wp-json\/wp\/v2\/media\/55935"}],"wp:attachment":[{"href":"https:\/\/politicosaldesnudo.com.mx\/index.php\/wp-json\/wp\/v2\/media?parent=55934"}],"wp:term":[{"taxonomy":"category","embeddable":true,"href":"https:\/\/politicosaldesnudo.com.mx\/index.php\/wp-json\/wp\/v2\/categories?post=55934"},{"taxonomy":"post_tag","embeddable":true,"href":"https:\/\/politicosaldesnudo.com.mx\/index.php\/wp-json\/wp\/v2\/tags?post=55934"}],"curies":[{"name":"wp","href":"https:\/\/api.w.org\/{rel}","templated":true}]}}