{"id":55940,"date":"2025-02-04T00:14:01","date_gmt":"2025-02-04T06:14:01","guid":{"rendered":"https:\/\/politicosaldesnudo.com.mx\/?p=55940"},"modified":"2025-02-03T22:38:23","modified_gmt":"2025-02-04T04:38:23","slug":"gobernadoras-y-gobernadores-respaldan-acuerdo-entre-presidenta-sheinbaum-y-trump","status":"publish","type":"post","link":"https:\/\/politicosaldesnudo.com.mx\/index.php\/2025\/02\/04\/gobernadoras-y-gobernadores-respaldan-acuerdo-entre-presidenta-sheinbaum-y-trump\/","title":{"rendered":"Gobernadoras y gobernadores respaldan acuerdo entre presidenta Sheinbaum y Trump"},"content":{"rendered":"<p lang=\"es-ES-u-co-trad\">La Conferencia Nacional de Gobernadoras y Gobernadores (CONAGO), presidida por la gobernadora de Baja California, Marina del Pilar Avila Olmeda, expresa su respaldo y benepl\u00e1cito por los acuerdos alcanzados entre la presidenta de M<span lang=\"fr-FR\">\u00e9<\/span>xico, Claudia Sheinbaum Pardo, y el presidente de los Estados Unidos, Donald J. Trump.<\/p>\n<p lang=\"es-ES-u-co-trad\">Mediante un desplegado, las y los mandatarios estatales reconocen que el di\u00e1logo y la cooperaci\u00f3n son el camino correcto para fortalecer la relaci\u00f3n bilateral entre M<span lang=\"fr-FR\">\u00e9<\/span>xico y Estados Unidos.<\/p>\n<p lang=\"es-ES-u-co-trad\">\u00abAmbas naciones comparten una historia de colaboraci\u00f3<span lang=\"fr-FR\">n, un v<\/span>\u00ed<span lang=\"pt-PT\">nculo econ<\/span>\u00f3<span lang=\"pt-PT\">mico estrat<\/span><span lang=\"fr-FR\">\u00e9<\/span>gico y una frontera din\u00e1mica que representa oportunidades de desarrollo para millones de personas en ambos lados\u00bb, se\u00f1alan.<\/p>\n<p lang=\"es-ES-u-co-trad\">La CONAGO celebra la disposici\u00f3n de ambos gobiernos para encontrar soluciones integrales a los desaf\u00edos comunes, privilegiando la diplomacia y el entendimiento mutuo, pues la estabilidad y prosperidad de Am<span lang=\"fr-FR\">\u00e9<\/span>rica del Norte dependen de la construcci\u00f3n de acuerdos que beneficien a nuestras econom\u00edas y sociedades.<\/p>\n<p lang=\"es-ES-u-co-trad\">Los miembros de la CONAGO reconocen la labor de la presidenta Claudia Sheinbaum Pardo en la conducci\u00f3n de la negociaci\u00f3n que contribuye a la estabilidad comercial, la seguridad y el bienestar de las y los mexicanos.<\/p>\n<p lang=\"es-ES-u-co-trad\">La CONAGO reafirma su convicci\u00f3n de que la construcci\u00f3n de un futuro m\u00e1<span lang=\"pt-PT\">s pr<\/span>\u00f3spero y seguro solo ser\u00e1\u00a0posible a trav<span lang=\"fr-FR\">\u00e9<\/span>s del respeto, el trabajo conjunto y un enfoque de beneficio mutuo.<\/p>\n","protected":false},"excerpt":{"rendered":"<p>La Conferencia Nacional de Gobernadoras y Gobernadores (CONAGO), presidida por la gobernadora de Baja California, Marina del Pilar Avila Olmeda,<\/p>\n","protected":false},"author":4,"featured_media":55941,"comment_status":"closed","ping_status":"closed","sticky":false,"template":"","format":"standard","meta":{"colormag_page_container_layout":"default_layout","colormag_page_sidebar_layout":"default_layout","_jetpack_memberships_contains_paid_content":false,"footnotes":"","jetpack_publicize_message":"","jetpack_publicize_feature_enabled":true,"jetpack_social_post_already_shared":false,"jetpack_social_options":{"image_generator_settings":{"template":"highway","default_image_id":0,"font":"","enabled":false},"version":2}},"categories":[30],"tags":[],"class_list":["post-55940","post","type-post","status-publish","format-standard","has-post-thumbnail","hentry","category-estados"],"jetpack_publicize_connections":[],"jetpack_featured_media_url":"https:\/\/i0.wp.com\/politicosaldesnudo.com.mx\/wp-content\/uploads\/2025\/02\/Gobernadoras-y-gobernadores-respaldan-acuerdo-entre-presidenta-Sheinbaum-y-presidente-Trump.jpg?fit=848%2C477&ssl=1","jetpack-related-posts":[],"jetpack_sharing_enabled":true,"_links":{"self":[{"href":"https:\/\/politicosaldesnudo.com.mx\/index.php\/wp-json\/wp\/v2\/posts\/55940","targetHints":{"allow":["GET"]}}],"collection":[{"href":"https:\/\/politicosaldesnudo.com.mx\/index.php\/wp-json\/wp\/v2\/posts"}],"about":[{"href":"https:\/\/politicosaldesnudo.com.mx\/index.php\/wp-json\/wp\/v2\/types\/post"}],"author":[{"embeddable":true,"href":"https:\/\/politicosaldesnudo.com.mx\/index.php\/wp-json\/wp\/v2\/users\/4"}],"replies":[{"embeddable":true,"href":"https:\/\/politicosaldesnudo.com.mx\/index.php\/wp-json\/wp\/v2\/comments?post=55940"}],"version-history":[{"count":0,"href":"https:\/\/politicosaldesnudo.com.mx\/index.php\/wp-json\/wp\/v2\/posts\/55940\/revisions"}],"wp:featuredmedia":[{"embeddable":true,"href":"https:\/\/politicosaldesnudo.com.mx\/index.php\/wp-json\/wp\/v2\/media\/55941"}],"wp:attachment":[{"href":"https:\/\/politicosaldesnudo.com.mx\/index.php\/wp-json\/wp\/v2\/media?parent=55940"}],"wp:term":[{"taxonomy":"category","embeddable":true,"href":"https:\/\/politicosaldesnudo.com.mx\/index.php\/wp-json\/wp\/v2\/categories?post=55940"},{"taxonomy":"post_tag","embeddable":true,"href":"https:\/\/politicosaldesnudo.com.mx\/index.php\/wp-json\/wp\/v2\/tags?post=55940"}],"curies":[{"name":"wp","href":"https:\/\/api.w.org\/{rel}","templated":true}]}}