{"id":55943,"date":"2025-02-04T00:15:14","date_gmt":"2025-02-04T06:15:14","guid":{"rendered":"https:\/\/politicosaldesnudo.com.mx\/?p=55943"},"modified":"2025-02-03T22:41:01","modified_gmt":"2025-02-04T04:41:01","slug":"en-edomex-ningun-joven-se-queda-sin-oportunidad-para-estudiar-gobernadora-delfina-gomez-alvarez-firma-acuerdo-bachillerato-nacional-para-todas-y-todos","status":"publish","type":"post","link":"https:\/\/politicosaldesnudo.com.mx\/index.php\/2025\/02\/04\/en-edomex-ningun-joven-se-queda-sin-oportunidad-para-estudiar-gobernadora-delfina-gomez-alvarez-firma-acuerdo-bachillerato-nacional-para-todas-y-todos\/","title":{"rendered":"En EdoM\u00e9x ning\u00fan joven se queda sin oportunidad para estudiar; Gobernadora Delfina G\u00f3mez \u00c1lvarez firma acuerdo \u00abBachillerato Nacional para Todas y Todos\u00bb"},"content":{"rendered":"<div id=\"article-content-tts\" class=\"nota-contenido mb-5\">\n<div id=\"content_nitf\">\n<p lang=\"es-ES-u-co-trad\">Para garantizar el derecho a la educaci\u00f3n media superior para las y los mexiquenses, la Gobernadora del Estado de M<span lang=\"fr-FR\">\u00e9<\/span><span lang=\"pt-PT\">xico, Delfina G<\/span>\u00f3mez\u00a0\u00c1lvarez asisti\u00f3\u00a0a la presentaci\u00f3n del Plan de Bachillerato Nacional para Todas y Todos,\u00a0\u00a1Mi derecho, mi lugar!, una iniciativa de la Presidenta Claudia Sheinbaum Pardo para que las y los j\u00f3venes tengan un lugar asegurado en preparatoria.<\/p>\n<p lang=\"es-ES-u-co-trad\">La Mandataria mexiquense firm\u00f3\u00a0como testigo de honor el acuerdo de adhesi\u00f3n, pues el Estado de M<span lang=\"fr-FR\">\u00e9<\/span>xico es la entidad con m\u00e1s estudiantes del pa\u00eds: hay 652 mil 869 alumnas y alumnos de educaci\u00f3n media superior, m\u00e1s de 41 mil docentes y m\u00e1s de dos mil escuelas que otorgan atenci\u00f3n en este nivel.<\/p>\n<p lang=\"es-ES-u-co-trad\">Con este acuerdo, que incluye instituciones educativas del Estado de M<span lang=\"fr-FR\">\u00e9<\/span>xico y de la capital del pa\u00eds, todos los estudiantes podr\u00e1n ingresar a la educaci\u00f3n media superior sin tener que realizar un examen de ingreso; asimismo, se otorgar\u00e1\u00a0un certificado\u00a0\u00fanico a nivel nacional y un certificado de estudios t<span lang=\"fr-FR\">\u00e9<\/span>cnicos.<\/p>\n<p lang=\"es-ES-u-co-trad\">Para ampliar la cobertura y atender a m\u00e1s j\u00f3venes, Mario Delgado Carrillo, Secretario de Educaci\u00f3n del Gobierno de M<span lang=\"fr-FR\">\u00e9<\/span><span lang=\"it-IT\">xico, inform<\/span>\u00f3\u00a0que, con el apoyo de la Gobernadora Delfina G\u00f3mez\u00a0\u00c1lvarez, se van a construir siete nuevas preparatorias en municipios de la zona oriente de la entidad; adem\u00e1s, diez secundarias que solo utilizan sus instalaciones durante el d\u00eda se reconvertir\u00e1n a preparatorias durante el turno vespertino.<\/p>\n<p lang=\"es-ES-u-co-trad\">A este acuerdo se sumaron Carlos Eduardo Barrera D\u00edaz, Rector de la Universidad Aut\u00f3noma del Estado de M<span lang=\"fr-FR\">\u00e9<\/span><span lang=\"pt-PT\">xico; Leonardo Lomel<\/span>\u00ed\u00a0Vanegas, Rector de la Universidad Nacional Aut\u00f3<span lang=\"pt-PT\">noma de M<\/span><span lang=\"fr-FR\">\u00e9<\/span>xico; Arturo Reyes Sandoval, Director General del Instituto Polit<span lang=\"fr-FR\">\u00e9<\/span><span lang=\"pt-PT\">cnico Nacional; Jos<\/span><span lang=\"fr-FR\">\u00e9\u00a0<\/span>Antonio de los Reyes Heredia, Rector de la Universidad Aut\u00f3<span lang=\"it-IT\">noma Metropolitana. As<\/span>\u00ed\u00a0<span lang=\"pt-PT\">como Luis Armando Gonz<\/span>\u00e1lez Placencia, Secretario General Ejecutivo de la Asociaci\u00f3n Nacional de Universidades e Instituciones de Educaci\u00f3n Superior; adem\u00e1s de Clara Brugada Molina, Jefa de Gobierno de la Ciudad de M<span lang=\"fr-FR\">\u00e9<\/span><span lang=\"pt-PT\">xico.<\/span><\/p>\n<\/div>\n<\/div>\n<div class=\"notas-relacionadas\"><\/div>\n<div class=\"nota-tags\"><\/div>\n","protected":false},"excerpt":{"rendered":"<p>Para garantizar el derecho a la educaci\u00f3n media superior para las y los mexiquenses, la Gobernadora del Estado de M\u00e9xico,<\/p>\n","protected":false},"author":4,"featured_media":55944,"comment_status":"closed","ping_status":"closed","sticky":false,"template":"","format":"standard","meta":{"colormag_page_container_layout":"default_layout","colormag_page_sidebar_layout":"default_layout","_jetpack_memberships_contains_paid_content":false,"footnotes":"","jetpack_publicize_message":"","jetpack_publicize_feature_enabled":true,"jetpack_social_post_already_shared":false,"jetpack_social_options":{"image_generator_settings":{"template":"highway","default_image_id":0,"font":"","enabled":false},"version":2}},"categories":[30],"tags":[],"class_list":["post-55943","post","type-post","status-publish","format-standard","has-post-thumbnail","hentry","category-estados"],"jetpack_publicize_connections":[],"jetpack_featured_media_url":"https:\/\/i0.wp.com\/politicosaldesnudo.com.mx\/wp-content\/uploads\/2025\/02\/WhatsApp-Image-2025-02-03-at-5.15.09-PM-1024x682-1.jpeg?fit=1024%2C682&ssl=1","jetpack-related-posts":[],"jetpack_sharing_enabled":true,"_links":{"self":[{"href":"https:\/\/politicosaldesnudo.com.mx\/index.php\/wp-json\/wp\/v2\/posts\/55943","targetHints":{"allow":["GET"]}}],"collection":[{"href":"https:\/\/politicosaldesnudo.com.mx\/index.php\/wp-json\/wp\/v2\/posts"}],"about":[{"href":"https:\/\/politicosaldesnudo.com.mx\/index.php\/wp-json\/wp\/v2\/types\/post"}],"author":[{"embeddable":true,"href":"https:\/\/politicosaldesnudo.com.mx\/index.php\/wp-json\/wp\/v2\/users\/4"}],"replies":[{"embeddable":true,"href":"https:\/\/politicosaldesnudo.com.mx\/index.php\/wp-json\/wp\/v2\/comments?post=55943"}],"version-history":[{"count":0,"href":"https:\/\/politicosaldesnudo.com.mx\/index.php\/wp-json\/wp\/v2\/posts\/55943\/revisions"}],"wp:featuredmedia":[{"embeddable":true,"href":"https:\/\/politicosaldesnudo.com.mx\/index.php\/wp-json\/wp\/v2\/media\/55944"}],"wp:attachment":[{"href":"https:\/\/politicosaldesnudo.com.mx\/index.php\/wp-json\/wp\/v2\/media?parent=55943"}],"wp:term":[{"taxonomy":"category","embeddable":true,"href":"https:\/\/politicosaldesnudo.com.mx\/index.php\/wp-json\/wp\/v2\/categories?post=55943"},{"taxonomy":"post_tag","embeddable":true,"href":"https:\/\/politicosaldesnudo.com.mx\/index.php\/wp-json\/wp\/v2\/tags?post=55943"}],"curies":[{"name":"wp","href":"https:\/\/api.w.org\/{rel}","templated":true}]}}