{"id":5597,"date":"2022-05-21T07:52:54","date_gmt":"2022-05-21T12:52:54","guid":{"rendered":"https:\/\/politicosaldesnudo.com.mx\/?p=5597"},"modified":"2022-05-21T07:52:54","modified_gmt":"2022-05-21T12:52:54","slug":"expropiacion-del-acuario-de-veracruz","status":"publish","type":"post","link":"https:\/\/politicosaldesnudo.com.mx\/index.php\/2022\/05\/21\/expropiacion-del-acuario-de-veracruz\/","title":{"rendered":"Expropiaci\u00f3n del Acuario de Veracruz"},"content":{"rendered":"<p>&nbsp;<\/p>\n<p><span style=\"font-size: 18pt;\"><strong>Por Ricardo Homs<\/strong><\/span><\/p>\n<p class=\"p1\">Muy extra\u00f1a la rapidez con que el gobierno del Estado de\u00a0Veracruz\u00a0se apropi\u00f3 del acuario, que -desde su inauguraci\u00f3n en 1992, hace treinta a\u00f1os-, fue administrado de forma impecable por un consejo de administraci\u00f3n conformado por personas honorables y muy destacadas de la sociedad veracruzana, sin intervenci\u00f3n directa de ning\u00fan tipo de autoridad gubernamental.<\/p>\n<p class=\"p1\">Quienes a lo largo de estos treinta a\u00f1os supervisaron su administraci\u00f3n, -profesionales de gran experiencia -, jam\u00e1s cobraron por participar en este consejo de tipo ciudadano. Por ello, la salud financiera del acuario siempre fue extraordinaria y transparente.<\/p>\n<p class=\"p1\">Por tanto, su rentabilidad siempre fue una tentaci\u00f3n para los gobiernos locales, -que sin embargo-, respetaron su autonom\u00eda operativa y financiera. Los ingresos del acuario siempre se utilizaron para el mantenimiento del mismo y nadie se benefici\u00f3 de ese capital. Los \u00fanicos que percib\u00edan salario eran los trabajadores y ejecutivos que se dedicaban de tiempo completo a operarlo.<\/p>\n<p class=\"p1\">De este modo el acuario logr\u00f3 generar un importante patrimonio.<\/p>\n<p class=\"p1\">Sin embargo, ahora, a treinta a\u00f1os de su inauguraci\u00f3n, -argumentando irresponsabilidad de los funcionarios a cargo del acuario en la muerte de un manat\u00ed-, el gobierno del estado public\u00f3 el decreto de desaparici\u00f3n del\u00a0fideicomiso, el cual fue dado a conocer en el n\u00famero 192 de la Gaceta Oficial del Estado de Veracruz, con car\u00e1cter de n\u00famero extraordinario. \u00bfPor qu\u00e9 la prisa?<\/p>\n<p class=\"p1\">Con toda seguridad el objetivo principal de esta expropiaci\u00f3n gubernamental con sabor a despojo para la sociedad veracruzana es la alta rentabilidad de su operaci\u00f3n, derivada de un manejo impecable de sus finanzas y honestidad de quienes han pasado por el Consejo de Administraci\u00f3n durante estos treinta a\u00f1os.<\/p>\n<p class=\"p1\">Seg\u00fan dio a conocer\u00a0Jaime Rivero Mantec\u00f3n, presidente del patronato que administr\u00f3 el acuario, el capital que ser\u00e1 entregado al gobierno del Estado de Veracruz, -correspondiente al fideicomiso-, son 120 millones de pesos.<\/p>\n<p class=\"p1\">Rivero Mantec\u00f3n explic\u00f3 tambi\u00e9n que el valor actual del acuario es de 800 millones de pesos.<\/p>\n<p class=\"p1\">Durante 30 a\u00f1os fue tan transparente la operaci\u00f3n del acuario que ten\u00edan supervisi\u00f3n continua de la Comisi\u00f3n Nacional del Agua, de la Procuradur\u00eda Federal de Protecci\u00f3n del Ambiente, de la Secretar\u00eda del Medio Ambiente y Recursos Naturales, de la Procuradur\u00eda del Medio Ambiente estatal, as\u00ed como la Secretar\u00eda de Finanzas y la Contralor\u00eda del Estado de Veracruz.<\/p>\n<p class=\"p1\">Ha trascendido en diversos medios de comunicaci\u00f3n que la ONG veracruzana Earth Mission, -dedicada a la preservaci\u00f3n ambiental-, ha informado que ese manat\u00ed falleci\u00f3 en enero de 2022 en el dragado del Rio Camar\u00f3n, -municipio de Ignacio de la Llave-, obra realizada precisamente por la PMA, la Procuradur\u00eda Estatal del Medio Ambiente y no muri\u00f3 en el acuario.<\/p>\n<p class=\"p1\">Es significativo que sea precisamente la PMA, -instituci\u00f3n del gobierno del estado-, quien acusa al Comit\u00e9 T\u00e9cnico del Acuario de Veracruz de la muerte de este ejemplar. \u00bfPor qu\u00e9 no investigar esta explicaci\u00f3n de Earth Mission antes de extinguir el fideicomiso? Si hubiese habido negligencia, ser\u00eda justo y entendible castigarla de acuerdo con la gravedad de las responsabilidades.<\/p>\n<p class=\"p1\">Sin embargo, todo parece indicar que el tema del manat\u00ed era lo de menos. Si no hubiera sido este el argumento id\u00f3neo para se\u00f1alar como irresponsable a una administraci\u00f3n de tipo privado, habr\u00edan buscado otro.<\/p>\n<p class=\"p1\">Definitivamente esta forma de llevar a cabo una expropiaci\u00f3n genera un antecedente peligroso para las instituciones que opera la sociedad civil de forma exitosa. Este modelo expropiatorio pone en riesgo a escuelas privadas, as\u00ed como a los centros de rehabilitaci\u00f3n desarrollados por\u00a0Telet\u00f3n, -denominados CRIT-, o cualquier proyecto filantr\u00f3pico de la sociedad civil.<\/p>\n<p class=\"p1\">Es urgente defender la autonom\u00eda del fideicomiso del Acuario de Veracruz, pues lo que est\u00e1 en juego es el Estado de Derecho.<\/p>\n<p class=\"p1\">CUBA\u2026 VENEZUELA Y NICARAGUA<\/p>\n<p class=\"p1\">Es evidente que lo que est\u00e1 detr\u00e1s de la defensa de estas tres naciones como participantes de la Cumbre de las Am\u00e9ricas, es un proyecto personal del presidente\u00a0L\u00f3pez Obrador: la b\u00fasqueda del liderazgo regional, para convertirse en vocero del bloque de pa\u00edses integrados en el Foro de Sao Paulo.<\/p>\n<p class=\"p1\">Convertirse en defensor de estas tres dictaduras latinoamericanas, -depredadoras de los derechos humanos-, no obstante que representa una incongruencia ideol\u00f3gica para quien se ostenta como un convencido dem\u00f3crata, tiene gran rentabilidad pol\u00edtica y electoral, pues al asumir esta postura se erige de modo natural como el defensor de los pueblos vulnerables frente a lo que los socialistas denominan el \u201cimperio yanqui\u201d.<\/p>\n<p class=\"p1\">Este fue el sue\u00f1o del presidente\u00a0Lu\u00eds Echeverr\u00eda\u00a0durante su gesti\u00f3n presidencial. Promovi\u00f3 el concepto \u201ctercer mundo\u201d para denominar a los pa\u00edses en desarrollo y convertirse en su gu\u00eda, no obstante que este t\u00e9rmino lo hab\u00eda acu\u00f1ado veinte a\u00f1os antes, -en 1952-, el economista franc\u00e9s Alfred Sauvy para denominar a los pa\u00edses que no estaban alineados ni al bloque occidental, ni al comunista.<\/p>\n<p class=\"p1\">Sin embargo, lo que hay que dejar claro es que apoyar a los gobiernos autocr\u00e1ticos de estos tres pa\u00edses significa para M\u00e9xico convertirse en c\u00f3mplice de la represi\u00f3n en contra de los pobladores y ciudadanos de estas tres naciones, a quienes estas dictaduras les han robado las m\u00e1s b\u00e1sicas de sus libertades: la de disentir de su gobierno, la de desarrollarse en busca de mejor calidad de vida, libertad para decidir por su futuro y libertad para formar un patrimonio propio.<\/p>\n<p class=\"p1\">La solidaridad con el pueblo\u2026 -el aut\u00e9ntico pueblo de estos tres pa\u00edses-, se practica luchando en contra de sus opresores, o sea de sus gobiernos.<\/p>\n<p>&nbsp;<\/p>\n<p class=\"p1\"><span style=\"font-size: 18pt;\"><strong>CUBAN\u00d3FILOS<\/strong><\/span><\/p>\n<p class=\"p1\">Es f\u00e1cil ostentarse como socialista disfrutando las comodidades de una sociedad democr\u00e1tica, que incluso permite y estimula que exista oposici\u00f3n. As\u00ed fue como la 4T lleg\u00f3 al poder, a trav\u00e9s de las oportunidades brindadas por esta imperfecta democracia que hoy representa el INE.<\/p>\n<p class=\"p1\">Si creen tanto en las bondades del gobierno cubano \u00bfPor qu\u00e9 los cuban\u00f3filos de banqueta mexicanos no se van a vivir a esos pa\u00edses, a trabajar como uno m\u00e1s de sus pobladores?&#8230; \u00bfPor qu\u00e9 siguen aqu\u00ed?<\/p>\n<p class=\"p1\">Ser\u00e1 que los legisladores morenistas salen cada noche, -despu\u00e9s de una ardua sesi\u00f3n en la C\u00e1mara de Diputados y en la de Senadores-, toman el metro en la estaci\u00f3n Central Tapo, -o suben a sus cochecitos Tsurus- y se van a descansar con sus familias en sus casas de 55 metros cuadrados de \u00e1rea habitable, como las que poseen gran parte de los trabajadores que obtienen cr\u00e9dito de Infonavit.<\/p>\n<p class=\"p1\">Ser\u00e1 que los l\u00edderes de MORENA y los legisladores de ese partido env\u00edan a sus c\u00f3nyuges e hijos para que se atienden en el ISSTE o en el IMSS y sus hijos se educan en escuelas p\u00fablicas.<\/p>\n<p class=\"p1\">Ese ser\u00eda el estilo de vida de un socialista congruente con su ideolog\u00eda. Sin embargo, por un lado alaban los postulados de izquierda, -aplauden a los dictadores que gobiernan Cuba, Venezuela y Nicaragua- y por otra viven ellos y sus familias en la opulencia que les permite este gran pa\u00eds, que se ha construido con el esfuerzo de la gente productiva, que se desenvuelve en la iniciativa privada. Es tiempo de desenmascarar esta farsa que va a terminar por empobrecer a los que hoy a\u00fan viven con comodidades, sin que esto signifique mejorar la calidad de vida de los que menos tienen.<\/p>\n<p class=\"p1\">Cuban\u00f3filos v\u00e1yanse a vivir a Cuba, donde los esperan con los brazos abiertos.<\/p>\n<p>&nbsp;<\/p>\n<p class=\"p1\"><strong><span style=\"font-size: 18pt;\">LA EXTORSI\u00d3N<\/span><\/strong><\/p>\n<p class=\"p1\">Sin juzgar si el veredicto del juez de control Felipe de Jes\u00fas Delgadillo Padierna es correcto o n\u00f3 en su decisi\u00f3n de no vincular a proceso a los abogados vinculados con Julio Scherer, quien fuera asesor jur\u00eddico del presidente\u00a0L\u00f3pez Obrador\u00a0y mantiene una disputa fuerte con el fiscal Gertz Manero, la respuesta de la FGR pone en riesgo la independencia del Poder Judicial.<\/p>\n<p class=\"p1\">Definitivamente la FGR tiene todo el derecho de inconformarse con el veredicto del juez e interponer los recursos legales que considere apropiados, pues ejercer el rol de parte acusadora es una de sus funciones dentro de la impartici\u00f3n de justicia.<\/p>\n<p class=\"p1\">Sin embargo, amenazar al juez informando que abrir\u00e1 una carpeta de investigaci\u00f3n penal en contra del juez Delgadillo, es extorsi\u00f3n para doblegarlo.<\/p>\n<p class=\"p1\">Echar abajo su decisi\u00f3n con base en argumentos jur\u00eddicos y comprobando la culpabilidad de los hasta ahora exonerados, es parte del proceso jur\u00eddico y est\u00e1 dentro de las atribuciones de la FGR. Sin embargo, intimidarlo para que sin estar de acuerdo cambie el veredicto, es extorsi\u00f3n.<\/p>\n<p class=\"p1\">Cada vez m\u00e1s queda en evidencia que esta administraci\u00f3n de la FGR restira la liga de la ilegalidad, lo cual pone en duda la autoridad moral que debe tener una instituci\u00f3n tan importante como lo es la Fiscal\u00eda General de la Rep\u00fablica.<\/p>\n<p class=\"p1\">Corresponde al Consejo de la Judicatura Federal ,-instituci\u00f3n que tiene a su cargo la administraci\u00f3n, vigilancia y disciplina del Poder Judicial de la Federaci\u00f3n-, exigir respeto para el juez y ponerle un alto a la FGR y al fiscal, pues parece que mezclan sus atribuciones institucionales con rencillas personales.<\/p>\n<p>&nbsp;<\/p>\n<p>&nbsp;<\/p>\n<p class=\"p1\"><strong><span style=\"font-size: 18pt;\">\u00bfA usted qu\u00e9 le parece?<\/span><\/strong><\/p>\n<p class=\"p1\"><strong><span style=\"font-size: 18pt;\">Facebook: @Ricardo.Homs1<\/span><\/strong><\/p>\n<p class=\"p1\"><strong><span style=\"font-size: 18pt;\">Twitter: @homsricardo<\/span><\/strong><\/p>\n<p class=\"p1\"><strong><span style=\"font-size: 18pt;\">Linkedin: Ricardo Homs<\/span><\/strong><\/p>\n<p class=\"p1\"><strong><span style=\"font-size: 18pt;\"><a href=\"http:\/\/www.ricardohoms.com\/\">www.ricardohoms.com<\/a><\/span><\/strong><\/p>\n","protected":false},"excerpt":{"rendered":"<p>&nbsp; Por Ricardo Homs Muy extra\u00f1a la rapidez con que el gobierno del Estado de\u00a0Veracruz\u00a0se apropi\u00f3 del acuario, que -desde [&hellip;]<\/p>\n","protected":false},"author":4,"featured_media":3778,"comment_status":"closed","ping_status":"closed","sticky":false,"template":"","format":"standard","meta":{"site-sidebar-layout":"default","site-content-layout":"","ast-site-content-layout":"default","site-content-style":"default","site-sidebar-style":"default","ast-global-header-display":"","ast-banner-title-visibility":"","ast-main-header-display":"","ast-hfb-above-header-display":"","ast-hfb-below-header-display":"","ast-hfb-mobile-header-display":"","site-post-title":"","ast-breadcrumbs-content":"","ast-featured-img":"","footer-sml-layout":"","ast-disable-related-posts":"","theme-transparent-header-meta":"","adv-header-id-meta":"","stick-header-meta":"","header-above-stick-meta":"","header-main-stick-meta":"","header-below-stick-meta":"","astra-migrate-meta-layouts":"default","ast-page-background-enabled":"default","ast-page-background-meta":{"desktop":{"background-color":"var(--ast-global-color-5)","background-image":"","background-repeat":"repeat","background-position":"center center","background-size":"auto","background-attachment":"scroll","background-type":"","background-media":"","overlay-type":"","overlay-color":"","overlay-opacity":"","overlay-gradient":""},"tablet":{"background-color":"","background-image":"","background-repeat":"repeat","background-position":"center center","background-size":"auto","background-attachment":"scroll","background-type":"","background-media":"","overlay-type":"","overlay-color":"","overlay-opacity":"","overlay-gradient":""},"mobile":{"background-color":"","background-image":"","background-repeat":"repeat","background-position":"center center","background-size":"auto","background-attachment":"scroll","background-type":"","background-media":"","overlay-type":"","overlay-color":"","overlay-opacity":"","overlay-gradient":""}},"ast-content-background-meta":{"desktop":{"background-color":"var(--ast-global-color-4)","background-image":"","background-repeat":"repeat","background-position":"center center","background-size":"auto","background-attachment":"scroll","background-type":"","background-media":"","overlay-type":"","overlay-color":"","overlay-opacity":"","overlay-gradient":""},"tablet":{"background-color":"var(--ast-global-color-4)","background-image":"","background-repeat":"repeat","background-position":"center center","background-size":"auto","background-attachment":"scroll","background-type":"","background-media":"","overlay-type":"","overlay-color":"","overlay-opacity":"","overlay-gradient":""},"mobile":{"background-color":"var(--ast-global-color-4)","background-image":"","background-repeat":"repeat","background-position":"center center","background-size":"auto","background-attachment":"scroll","background-type":"","background-media":"","overlay-type":"","overlay-color":"","overlay-opacity":"","overlay-gradient":""}},"_jetpack_newsletter_access":"","_jetpack_dont_email_post_to_subs":false,"_jetpack_newsletter_tier_id":0,"_jetpack_memberships_contains_paywalled_content":false,"_jetpack_feature_clip_id":0,"_jetpack_memberships_contains_paid_content":false,"footnotes":"","jetpack_publicize_message":"","jetpack_publicize_feature_enabled":true,"jetpack_social_post_already_shared":true,"jetpack_social_options":{"image_generator_settings":{"template":"highway","default_image_id":0,"font":"","enabled":false},"version":2},"jetpack_post_was_ever_published":false},"categories":[26],"tags":[],"class_list":["post-5597","post","type-post","status-publish","format-standard","has-post-thumbnail","hentry","category-columnistas"],"yoast_head":"<!-- This site is optimized with the Yoast SEO plugin v28.3 - https:\/\/yoast.com\/product\/yoast-seo-wordpress\/ -->\n<title>Expropiaci\u00f3n del Acuario de Veracruz - Pol\u00edticos al Desnudo<\/title>\n<meta name=\"robots\" content=\"index, follow, max-snippet:-1, max-image-preview:large, max-video-preview:-1\" \/>\n<link rel=\"canonical\" href=\"https:\/\/politicosaldesnudo.com.mx\/index.php\/2022\/05\/21\/expropiacion-del-acuario-de-veracruz\/\" \/>\n<meta property=\"og:locale\" content=\"es_ES\" \/>\n<meta property=\"og:type\" content=\"article\" \/>\n<meta property=\"og:title\" content=\"Expropiaci\u00f3n del Acuario de Veracruz - Pol\u00edticos al Desnudo\" \/>\n<meta property=\"og:description\" content=\"&nbsp; Por Ricardo Homs Muy extra\u00f1a la rapidez con que el gobierno del Estado de\u00a0Veracruz\u00a0se apropi\u00f3 del acuario, que -desde [&hellip;]\" \/>\n<meta property=\"og:url\" content=\"https:\/\/politicosaldesnudo.com.mx\/index.php\/2022\/05\/21\/expropiacion-del-acuario-de-veracruz\/\" \/>\n<meta property=\"og:site_name\" content=\"Pol\u00edticos al Desnudo\" \/>\n<meta property=\"article:publisher\" content=\"https:\/\/www.facebook.com\/PoliticosAD\" \/>\n<meta property=\"article:published_time\" content=\"2022-05-21T12:52:54+00:00\" \/>\n<meta property=\"og:image\" content=\"https:\/\/i0.wp.com\/politicosaldesnudo.com.mx\/wp-content\/uploads\/2022\/04\/RICARDO-HOMS.png?fit=1816%2C1016&ssl=1\" \/>\n\t<meta property=\"og:image:width\" content=\"1816\" \/>\n\t<meta property=\"og:image:height\" content=\"1016\" \/>\n\t<meta property=\"og:image:type\" content=\"image\/png\" \/>\n<meta name=\"author\" content=\"Redacci\u00f3n Pol\u00edticos\" \/>\n<meta name=\"twitter:card\" content=\"summary_large_image\" \/>\n<meta name=\"twitter:label1\" content=\"Escrito por\" \/>\n\t<meta name=\"twitter:data1\" content=\"Redacci\u00f3n Pol\u00edticos\" \/>\n\t<meta name=\"twitter:label2\" content=\"Tiempo de lectura\" \/>\n\t<meta name=\"twitter:data2\" content=\"8 minutos\" \/>\n<script type=\"application\/ld+json\" class=\"yoast-schema-graph\">{\"@context\":\"https:\\\/\\\/schema.org\",\"@graph\":[{\"@type\":\"Article\",\"@id\":\"https:\\\/\\\/politicosaldesnudo.com.mx\\\/index.php\\\/2022\\\/05\\\/21\\\/expropiacion-del-acuario-de-veracruz\\\/#article\",\"isPartOf\":{\"@id\":\"https:\\\/\\\/politicosaldesnudo.com.mx\\\/index.php\\\/2022\\\/05\\\/21\\\/expropiacion-del-acuario-de-veracruz\\\/\"},\"author\":{\"name\":\"Redacci\u00f3n Pol\u00edticos\",\"@id\":\"https:\\\/\\\/politicosaldesnudo.com.mx\\\/#\\\/schema\\\/person\\\/ef3a64e561cc3f3f5dc52fab81adde7e\"},\"headline\":\"Expropiaci\u00f3n del Acuario de Veracruz\",\"datePublished\":\"2022-05-21T12:52:54+00:00\",\"mainEntityOfPage\":{\"@id\":\"https:\\\/\\\/politicosaldesnudo.com.mx\\\/index.php\\\/2022\\\/05\\\/21\\\/expropiacion-del-acuario-de-veracruz\\\/\"},\"wordCount\":1603,\"publisher\":{\"@id\":\"https:\\\/\\\/politicosaldesnudo.com.mx\\\/#organization\"},\"image\":{\"@id\":\"https:\\\/\\\/politicosaldesnudo.com.mx\\\/index.php\\\/2022\\\/05\\\/21\\\/expropiacion-del-acuario-de-veracruz\\\/#primaryimage\"},\"thumbnailUrl\":\"https:\\\/\\\/i0.wp.com\\\/politicosaldesnudo.com.mx\\\/wp-content\\\/uploads\\\/2022\\\/04\\\/RICARDO-HOMS.png?fit=1816%2C1016&ssl=1\",\"articleSection\":[\"OPINI\u00d3N\"],\"inLanguage\":\"es\"},{\"@type\":\"WebPage\",\"@id\":\"https:\\\/\\\/politicosaldesnudo.com.mx\\\/index.php\\\/2022\\\/05\\\/21\\\/expropiacion-del-acuario-de-veracruz\\\/\",\"url\":\"https:\\\/\\\/politicosaldesnudo.com.mx\\\/index.php\\\/2022\\\/05\\\/21\\\/expropiacion-del-acuario-de-veracruz\\\/\",\"name\":\"Expropiaci\u00f3n del Acuario de Veracruz - Pol\u00edticos al Desnudo\",\"isPartOf\":{\"@id\":\"https:\\\/\\\/politicosaldesnudo.com.mx\\\/#website\"},\"primaryImageOfPage\":{\"@id\":\"https:\\\/\\\/politicosaldesnudo.com.mx\\\/index.php\\\/2022\\\/05\\\/21\\\/expropiacion-del-acuario-de-veracruz\\\/#primaryimage\"},\"image\":{\"@id\":\"https:\\\/\\\/politicosaldesnudo.com.mx\\\/index.php\\\/2022\\\/05\\\/21\\\/expropiacion-del-acuario-de-veracruz\\\/#primaryimage\"},\"thumbnailUrl\":\"https:\\\/\\\/i0.wp.com\\\/politicosaldesnudo.com.mx\\\/wp-content\\\/uploads\\\/2022\\\/04\\\/RICARDO-HOMS.png?fit=1816%2C1016&ssl=1\",\"datePublished\":\"2022-05-21T12:52:54+00:00\",\"breadcrumb\":{\"@id\":\"https:\\\/\\\/politicosaldesnudo.com.mx\\\/index.php\\\/2022\\\/05\\\/21\\\/expropiacion-del-acuario-de-veracruz\\\/#breadcrumb\"},\"inLanguage\":\"es\",\"potentialAction\":[{\"@type\":\"ReadAction\",\"target\":[\"https:\\\/\\\/politicosaldesnudo.com.mx\\\/index.php\\\/2022\\\/05\\\/21\\\/expropiacion-del-acuario-de-veracruz\\\/\"]}]},{\"@type\":\"ImageObject\",\"inLanguage\":\"es\",\"@id\":\"https:\\\/\\\/politicosaldesnudo.com.mx\\\/index.php\\\/2022\\\/05\\\/21\\\/expropiacion-del-acuario-de-veracruz\\\/#primaryimage\",\"url\":\"https:\\\/\\\/i0.wp.com\\\/politicosaldesnudo.com.mx\\\/wp-content\\\/uploads\\\/2022\\\/04\\\/RICARDO-HOMS.png?fit=1816%2C1016&ssl=1\",\"contentUrl\":\"https:\\\/\\\/i0.wp.com\\\/politicosaldesnudo.com.mx\\\/wp-content\\\/uploads\\\/2022\\\/04\\\/RICARDO-HOMS.png?fit=1816%2C1016&ssl=1\",\"width\":1816,\"height\":1016},{\"@type\":\"BreadcrumbList\",\"@id\":\"https:\\\/\\\/politicosaldesnudo.com.mx\\\/index.php\\\/2022\\\/05\\\/21\\\/expropiacion-del-acuario-de-veracruz\\\/#breadcrumb\",\"itemListElement\":[{\"@type\":\"ListItem\",\"position\":1,\"name\":\"Portada\",\"item\":\"https:\\\/\\\/politicosaldesnudo.com.mx\\\/\"},{\"@type\":\"ListItem\",\"position\":2,\"name\":\"Expropiaci\u00f3n del Acuario de Veracruz\"}]},{\"@type\":\"WebSite\",\"@id\":\"https:\\\/\\\/politicosaldesnudo.com.mx\\\/#website\",\"url\":\"https:\\\/\\\/politicosaldesnudo.com.mx\\\/\",\"name\":\"Pol\u00edticos al Desnudo\",\"description\":\"\",\"publisher\":{\"@id\":\"https:\\\/\\\/politicosaldesnudo.com.mx\\\/#organization\"},\"potentialAction\":[{\"@type\":\"SearchAction\",\"target\":{\"@type\":\"EntryPoint\",\"urlTemplate\":\"https:\\\/\\\/politicosaldesnudo.com.mx\\\/?s={search_term_string}\"},\"query-input\":{\"@type\":\"PropertyValueSpecification\",\"valueRequired\":true,\"valueName\":\"search_term_string\"}}],\"inLanguage\":\"es\"},{\"@type\":\"Organization\",\"@id\":\"https:\\\/\\\/politicosaldesnudo.com.mx\\\/#organization\",\"name\":\"Pol\u00edticos al Desnudo\",\"url\":\"https:\\\/\\\/politicosaldesnudo.com.mx\\\/\",\"logo\":{\"@type\":\"ImageObject\",\"inLanguage\":\"es\",\"@id\":\"https:\\\/\\\/politicosaldesnudo.com.mx\\\/#\\\/schema\\\/logo\\\/image\\\/\",\"url\":\"https:\\\/\\\/i0.wp.com\\\/politicosaldesnudo.com.mx\\\/wp-content\\\/uploads\\\/2026\\\/08\\\/cropped-logo.webp?fit=400%2C126&ssl=1\",\"contentUrl\":\"https:\\\/\\\/i0.wp.com\\\/politicosaldesnudo.com.mx\\\/wp-content\\\/uploads\\\/2026\\\/08\\\/cropped-logo.webp?fit=400%2C126&ssl=1\",\"width\":400,\"height\":126,\"caption\":\"Pol\u00edticos al Desnudo\"},\"image\":{\"@id\":\"https:\\\/\\\/politicosaldesnudo.com.mx\\\/#\\\/schema\\\/logo\\\/image\\\/\"},\"sameAs\":[\"https:\\\/\\\/www.facebook.com\\\/PoliticosAD\"]},{\"@type\":\"Person\",\"@id\":\"https:\\\/\\\/politicosaldesnudo.com.mx\\\/#\\\/schema\\\/person\\\/ef3a64e561cc3f3f5dc52fab81adde7e\",\"name\":\"Redacci\u00f3n Pol\u00edticos\",\"url\":\"https:\\\/\\\/politicosaldesnudo.com.mx\\\/index.php\\\/author\\\/redaccion-politicos\\\/\"}]}<\/script>\n<!-- \/ Yoast SEO plugin. -->","yoast_head_json":{"title":"Expropiaci\u00f3n del Acuario de Veracruz - Pol\u00edticos al Desnudo","robots":{"index":"index","follow":"follow","max-snippet":"max-snippet:-1","max-image-preview":"max-image-preview:large","max-video-preview":"max-video-preview:-1"},"canonical":"https:\/\/politicosaldesnudo.com.mx\/index.php\/2022\/05\/21\/expropiacion-del-acuario-de-veracruz\/","og_locale":"es_ES","og_type":"article","og_title":"Expropiaci\u00f3n del Acuario de Veracruz - Pol\u00edticos al Desnudo","og_description":"&nbsp; Por Ricardo Homs Muy extra\u00f1a la rapidez con que el gobierno del Estado de\u00a0Veracruz\u00a0se apropi\u00f3 del acuario, que -desde [&hellip;]","og_url":"https:\/\/politicosaldesnudo.com.mx\/index.php\/2022\/05\/21\/expropiacion-del-acuario-de-veracruz\/","og_site_name":"Pol\u00edticos al Desnudo","article_publisher":"https:\/\/www.facebook.com\/PoliticosAD","article_published_time":"2022-05-21T12:52:54+00:00","og_image":[{"width":1816,"height":1016,"url":"https:\/\/i0.wp.com\/politicosaldesnudo.com.mx\/wp-content\/uploads\/2022\/04\/RICARDO-HOMS.png?fit=1816%2C1016&ssl=1","type":"image\/png"}],"author":"Redacci\u00f3n Pol\u00edticos","twitter_card":"summary_large_image","twitter_misc":{"Escrito por":"Redacci\u00f3n Pol\u00edticos","Tiempo de lectura":"8 minutos"},"schema":{"@context":"https:\/\/schema.org","@graph":[{"@type":"Article","@id":"https:\/\/politicosaldesnudo.com.mx\/index.php\/2022\/05\/21\/expropiacion-del-acuario-de-veracruz\/#article","isPartOf":{"@id":"https:\/\/politicosaldesnudo.com.mx\/index.php\/2022\/05\/21\/expropiacion-del-acuario-de-veracruz\/"},"author":{"name":"Redacci\u00f3n Pol\u00edticos","@id":"https:\/\/politicosaldesnudo.com.mx\/#\/schema\/person\/ef3a64e561cc3f3f5dc52fab81adde7e"},"headline":"Expropiaci\u00f3n del Acuario de Veracruz","datePublished":"2022-05-21T12:52:54+00:00","mainEntityOfPage":{"@id":"https:\/\/politicosaldesnudo.com.mx\/index.php\/2022\/05\/21\/expropiacion-del-acuario-de-veracruz\/"},"wordCount":1603,"publisher":{"@id":"https:\/\/politicosaldesnudo.com.mx\/#organization"},"image":{"@id":"https:\/\/politicosaldesnudo.com.mx\/index.php\/2022\/05\/21\/expropiacion-del-acuario-de-veracruz\/#primaryimage"},"thumbnailUrl":"https:\/\/i0.wp.com\/politicosaldesnudo.com.mx\/wp-content\/uploads\/2022\/04\/RICARDO-HOMS.png?fit=1816%2C1016&ssl=1","articleSection":["OPINI\u00d3N"],"inLanguage":"es"},{"@type":"WebPage","@id":"https:\/\/politicosaldesnudo.com.mx\/index.php\/2022\/05\/21\/expropiacion-del-acuario-de-veracruz\/","url":"https:\/\/politicosaldesnudo.com.mx\/index.php\/2022\/05\/21\/expropiacion-del-acuario-de-veracruz\/","name":"Expropiaci\u00f3n del Acuario de Veracruz - Pol\u00edticos al Desnudo","isPartOf":{"@id":"https:\/\/politicosaldesnudo.com.mx\/#website"},"primaryImageOfPage":{"@id":"https:\/\/politicosaldesnudo.com.mx\/index.php\/2022\/05\/21\/expropiacion-del-acuario-de-veracruz\/#primaryimage"},"image":{"@id":"https:\/\/politicosaldesnudo.com.mx\/index.php\/2022\/05\/21\/expropiacion-del-acuario-de-veracruz\/#primaryimage"},"thumbnailUrl":"https:\/\/i0.wp.com\/politicosaldesnudo.com.mx\/wp-content\/uploads\/2022\/04\/RICARDO-HOMS.png?fit=1816%2C1016&ssl=1","datePublished":"2022-05-21T12:52:54+00:00","breadcrumb":{"@id":"https:\/\/politicosaldesnudo.com.mx\/index.php\/2022\/05\/21\/expropiacion-del-acuario-de-veracruz\/#breadcrumb"},"inLanguage":"es","potentialAction":[{"@type":"ReadAction","target":["https:\/\/politicosaldesnudo.com.mx\/index.php\/2022\/05\/21\/expropiacion-del-acuario-de-veracruz\/"]}]},{"@type":"ImageObject","inLanguage":"es","@id":"https:\/\/politicosaldesnudo.com.mx\/index.php\/2022\/05\/21\/expropiacion-del-acuario-de-veracruz\/#primaryimage","url":"https:\/\/i0.wp.com\/politicosaldesnudo.com.mx\/wp-content\/uploads\/2022\/04\/RICARDO-HOMS.png?fit=1816%2C1016&ssl=1","contentUrl":"https:\/\/i0.wp.com\/politicosaldesnudo.com.mx\/wp-content\/uploads\/2022\/04\/RICARDO-HOMS.png?fit=1816%2C1016&ssl=1","width":1816,"height":1016},{"@type":"BreadcrumbList","@id":"https:\/\/politicosaldesnudo.com.mx\/index.php\/2022\/05\/21\/expropiacion-del-acuario-de-veracruz\/#breadcrumb","itemListElement":[{"@type":"ListItem","position":1,"name":"Portada","item":"https:\/\/politicosaldesnudo.com.mx\/"},{"@type":"ListItem","position":2,"name":"Expropiaci\u00f3n del Acuario de Veracruz"}]},{"@type":"WebSite","@id":"https:\/\/politicosaldesnudo.com.mx\/#website","url":"https:\/\/politicosaldesnudo.com.mx\/","name":"Pol\u00edticos al Desnudo","description":"","publisher":{"@id":"https:\/\/politicosaldesnudo.com.mx\/#organization"},"potentialAction":[{"@type":"SearchAction","target":{"@type":"EntryPoint","urlTemplate":"https:\/\/politicosaldesnudo.com.mx\/?s={search_term_string}"},"query-input":{"@type":"PropertyValueSpecification","valueRequired":true,"valueName":"search_term_string"}}],"inLanguage":"es"},{"@type":"Organization","@id":"https:\/\/politicosaldesnudo.com.mx\/#organization","name":"Pol\u00edticos al Desnudo","url":"https:\/\/politicosaldesnudo.com.mx\/","logo":{"@type":"ImageObject","inLanguage":"es","@id":"https:\/\/politicosaldesnudo.com.mx\/#\/schema\/logo\/image\/","url":"https:\/\/i0.wp.com\/politicosaldesnudo.com.mx\/wp-content\/uploads\/2026\/08\/cropped-logo.webp?fit=400%2C126&ssl=1","contentUrl":"https:\/\/i0.wp.com\/politicosaldesnudo.com.mx\/wp-content\/uploads\/2026\/08\/cropped-logo.webp?fit=400%2C126&ssl=1","width":400,"height":126,"caption":"Pol\u00edticos al Desnudo"},"image":{"@id":"https:\/\/politicosaldesnudo.com.mx\/#\/schema\/logo\/image\/"},"sameAs":["https:\/\/www.facebook.com\/PoliticosAD"]},{"@type":"Person","@id":"https:\/\/politicosaldesnudo.com.mx\/#\/schema\/person\/ef3a64e561cc3f3f5dc52fab81adde7e","name":"Redacci\u00f3n Pol\u00edticos","url":"https:\/\/politicosaldesnudo.com.mx\/index.php\/author\/redaccion-politicos\/"}]}},"jetpack_publicize_connections":[],"jetpack-related-posts":[{"id":87055,"url":"https:\/\/politicosaldesnudo.com.mx\/index.php\/2026\/07\/20\/la-pension-una-promesa-que-tarda-treinta-anos-en-cumplirse\/","url_meta":{"origin":5597,"position":0},"title":"La pensi\u00f3n: una promesa que tarda treinta a\u00f1os en cumplirse","author":"Redacci\u00f3n Pol\u00edticos","date":"20 de julio de 2026","format":false,"excerpt":"\u201cQuien tiene la voluntad tiene la fuerza\u201d. \u2013 Menandro. \u00a0 Los sistemas de pensiones representan uno de los mayores desaf\u00edos financieros que enfrentan los gobiernos modernos. A diferencia de una carretera, un hospital o una obra p\u00fablica, cuyos resultados pueden medirse en cuesti\u00f3n de meses, un sistema pensionario s\u00f3lo demuestra\u2026","rel":"","context":"En \u00abOPINI\u00d3N\u00bb","block_context":{"text":"OPINI\u00d3N","link":"https:\/\/politicosaldesnudo.com.mx\/index.php\/category\/columnistas\/"},"img":{"alt_text":"","src":"https:\/\/i0.wp.com\/politicosaldesnudo.com.mx\/wp-content\/uploads\/2026\/01\/BANNER-BAQUEIRO.jpg?fit=666%2C371&ssl=1&resize=350%2C200","width":350,"height":200,"srcset":"https:\/\/i0.wp.com\/politicosaldesnudo.com.mx\/wp-content\/uploads\/2026\/01\/BANNER-BAQUEIRO.jpg?fit=666%2C371&ssl=1&resize=350%2C200 1x, https:\/\/i0.wp.com\/politicosaldesnudo.com.mx\/wp-content\/uploads\/2026\/01\/BANNER-BAQUEIRO.jpg?fit=666%2C371&ssl=1&resize=525%2C300 1.5x"},"classes":[]},{"id":88045,"url":"https:\/\/politicosaldesnudo.com.mx\/index.php\/2026\/08\/24\/veracruz-reduce-casi-5-mil-millones-de-pesos-de-su-deuda-bancaria\/","url_meta":{"origin":5597,"position":1},"title":"Veracruz reduce casi 5 mil millones de pesos de su deuda bancaria","author":"Redacci\u00f3n Pol\u00edticos","date":"24 de agosto de 2026","format":false,"excerpt":"Xalapa, Ver.- El saldo de los cr\u00e9ditos bancarios contratados por el Gobierno de Veracruz se ubica actualmente en alrededor de 43 mil millones de pesos, despu\u00e9s de que la administraci\u00f3n estatal destinara cerca de 5 mil millones al pago de estos compromisos, inform\u00f3 la gobernadora Roc\u00edo Nahle Garc\u00eda. Al presentar\u2026","rel":"","context":"En \u00abESTADOS\u00bb","block_context":{"text":"ESTADOS","link":"https:\/\/politicosaldesnudo.com.mx\/index.php\/category\/estados\/"},"img":{"alt_text":"","src":"https:\/\/i0.wp.com\/politicosaldesnudo.com.mx\/wp-content\/uploads\/2026\/08\/nahle-1.png?fit=985%2C533&ssl=1&resize=350%2C200","width":350,"height":200,"srcset":"https:\/\/i0.wp.com\/politicosaldesnudo.com.mx\/wp-content\/uploads\/2026\/08\/nahle-1.png?fit=985%2C533&ssl=1&resize=350%2C200 1x, https:\/\/i0.wp.com\/politicosaldesnudo.com.mx\/wp-content\/uploads\/2026\/08\/nahle-1.png?fit=985%2C533&ssl=1&resize=525%2C300 1.5x, https:\/\/i0.wp.com\/politicosaldesnudo.com.mx\/wp-content\/uploads\/2026\/08\/nahle-1.png?fit=985%2C533&ssl=1&resize=700%2C400 2x"},"classes":[]},{"id":88285,"url":"https:\/\/politicosaldesnudo.com.mx\/index.php\/2026\/09\/01\/que-los-enfermos-esperen\/","url_meta":{"origin":5597,"position":2},"title":"Que los enfermos esperen","author":"Redacci\u00f3n Pol\u00edticos","date":"1 de septiembre de 2026","format":false,"excerpt":"R\u00fabrica Por Aurelio Contreras Moreno Algo muy grave est\u00e1 sucediendo con el manejo del dinero p\u00fablico en Veracruz. Y no se trata solamente de gastar mucho, gastar mal o de las prioridades cuestionables de una administraci\u00f3n. El problema de fondo es otro: la opacidad, el desorden administrativo y la ausencia\u2026","rel":"","context":"En \u00abOPINI\u00d3N\u00bb","block_context":{"text":"OPINI\u00d3N","link":"https:\/\/politicosaldesnudo.com.mx\/index.php\/category\/columnistas\/"},"img":{"alt_text":"","src":"https:\/\/i0.wp.com\/politicosaldesnudo.com.mx\/wp-content\/uploads\/2026\/09\/RUBRICA-0109.png?fit=1200%2C659&ssl=1&resize=350%2C200","width":350,"height":200,"srcset":"https:\/\/i0.wp.com\/politicosaldesnudo.com.mx\/wp-content\/uploads\/2026\/09\/RUBRICA-0109.png?fit=1200%2C659&ssl=1&resize=350%2C200 1x, https:\/\/i0.wp.com\/politicosaldesnudo.com.mx\/wp-content\/uploads\/2026\/09\/RUBRICA-0109.png?fit=1200%2C659&ssl=1&resize=525%2C300 1.5x, https:\/\/i0.wp.com\/politicosaldesnudo.com.mx\/wp-content\/uploads\/2026\/09\/RUBRICA-0109.png?fit=1200%2C659&ssl=1&resize=700%2C400 2x, https:\/\/i0.wp.com\/politicosaldesnudo.com.mx\/wp-content\/uploads\/2026\/09\/RUBRICA-0109.png?fit=1200%2C659&ssl=1&resize=1050%2C600 3x"},"classes":[]},{"id":88291,"url":"https:\/\/politicosaldesnudo.com.mx\/index.php\/2026\/09\/02\/nahle-ordena-reducir-sueldazo-de-sobrina-de-amlo-en-veracruz\/","url_meta":{"origin":5597,"position":3},"title":"Nahle ordena reducir \u201csueldazo\u201d de sobrina de AMLO en Veracruz","author":"Redacci\u00f3n Pol\u00edticos","date":"2 de septiembre de 2026","format":false,"excerpt":"La gobernadora neg\u00f3 que exista nepotismo en su administraci\u00f3n, pero reconoci\u00f3 que la percepci\u00f3n econ\u00f3mica de Erandi L\u00f3pez Herrer\u00eda resultaba excesiva. Xalapa, Ver.\u2014 La pol\u00e9mica por la presencia de familiares del expresidente Andr\u00e9s Manuel L\u00f3pez Obrador en el Gobierno de Veracruz escal\u00f3 luego de que Roc\u00edo Nahle ordenara revisar y\u2026","rel":"","context":"En \u00abESTADOS\u00bb","block_context":{"text":"ESTADOS","link":"https:\/\/politicosaldesnudo.com.mx\/index.php\/category\/estados\/"},"img":{"alt_text":"","src":"https:\/\/i0.wp.com\/politicosaldesnudo.com.mx\/wp-content\/uploads\/2026\/09\/Afiliaciones-de-Morena-1140x544-1.jpg?fit=1140%2C544&ssl=1&resize=350%2C200","width":350,"height":200,"srcset":"https:\/\/i0.wp.com\/politicosaldesnudo.com.mx\/wp-content\/uploads\/2026\/09\/Afiliaciones-de-Morena-1140x544-1.jpg?fit=1140%2C544&ssl=1&resize=350%2C200 1x, https:\/\/i0.wp.com\/politicosaldesnudo.com.mx\/wp-content\/uploads\/2026\/09\/Afiliaciones-de-Morena-1140x544-1.jpg?fit=1140%2C544&ssl=1&resize=525%2C300 1.5x, https:\/\/i0.wp.com\/politicosaldesnudo.com.mx\/wp-content\/uploads\/2026\/09\/Afiliaciones-de-Morena-1140x544-1.jpg?fit=1140%2C544&ssl=1&resize=700%2C400 2x, https:\/\/i0.wp.com\/politicosaldesnudo.com.mx\/wp-content\/uploads\/2026\/09\/Afiliaciones-de-Morena-1140x544-1.jpg?fit=1140%2C544&ssl=1&resize=1050%2C600 3x"},"classes":[]},{"id":88250,"url":"https:\/\/politicosaldesnudo.com.mx\/index.php\/2026\/09\/01\/familiares-de-lopez-obrador-ocupan-cargos-en-el-gobierno-de-veracruz-ahued-descarta-irregularidades\/","url_meta":{"origin":5597,"position":4},"title":"Familiares de L\u00f3pez Obrador ocupan cargos en el Gobierno de Veracruz; Ahued descarta irregularidades","author":"Redacci\u00f3n Pol\u00edticos","date":"1 de septiembre de 2026","format":false,"excerpt":"Tres sobrinos del expresidente Andr\u00e9s Manuel L\u00f3pez Obrador y el esposo de una de ellos forman parte de la administraci\u00f3n p\u00fablica de Veracruz, confirm\u00f3 el secretario de Gobierno estatal, Ricardo Ahued Bardahuil. Se trata de los hijos de Arturo L\u00f3pez Obrador, hermano del exmandatario federal, quienes desempe\u00f1an diferentes responsabilidades dentro\u2026","rel":"","context":"En \u00abESTADOS\u00bb","block_context":{"text":"ESTADOS","link":"https:\/\/politicosaldesnudo.com.mx\/index.php\/category\/estados\/"},"img":{"alt_text":"","src":"https:\/\/i0.wp.com\/politicosaldesnudo.com.mx\/wp-content\/uploads\/2026\/09\/ChatGPT-Image-2-sept-2026-00_30_01.png?fit=1200%2C675&ssl=1&resize=350%2C200","width":350,"height":200,"srcset":"https:\/\/i0.wp.com\/politicosaldesnudo.com.mx\/wp-content\/uploads\/2026\/09\/ChatGPT-Image-2-sept-2026-00_30_01.png?fit=1200%2C675&ssl=1&resize=350%2C200 1x, https:\/\/i0.wp.com\/politicosaldesnudo.com.mx\/wp-content\/uploads\/2026\/09\/ChatGPT-Image-2-sept-2026-00_30_01.png?fit=1200%2C675&ssl=1&resize=525%2C300 1.5x, https:\/\/i0.wp.com\/politicosaldesnudo.com.mx\/wp-content\/uploads\/2026\/09\/ChatGPT-Image-2-sept-2026-00_30_01.png?fit=1200%2C675&ssl=1&resize=700%2C400 2x, https:\/\/i0.wp.com\/politicosaldesnudo.com.mx\/wp-content\/uploads\/2026\/09\/ChatGPT-Image-2-sept-2026-00_30_01.png?fit=1200%2C675&ssl=1&resize=1050%2C600 3x"},"classes":[]},{"id":88131,"url":"https:\/\/politicosaldesnudo.com.mx\/index.php\/2026\/08\/28\/corrupcion-bajo-la-lupa-en-veracruz-96-investigaciones-y-apenas-11-sanciones\/","url_meta":{"origin":5597,"position":5},"title":"Corrupci\u00f3n bajo la lupa en Veracruz: 96 investigaciones y apenas 11 sanciones","author":"Redacci\u00f3n Pol\u00edticos","date":"28 de agosto de 2026","format":false,"excerpt":"La detecci\u00f3n de posibles actos de corrupci\u00f3n en Veracruz no siempre se traduce en castigos. Aunque las autoridades fiscalizadoras reportaron 96 investigaciones por faltas administrativas graves, el balance disponible registra \u00fanicamente nueve resoluciones definitivas y 11 sanciones. Las cifras forman parte de un estudio presentado por Transparencia Mexicana, elaborado con\u2026","rel":"","context":"En \u00abESTADOS\u00bb","block_context":{"text":"ESTADOS","link":"https:\/\/politicosaldesnudo.com.mx\/index.php\/category\/estados\/"},"img":{"alt_text":"","src":"https:\/\/i0.wp.com\/politicosaldesnudo.com.mx\/wp-content\/uploads\/2026\/08\/juz.jpg?fit=1200%2C800&ssl=1&resize=350%2C200","width":350,"height":200,"srcset":"https:\/\/i0.wp.com\/politicosaldesnudo.com.mx\/wp-content\/uploads\/2026\/08\/juz.jpg?fit=1200%2C800&ssl=1&resize=350%2C200 1x, https:\/\/i0.wp.com\/politicosaldesnudo.com.mx\/wp-content\/uploads\/2026\/08\/juz.jpg?fit=1200%2C800&ssl=1&resize=525%2C300 1.5x, https:\/\/i0.wp.com\/politicosaldesnudo.com.mx\/wp-content\/uploads\/2026\/08\/juz.jpg?fit=1200%2C800&ssl=1&resize=700%2C400 2x, https:\/\/i0.wp.com\/politicosaldesnudo.com.mx\/wp-content\/uploads\/2026\/08\/juz.jpg?fit=1200%2C800&ssl=1&resize=1050%2C600 3x"},"classes":[]}],"jetpack_sharing_enabled":true,"jetpack_featured_media_url":"https:\/\/i0.wp.com\/politicosaldesnudo.com.mx\/wp-content\/uploads\/2022\/04\/RICARDO-HOMS.png?fit=1816%2C1016&ssl=1","_links":{"self":[{"href":"https:\/\/politicosaldesnudo.com.mx\/index.php\/wp-json\/wp\/v2\/posts\/5597","targetHints":{"allow":["GET"]}}],"collection":[{"href":"https:\/\/politicosaldesnudo.com.mx\/index.php\/wp-json\/wp\/v2\/posts"}],"about":[{"href":"https:\/\/politicosaldesnudo.com.mx\/index.php\/wp-json\/wp\/v2\/types\/post"}],"author":[{"embeddable":true,"href":"https:\/\/politicosaldesnudo.com.mx\/index.php\/wp-json\/wp\/v2\/users\/4"}],"replies":[{"embeddable":true,"href":"https:\/\/politicosaldesnudo.com.mx\/index.php\/wp-json\/wp\/v2\/comments?post=5597"}],"version-history":[{"count":0,"href":"https:\/\/politicosaldesnudo.com.mx\/index.php\/wp-json\/wp\/v2\/posts\/5597\/revisions"}],"wp:featuredmedia":[{"embeddable":true,"href":"https:\/\/politicosaldesnudo.com.mx\/index.php\/wp-json\/wp\/v2\/media\/3778"}],"wp:attachment":[{"href":"https:\/\/politicosaldesnudo.com.mx\/index.php\/wp-json\/wp\/v2\/media?parent=5597"}],"wp:term":[{"taxonomy":"category","embeddable":true,"href":"https:\/\/politicosaldesnudo.com.mx\/index.php\/wp-json\/wp\/v2\/categories?post=5597"},{"taxonomy":"post_tag","embeddable":true,"href":"https:\/\/politicosaldesnudo.com.mx\/index.php\/wp-json\/wp\/v2\/tags?post=5597"}],"curies":[{"name":"wp","href":"https:\/\/api.w.org\/{rel}","templated":true}]}}