{"id":56101,"date":"2025-02-06T00:17:21","date_gmt":"2025-02-06T06:17:21","guid":{"rendered":"https:\/\/politicosaldesnudo.com.mx\/?p=56101"},"modified":"2025-02-05T21:58:53","modified_gmt":"2025-02-06T03:58:53","slug":"argentina-se-retira-de-la-oms-anuncia-milei","status":"publish","type":"post","link":"https:\/\/politicosaldesnudo.com.mx\/index.php\/2025\/02\/06\/argentina-se-retira-de-la-oms-anuncia-milei\/","title":{"rendered":"Argentina se retira de la OMS, anuncia Milei"},"content":{"rendered":"<p class=\"western\">Nuevamente el presidente ultraderechista Javier Milei sorprendi\u00f3 al pa\u00eds, aludiendo a la necesidad de defender \u201cla soberan\u00eda sanitaria\u201d al anunciar este mi\u00e9rcoles que Argentina se retira de la Organizaci\u00f3n Mundial de la Salud (OMS) al alegar las \u00abprofundas diferencias\u00bb sobre la gesti\u00f3n sanitaria durante la pandemia del covid-19 adem\u00e1s del impacto financiero que supone ser miembro del organismo, lo que gener\u00f3 una reacci\u00f3n inmediata de cient\u00edficos, m\u00e9dicos, personal de salud y otras entidades que advirtieron las graves consecuencias que esta decisi\u00f3n, y sosteniendo que esta medida parece haber sido tomada imitando lo actuado por su par de Estados Unidos, Donald Trump.<\/p>\n<p class=\"western\">En sus mensajes en redes sociales, Milei responsabiliz\u00f3 a ese organismo de ser \u00abide\u00f3logos de la cuarentena \u201ccavern\u00edcola\u201d durante la pandemia del coronavirus. En los argumentos citados por el vocero presidencial, Manuel Adorni dijo la salida de Argentina de la OMS le permitir\u00e1 al gobierno \u201cmayor flexibilidad para adoptar pol\u00edticas\u201d en materia de salud\u201d, y \u201cno vamos a permitir que un organismo internacional intervenga en nuestra soberan\u00eda, mucho menos en nuestra salud\u201d poniendo en evidencia que en realidad no conoce los reglamentos de ese organismo que no interviene en las pol\u00edticas de sus estados miembros.<\/p>\n<p class=\"western\">Consider\u00f3 Milei a la cuarentena como un \u201cdelito de lesa humanidad (\u2026) Por eso hemos decidido salir de un organismo tan nefasto y que fue el brazo ejecutor de lo que fue el mayor experimento de control social de la historia\u201d.<\/p>\n<p class=\"western\">La Fundaci\u00f3n Soberan\u00eda Sanitaria alert\u00f3 en un comunicado sobre las graves consecuencias de no ser miembro de la OMS, como el \u201cmenor acceso a vacunas y medicamentos costosos, aislamiento para el Instituto Nacional Central \u00danico Coordinador de Ablaci\u00f3n e Implante (INCUCAI) y el Instituto Malbr\u00e1n, un recorte de fondos en enfermedades transmisibles y la \u201cno asistencia internacional ante emergencias por cat\u00e1strofes naturales\u201d, adem\u00e1s que el pa\u00eds \u201cno podr\u00e1 acceder al fondo estrat\u00e9gico que permite ahorrar millones en la compra de tecnolog\u00edas e insumos sanitarios\u201d y perder\u00e1 el \u201cestatus de centros colaboradores en laboratorios prestigiosos\u201d que reciben importantes donaciones en vinculaci\u00f3n con otros pa\u00edses, fortaleciendo las capacidades propias y de nuestra regi\u00f3n.<\/p>\n<p class=\"western\">Sin la OMS y la Organizaci\u00f3n Panamericana de Salud (OPS) no se obtendr\u00edan equipamientos, reactivos, ni capacitaci\u00f3n, ni asistencia t\u00e9cnica, entre otros, perdiendo el acceso a la compra conjunta de vacunas e insumos, generando un gran impacto presupuestario y desabastecimiento.<\/p>\n<p class=\"western\">Adem\u00e1s se interrumpen planes, monitoreo y apoyo t\u00e9cnico y financiero en enfermedades infecciosas y no transmisibles, afectando las estrategias de promoci\u00f3n de la salud, en calidad de los servicios y de atenci\u00f3n primaria , rompiendo alianza con otros pa\u00edses como los<br \/>\nMercado Com\u00fan del Sur (Mercosur), impidiendo as\u00ed la preparaci\u00f3n y respuesta conjunta ante epidemias y emergencias sanitarias y otros tipos de asistencia y fondos para investigaci\u00f3n.<\/p>\n<p class=\"western\">A esto se a\u00f1aden otras decisiones del gobierno de Milei que elimin\u00f3 un plan del programa de Fortalecimiento Comunitario que otorgaba subsidios a los pueblos ind\u00edgenas y que recibieran asesoramiento por conflictos y posesi\u00f3n de tierras y ayuda jur\u00eddica.<\/p>\n<p class=\"western\">As\u00ed se abandona a su suerte a las comunidades originarias, que est\u00e1n siendo devastadas, como sucede en la Patagonia con los Mapuches, los Wichis en Salta en el noroeste, guaran\u00edes, tobas y otros, que est\u00e1n siendo devastadas con el avance de miner\u00eda y la apropiaci\u00f3n ilegal de tierras.<\/p>\n<p class=\"western\"><a name=\"_GoBack\"><\/a>En otro decreto anunciado hoy (70\/2025) se eliminar\u00e1n leyes y se disolver\u00e1n 50 organismos \u201cArgentina tiene 27 mil leyes vigentes, 70 mil decretos y 200 mil resoluciones, circulares y dem\u00e1s. Entonces, \u00bfqu\u00e9 es lo que vamos a hacer?\u00a0<strong>Vamos a aplicar, as\u00ed como el m\u00e9todo de Elon Musk, le vamos a pedir a cada dependencia que haga una suerte de resumen de las cosas que est\u00e1 usando. y todo lo dem\u00e1s lo elimin\u00e1s\u201d<\/strong>, dijo Milei, provocando otra estampida y agravando la crisis.<\/p>\n","protected":false},"excerpt":{"rendered":"<p>Nuevamente el presidente ultraderechista Javier Milei sorprendi\u00f3 al pa\u00eds, aludiendo a la necesidad de defender \u201cla soberan\u00eda sanitaria\u201d al anunciar<\/p>\n","protected":false},"author":4,"featured_media":56102,"comment_status":"closed","ping_status":"closed","sticky":false,"template":"","format":"standard","meta":{"colormag_page_container_layout":"default_layout","colormag_page_sidebar_layout":"default_layout","_jetpack_memberships_contains_paid_content":false,"footnotes":"","jetpack_publicize_message":"","jetpack_publicize_feature_enabled":true,"jetpack_social_post_already_shared":false,"jetpack_social_options":{"image_generator_settings":{"template":"highway","default_image_id":0,"font":"","enabled":false},"version":2}},"categories":[28],"tags":[],"class_list":["post-56101","post","type-post","status-publish","format-standard","has-post-thumbnail","hentry","category-internacional"],"jetpack_publicize_connections":[],"jetpack_featured_media_url":"https:\/\/i0.wp.com\/politicosaldesnudo.com.mx\/wp-content\/uploads\/2025\/02\/AP25036555650185.jpg?fit=1280%2C720&ssl=1","jetpack-related-posts":[],"jetpack_sharing_enabled":true,"_links":{"self":[{"href":"https:\/\/politicosaldesnudo.com.mx\/index.php\/wp-json\/wp\/v2\/posts\/56101","targetHints":{"allow":["GET"]}}],"collection":[{"href":"https:\/\/politicosaldesnudo.com.mx\/index.php\/wp-json\/wp\/v2\/posts"}],"about":[{"href":"https:\/\/politicosaldesnudo.com.mx\/index.php\/wp-json\/wp\/v2\/types\/post"}],"author":[{"embeddable":true,"href":"https:\/\/politicosaldesnudo.com.mx\/index.php\/wp-json\/wp\/v2\/users\/4"}],"replies":[{"embeddable":true,"href":"https:\/\/politicosaldesnudo.com.mx\/index.php\/wp-json\/wp\/v2\/comments?post=56101"}],"version-history":[{"count":0,"href":"https:\/\/politicosaldesnudo.com.mx\/index.php\/wp-json\/wp\/v2\/posts\/56101\/revisions"}],"wp:featuredmedia":[{"embeddable":true,"href":"https:\/\/politicosaldesnudo.com.mx\/index.php\/wp-json\/wp\/v2\/media\/56102"}],"wp:attachment":[{"href":"https:\/\/politicosaldesnudo.com.mx\/index.php\/wp-json\/wp\/v2\/media?parent=56101"}],"wp:term":[{"taxonomy":"category","embeddable":true,"href":"https:\/\/politicosaldesnudo.com.mx\/index.php\/wp-json\/wp\/v2\/categories?post=56101"},{"taxonomy":"post_tag","embeddable":true,"href":"https:\/\/politicosaldesnudo.com.mx\/index.php\/wp-json\/wp\/v2\/tags?post=56101"}],"curies":[{"name":"wp","href":"https:\/\/api.w.org\/{rel}","templated":true}]}}