{"id":56107,"date":"2025-02-06T00:19:03","date_gmt":"2025-02-06T06:19:03","guid":{"rendered":"https:\/\/politicosaldesnudo.com.mx\/?p=56107"},"modified":"2025-02-05T22:03:22","modified_gmt":"2025-02-06T04:03:22","slug":"rusia-y-ucrania-efectuan-nuevo-canje-de-300-prisioneros-de-guerra","status":"publish","type":"post","link":"https:\/\/politicosaldesnudo.com.mx\/index.php\/2025\/02\/06\/rusia-y-ucrania-efectuan-nuevo-canje-de-300-prisioneros-de-guerra\/","title":{"rendered":"Rusia y Ucrania efect\u00faan nuevo canje de 300 prisioneros de guerra"},"content":{"rendered":"<p>Las autoridades de Rusia y Ucrania han anunciado este mi\u00e9rcoles el intercambio de otros 300 prisioneros de guerra de ambos pa\u00edses en un nuevo canje pactado con la mediaci\u00f3n del gobierno de Emiratos \u00c1rabes Unidos.<\/p>\n<p>El Ministerio de Defensa de Rusia ha indicado en un comunicado que el intercambio afecta a un total de 300 soldados de ambos pa\u00edses, por lo que 150 ciudadanos rusos ya se encuentran de camino a Bielorrusia para su traslado final al pa\u00eds.<\/p>\n<p>\u00abActualmente, los militares rusos est\u00e1n en territorio bielorruso, donde est\u00e1n recibiendo atenci\u00f3n m\u00e9dica y sicol\u00f3gica. Tambi\u00e9n podr\u00e1n contactar con sus allegados y familiares\u00bb, ha indicado el ministerio, que ha confirmado que todos ellos \u00abser\u00e1n posteriormente trasladados a Rusia, donde ser\u00e1n ingresados en centros m\u00e9dicos para su rehabilitaci\u00f3n\u00bb.<\/p>\n<p>Asimismo, el gobierno ruso ha agradecido la intervenci\u00f3n de Emiratos \u00c1rabes Unidos, que ha participado en el proceso de mediaci\u00f3n para lograr \u00abla vuelta de estos efectivos rusos de su cautiverio\u00bb.<\/p>\n<p>Por su parte, el presidente ucraniano, Volodimir Zelenski, ha destacado la medida y ha se\u00f1alado que se trata de un \u00abgran d\u00eda para todos\u00bb. \u00abHemos logrado la vuelta de 150 de nuestros militares, que se encontraban bajo cautiverio ruso. Son soldados, sargentos, oficiales\u00bb, ha aseverado en un comunicado.<\/p>\n<p>Zelenski, que ha matizado que entre ellos tambi\u00e9n hay agentes de polic\u00eda, ha afirmado que \u00abtodos ellos proceden de diferentes zonas del frente de guerra, pero se mantienen unidos por la lucha a favor de Ucrania\u00bb. \u00abAlgunos de estos hombres han estado en cautiverio durante m\u00e1s de dos a\u00f1os, y hoy por fin podr\u00e1n ver a sus familias\u00bb, ha puntualizado.<\/p>\n<p>\u00abGracias a todos los que han trabajado para lograr el regreso de los nuestros. Gracias a nuestros socios y en particular a Emiratos \u00c1rabes Unidos, as\u00ed como a todos los que se han sumado al proceso\u00bb, ha zanjado.<\/p>\n","protected":false},"excerpt":{"rendered":"<p>Las autoridades de Rusia y Ucrania han anunciado este mi\u00e9rcoles el intercambio de otros 300 prisioneros de guerra de ambos<\/p>\n","protected":false},"author":4,"featured_media":56108,"comment_status":"closed","ping_status":"closed","sticky":false,"template":"","format":"standard","meta":{"colormag_page_container_layout":"default_layout","colormag_page_sidebar_layout":"default_layout","_jetpack_memberships_contains_paid_content":false,"footnotes":"","jetpack_publicize_message":"","jetpack_publicize_feature_enabled":true,"jetpack_social_post_already_shared":false,"jetpack_social_options":{"image_generator_settings":{"template":"highway","default_image_id":0,"font":"","enabled":false},"version":2}},"categories":[28],"tags":[],"class_list":["post-56107","post","type-post","status-publish","format-standard","has-post-thumbnail","hentry","category-internacional"],"jetpack_publicize_connections":[],"jetpack_featured_media_url":"https:\/\/i0.wp.com\/politicosaldesnudo.com.mx\/wp-content\/uploads\/2025\/02\/AA1yt5f7.jpg?fit=768%2C432&ssl=1","jetpack-related-posts":[],"jetpack_sharing_enabled":true,"_links":{"self":[{"href":"https:\/\/politicosaldesnudo.com.mx\/index.php\/wp-json\/wp\/v2\/posts\/56107","targetHints":{"allow":["GET"]}}],"collection":[{"href":"https:\/\/politicosaldesnudo.com.mx\/index.php\/wp-json\/wp\/v2\/posts"}],"about":[{"href":"https:\/\/politicosaldesnudo.com.mx\/index.php\/wp-json\/wp\/v2\/types\/post"}],"author":[{"embeddable":true,"href":"https:\/\/politicosaldesnudo.com.mx\/index.php\/wp-json\/wp\/v2\/users\/4"}],"replies":[{"embeddable":true,"href":"https:\/\/politicosaldesnudo.com.mx\/index.php\/wp-json\/wp\/v2\/comments?post=56107"}],"version-history":[{"count":0,"href":"https:\/\/politicosaldesnudo.com.mx\/index.php\/wp-json\/wp\/v2\/posts\/56107\/revisions"}],"wp:featuredmedia":[{"embeddable":true,"href":"https:\/\/politicosaldesnudo.com.mx\/index.php\/wp-json\/wp\/v2\/media\/56108"}],"wp:attachment":[{"href":"https:\/\/politicosaldesnudo.com.mx\/index.php\/wp-json\/wp\/v2\/media?parent=56107"}],"wp:term":[{"taxonomy":"category","embeddable":true,"href":"https:\/\/politicosaldesnudo.com.mx\/index.php\/wp-json\/wp\/v2\/categories?post=56107"},{"taxonomy":"post_tag","embeddable":true,"href":"https:\/\/politicosaldesnudo.com.mx\/index.php\/wp-json\/wp\/v2\/tags?post=56107"}],"curies":[{"name":"wp","href":"https:\/\/api.w.org\/{rel}","templated":true}]}}