{"id":56110,"date":"2025-02-06T00:20:04","date_gmt":"2025-02-06T06:20:04","guid":{"rendered":"https:\/\/politicosaldesnudo.com.mx\/?p=56110"},"modified":"2025-02-05T22:06:19","modified_gmt":"2025-02-06T04:06:19","slug":"en-guantanamo-primeros-deportados","status":"publish","type":"post","link":"https:\/\/politicosaldesnudo.com.mx\/index.php\/2025\/02\/06\/en-guantanamo-primeros-deportados\/","title":{"rendered":"En Guant\u00e1namo, primeros deportados"},"content":{"rendered":"<div class=\"col col1\">\n<p class=\"s-s\">El presidente de Estados Unidos, Donald Trump, afirm\u00f3 ayer que analiza si puede aceptar la oferta de El Salvador de recibir y encarcelar a criminales estadunidenses violentos, al tiempo que comenzaron los traslados de indocumentados a Guant\u00e1namo.<\/p>\n<p><q>S\u00f3lo digo que si tuvi\u00e9ramos el derecho legal de hacerlo, lo har\u00eda en un instante. No s\u00e9 si podemos, estamos viendo eso ahora mismo<\/q>, asegur\u00f3 Trump a periodistas en Washington.<\/p>\n<p>Mientras, la secretaria de prensa de la Casa Blanca, Karoline Leavitt, confirm\u00f3 que los primeros vuelos de deportaci\u00f3n hacia Guant\u00e1namo despegaron ayer, y asegur\u00f3 que \u201cel presidente ya no permitir\u00e1 que su pa\u00eds sea un vertedero de criminales de todo el mundo.<\/p>\n<p><q>El centro de detenci\u00f3n en Guant\u00e1namo albergar\u00e1 a los indocumentados que han violado las leyes migratorias<\/q>\u00a0de Estados Unidos y adem\u00e1s\u00a0<q>han cometido cr\u00edmenes atroces contra ciudadanos estadunidenses<\/q>, asegur\u00f3 Leavitt a Fox News.<\/p>\n<p>El vuelo a Guant\u00e1namo se suma a otros de aviones militares que ya han expulsado migrantes a Guatemala, Per\u00fa, Honduras e India. No se precis\u00f3 la nacionalidad de los transportados a Guant\u00e1namo.<\/p>\n<\/div>\n<div class=\"col col2\">\n<p>En tanto, un cuarto vuelo de la fuerza a\u00e9rea de Colombia aterriz\u00f3 ayer en Bogot\u00e1 con 110 migrantes procedentes de Luisiana, inform\u00f3 RCN Radio.<\/p>\n<p>Tras su arribo, los repatriados narraron haber sido v\u00edctimas de maltrato por parte de las autoridades estadunidenses en los centros de reclusi\u00f3n en los que permanecieron previo a ser devueltos a su pa\u00eds de origen.<\/p>\n<p><q>Nos quitan la dignidad, nos esposan. No nos tratan como seres humanos y nos discriminan por el hecho de ser latinos. Estuve 45 d\u00edas detenido y nos pasaban de un centro de detenci\u00f3n a otro, esposados de manos, pies y cintura, muchas veces el trato era muy denigrante<\/q>, relat\u00f3 uno de los reci\u00e9n llegados.<\/p>\n<p>Asimismo, autoridades bolivianas descartaron una deportaci\u00f3n masiva de sus connacionales desde Estados Unidos, y precisaron que\u00a0<q>las expulsiones realizadas hasta ahora son en vuelos comerciales, seg\u00fan avanzan los casos<\/q>.<\/p>\n<\/div>\n","protected":false},"excerpt":{"rendered":"<p>El presidente de Estados Unidos, Donald Trump, afirm\u00f3 ayer que analiza si puede aceptar la oferta de El Salvador de<\/p>\n","protected":false},"author":4,"featured_media":56111,"comment_status":"closed","ping_status":"closed","sticky":false,"template":"","format":"standard","meta":{"colormag_page_container_layout":"default_layout","colormag_page_sidebar_layout":"default_layout","_jetpack_memberships_contains_paid_content":false,"footnotes":"","jetpack_publicize_message":"","jetpack_publicize_feature_enabled":true,"jetpack_social_post_already_shared":false,"jetpack_social_options":{"image_generator_settings":{"template":"highway","default_image_id":0,"font":"","enabled":false},"version":2}},"categories":[28],"tags":[],"class_list":["post-56110","post","type-post","status-publish","format-standard","has-post-thumbnail","hentry","category-internacional"],"jetpack_publicize_connections":[],"jetpack_featured_media_url":"https:\/\/i0.wp.com\/politicosaldesnudo.com.mx\/wp-content\/uploads\/2025\/02\/AA1yrrnE.jpg?fit=380%2C231&ssl=1","jetpack-related-posts":[],"jetpack_sharing_enabled":true,"_links":{"self":[{"href":"https:\/\/politicosaldesnudo.com.mx\/index.php\/wp-json\/wp\/v2\/posts\/56110","targetHints":{"allow":["GET"]}}],"collection":[{"href":"https:\/\/politicosaldesnudo.com.mx\/index.php\/wp-json\/wp\/v2\/posts"}],"about":[{"href":"https:\/\/politicosaldesnudo.com.mx\/index.php\/wp-json\/wp\/v2\/types\/post"}],"author":[{"embeddable":true,"href":"https:\/\/politicosaldesnudo.com.mx\/index.php\/wp-json\/wp\/v2\/users\/4"}],"replies":[{"embeddable":true,"href":"https:\/\/politicosaldesnudo.com.mx\/index.php\/wp-json\/wp\/v2\/comments?post=56110"}],"version-history":[{"count":0,"href":"https:\/\/politicosaldesnudo.com.mx\/index.php\/wp-json\/wp\/v2\/posts\/56110\/revisions"}],"wp:featuredmedia":[{"embeddable":true,"href":"https:\/\/politicosaldesnudo.com.mx\/index.php\/wp-json\/wp\/v2\/media\/56111"}],"wp:attachment":[{"href":"https:\/\/politicosaldesnudo.com.mx\/index.php\/wp-json\/wp\/v2\/media?parent=56110"}],"wp:term":[{"taxonomy":"category","embeddable":true,"href":"https:\/\/politicosaldesnudo.com.mx\/index.php\/wp-json\/wp\/v2\/categories?post=56110"},{"taxonomy":"post_tag","embeddable":true,"href":"https:\/\/politicosaldesnudo.com.mx\/index.php\/wp-json\/wp\/v2\/tags?post=56110"}],"curies":[{"name":"wp","href":"https:\/\/api.w.org\/{rel}","templated":true}]}}