{"id":56136,"date":"2025-02-07T00:02:23","date_gmt":"2025-02-07T06:02:23","guid":{"rendered":"https:\/\/politicosaldesnudo.com.mx\/?p=56136"},"modified":"2025-02-06T20:37:12","modified_gmt":"2025-02-07T02:37:12","slug":"si-habra-bodas-igualitarias","status":"publish","type":"post","link":"https:\/\/politicosaldesnudo.com.mx\/index.php\/2025\/02\/07\/si-habra-bodas-igualitarias\/","title":{"rendered":"Si habr\u00e1 Bodas Igualitarias"},"content":{"rendered":"<p>Durante la campa\u00f1a de Matrimonios Colectivos a realizarse el pr\u00f3ximo 14 de febrero, si habr\u00e1 bodas igualitarios, por lo que el Registro Civil, hace un llamado a todas las parejas que deseen legalizar su uni\u00f3n en este mes, acudan a las oficinas para hacer el llenado de su formato, y cumplir con la entrega de sus documentos.<\/p>\n<p>El oficial del RC; Rodolfo Antonio M\u00e9ndez, se\u00f1al\u00f3 que tambi\u00e9n est\u00e1n abiertos a los matrimonios igualitarios, conforme a lo que indica la Ley en el estado, y record\u00f3 que ser\u00e1 el pr\u00f3ximo 11 de febrero cuando el tr\u00e1mite cierre.<\/p>\n<p>Mencion\u00f3 que hay mucha respuesta ciudadana, por lo que esperan m\u00e1s de 200 uniones, en un evento masivo que ser\u00e1 encabezado por el gobierno municipal, el DIF Tuxpan y desde luego el Registro Civil, el d\u00eda 14 de febrero.<\/p>\n<p>La ceremonia, promete ser un evento multitudinario, donde tambi\u00e9n van a participar las parejas de la comunidad LGBTQIA+, en un ambiente de inclusi\u00f3n y celebraci\u00f3n.<\/p>\n<p>Entre los requisitos el entrevistado se\u00f1al\u00f3 que las parejas interesadas en contraer matrimonio deber\u00e1n presentar los siguientes documentos en originales y copias: Actas de nacimiento, INE, Comprobante de domicilio, Acta de divorcio o defunci\u00f3n, seg\u00fan corresponda a la situaci\u00f3n de cada pareja, CURP, y en el caso de contrayentes extranjeros, se requerir\u00e1 la presentaci\u00f3n de un acta de nacimiento apostillada y traducida al espa\u00f1ol.<\/p>\n<p>Es importante destacar que este evento es completamente gratuito, brindando la oportunidad a todas las parejas de formalizar su uni\u00f3n sin costo alguno.<\/p>\n","protected":false},"excerpt":{"rendered":"<p>Durante la campa\u00f1a de Matrimonios Colectivos a realizarse el pr\u00f3ximo 14 de febrero, si habr\u00e1 bodas igualitarios, por lo que<\/p>\n","protected":false},"author":4,"featured_media":56137,"comment_status":"closed","ping_status":"closed","sticky":false,"template":"","format":"standard","meta":{"colormag_page_container_layout":"default_layout","colormag_page_sidebar_layout":"default_layout","_jetpack_memberships_contains_paid_content":false,"footnotes":"","jetpack_publicize_message":"","jetpack_publicize_feature_enabled":true,"jetpack_social_post_already_shared":false,"jetpack_social_options":{"image_generator_settings":{"template":"highway","default_image_id":0,"font":"","enabled":false},"version":2}},"categories":[1082],"tags":[],"class_list":["post-56136","post","type-post","status-publish","format-standard","has-post-thumbnail","hentry","category-tuxpan"],"jetpack_publicize_connections":[],"jetpack_featured_media_url":"https:\/\/i0.wp.com\/politicosaldesnudo.com.mx\/wp-content\/uploads\/2025\/02\/4b-2.jpg?fit=1441%2C960&ssl=1","jetpack-related-posts":[],"jetpack_sharing_enabled":true,"_links":{"self":[{"href":"https:\/\/politicosaldesnudo.com.mx\/index.php\/wp-json\/wp\/v2\/posts\/56136","targetHints":{"allow":["GET"]}}],"collection":[{"href":"https:\/\/politicosaldesnudo.com.mx\/index.php\/wp-json\/wp\/v2\/posts"}],"about":[{"href":"https:\/\/politicosaldesnudo.com.mx\/index.php\/wp-json\/wp\/v2\/types\/post"}],"author":[{"embeddable":true,"href":"https:\/\/politicosaldesnudo.com.mx\/index.php\/wp-json\/wp\/v2\/users\/4"}],"replies":[{"embeddable":true,"href":"https:\/\/politicosaldesnudo.com.mx\/index.php\/wp-json\/wp\/v2\/comments?post=56136"}],"version-history":[{"count":0,"href":"https:\/\/politicosaldesnudo.com.mx\/index.php\/wp-json\/wp\/v2\/posts\/56136\/revisions"}],"wp:featuredmedia":[{"embeddable":true,"href":"https:\/\/politicosaldesnudo.com.mx\/index.php\/wp-json\/wp\/v2\/media\/56137"}],"wp:attachment":[{"href":"https:\/\/politicosaldesnudo.com.mx\/index.php\/wp-json\/wp\/v2\/media?parent=56136"}],"wp:term":[{"taxonomy":"category","embeddable":true,"href":"https:\/\/politicosaldesnudo.com.mx\/index.php\/wp-json\/wp\/v2\/categories?post=56136"},{"taxonomy":"post_tag","embeddable":true,"href":"https:\/\/politicosaldesnudo.com.mx\/index.php\/wp-json\/wp\/v2\/tags?post=56136"}],"curies":[{"name":"wp","href":"https:\/\/api.w.org\/{rel}","templated":true}]}}