{"id":56139,"date":"2025-02-07T00:03:23","date_gmt":"2025-02-07T06:03:23","guid":{"rendered":"https:\/\/politicosaldesnudo.com.mx\/?p=56139"},"modified":"2025-02-06T20:38:10","modified_gmt":"2025-02-07T02:38:10","slug":"petistas-buscan-fortalecerse-en-la-zn","status":"publish","type":"post","link":"https:\/\/politicosaldesnudo.com.mx\/index.php\/2025\/02\/07\/petistas-buscan-fortalecerse-en-la-zn\/","title":{"rendered":"Petistas buscan fortalecerse en la ZN"},"content":{"rendered":"<p>Tuxpan fue el punto de encuentro para la reuni\u00f3n regional que llevaron a cabo integrantes del Partido del Trabajo, donde se congreg\u00f3 la militancia de la zona norte del estado, as\u00ed como integrantes de la Comisi\u00f3n Ejecutiva Estatal del partido, con el objetivo de fortalecer la presencia del instituto y consolidar el trabajo pol\u00edtico de cara a futuros procesos electorales.<\/p>\n<p>Durante la reuni\u00f3n, se abordaron diversos temas de inter\u00e9s para la militancia, entre ellos, la situaci\u00f3n pol\u00edtica actual del estado y del pa\u00eds, as\u00ed como los retos y oportunidades que enfrenta el partido en la zona norte.<\/p>\n<p>Los integrantes de la Comisi\u00f3n Ejecutiva Estatal del PT; integrada por Ram\u00f3n D\u00edaz \u00c1vila, destacaron la importancia de la unidad y el trabajo en equipo para lograr los objetivos del partido, e invitaron a los militantes a seguir trabajando en favor de la ciudadan\u00eda.<\/p>\n<p>\u00abEstamos muy contentos con la respuesta de la militancia en la zona norte, esta reuni\u00f3n nos permite fortalecer nuestra presencia en la regi\u00f3n y seguir trabajando en favor de la gente, la unidad es fundamental para lograr nuestros objetivos, juntos, vamos a seguir trabajando para construir un mejor futuro para Veracruz\u00bb, coment\u00f3 D\u00edaz \u00c1vila.<\/p>\n<p>Adelant\u00f3 que tienen previsto seguir realizando reuniones informativas en diferentes puntos del estado, con el objetivo de fortalecer su estructura y consolidar su presencia, toda vez de que estar\u00e1n sin coalici\u00f3n en el pr\u00f3ximo proceso electoral.<\/p>\n","protected":false},"excerpt":{"rendered":"<p>Tuxpan fue el punto de encuentro para la reuni\u00f3n regional que llevaron a cabo integrantes del Partido del Trabajo, donde<\/p>\n","protected":false},"author":4,"featured_media":56140,"comment_status":"closed","ping_status":"closed","sticky":false,"template":"","format":"standard","meta":{"colormag_page_container_layout":"default_layout","colormag_page_sidebar_layout":"default_layout","_jetpack_memberships_contains_paid_content":false,"footnotes":"","jetpack_publicize_message":"","jetpack_publicize_feature_enabled":true,"jetpack_social_post_already_shared":false,"jetpack_social_options":{"image_generator_settings":{"template":"highway","default_image_id":0,"font":"","enabled":false},"version":2}},"categories":[1082],"tags":[],"class_list":["post-56139","post","type-post","status-publish","format-standard","has-post-thumbnail","hentry","category-tuxpan"],"jetpack_publicize_connections":[],"jetpack_featured_media_url":"https:\/\/i0.wp.com\/politicosaldesnudo.com.mx\/wp-content\/uploads\/2025\/02\/4c-2.jpg?fit=1276%2C960&ssl=1","jetpack-related-posts":[],"jetpack_sharing_enabled":true,"_links":{"self":[{"href":"https:\/\/politicosaldesnudo.com.mx\/index.php\/wp-json\/wp\/v2\/posts\/56139","targetHints":{"allow":["GET"]}}],"collection":[{"href":"https:\/\/politicosaldesnudo.com.mx\/index.php\/wp-json\/wp\/v2\/posts"}],"about":[{"href":"https:\/\/politicosaldesnudo.com.mx\/index.php\/wp-json\/wp\/v2\/types\/post"}],"author":[{"embeddable":true,"href":"https:\/\/politicosaldesnudo.com.mx\/index.php\/wp-json\/wp\/v2\/users\/4"}],"replies":[{"embeddable":true,"href":"https:\/\/politicosaldesnudo.com.mx\/index.php\/wp-json\/wp\/v2\/comments?post=56139"}],"version-history":[{"count":0,"href":"https:\/\/politicosaldesnudo.com.mx\/index.php\/wp-json\/wp\/v2\/posts\/56139\/revisions"}],"wp:featuredmedia":[{"embeddable":true,"href":"https:\/\/politicosaldesnudo.com.mx\/index.php\/wp-json\/wp\/v2\/media\/56140"}],"wp:attachment":[{"href":"https:\/\/politicosaldesnudo.com.mx\/index.php\/wp-json\/wp\/v2\/media?parent=56139"}],"wp:term":[{"taxonomy":"category","embeddable":true,"href":"https:\/\/politicosaldesnudo.com.mx\/index.php\/wp-json\/wp\/v2\/categories?post=56139"},{"taxonomy":"post_tag","embeddable":true,"href":"https:\/\/politicosaldesnudo.com.mx\/index.php\/wp-json\/wp\/v2\/tags?post=56139"}],"curies":[{"name":"wp","href":"https:\/\/api.w.org\/{rel}","templated":true}]}}