{"id":56199,"date":"2025-02-07T00:24:41","date_gmt":"2025-02-07T06:24:41","guid":{"rendered":"https:\/\/politicosaldesnudo.com.mx\/?p=56199"},"modified":"2025-02-07T00:27:42","modified_gmt":"2025-02-07T06:27:42","slug":"tecnologia-de-primer-mundo-a-mexico","status":"publish","type":"post","link":"https:\/\/politicosaldesnudo.com.mx\/index.php\/2025\/02\/07\/tecnologia-de-primer-mundo-a-mexico\/","title":{"rendered":"Tecnolog\u00eda de Primer mundo a M\u00e9xico"},"content":{"rendered":"<p><span style=\"font-size: 14pt;\"><strong>ALMA GRANDE<\/strong><\/span><\/p>\n<p><span style=\"font-size: 14pt;\"><strong>Por \u00c1ngel \u00c1lvaro Pe\u00f1a<\/strong><\/span><\/p>\n<p><span style=\"font-size: 14pt;\">Nuestro pa\u00eds invertir\u00e1 en tecnolog\u00eda de ligas mayores, se prepara para participar en la cadena de semiconductores, producto que da la vuelta al mundo en una creciente demanda en todas las mercanc\u00edas desde refrigeradores hasta celulares.<\/span><\/p>\n<p><span style=\"font-size: 14pt;\">La incorporaci\u00f3n de M\u00e9xico al dise\u00f1o y creaci\u00f3n de semiconductores, tiene varios objetivos, el primero, desde luego es dejar de depender, cada d\u00eda m\u00e1s de las tecnolog\u00edas extranjeras que vivimos importando y alabando los adelantos de otros pa\u00edses, teniendo la capacidad humana y t\u00e9cnica para igualar, e incluso, superarlos.<\/span><\/p>\n<p><span style=\"font-size: 14pt;\">La combinaci\u00f3n de la tecnolog\u00eda y lo social es un punto de encuentro con el humanismo mexicano planteado como esencia de la administraci\u00f3n p\u00fablica actual, que comenz\u00f3 en 2022, en la Secretaria de Econom\u00eda. Ante esta situaci\u00f3n se mostrar\u00e1 al mundo que la mano de obra que viajaba a otros pa\u00edses para desarrollar lo aprendido en escuelas p\u00fablicas y privadas de M\u00e9xico, eran universidades que, sin querer, promov\u00edan la fuga de cerebros ante la imposibilidad de desarrollar en M\u00e9xico sus conocimientos.<\/span><\/p>\n<p><span style=\"font-size: 14pt;\">Ahora es un c\u00famulo de ideas creativas dentro de nuestro territorio, con el lucimiento y la remuneraci\u00f3n que requiere un profesional con postgrado y estudios suficientes para desarrollar tecnolog\u00eda de primer nivel.<\/span><\/p>\n<p><span style=\"font-size: 14pt;\">Otro de los aspectos fundamentales de este nuevo proceso de producci\u00f3n, anunciado por la Presidenta de M\u00e9xico, radica en rechazar la costumbre de que todo lo que tuviera que ver con adelantos cient\u00edficos ven\u00edan del extranjero y eran insuperables.<\/span><\/p>\n<p><span style=\"font-size: 14pt;\">Una especie de h\u00e1bito malinchista sin fundamento que se fue haciendo costumbre entre la poblaci\u00f3n. As\u00ed como se rompe con las malas costumbres de admirar lo de afuera m\u00e1s que lo de adentro en un proceso de reencuentro con nuestra historia y con el talento de los profesionales mexicanos.<\/span><\/p>\n<p><span style=\"font-size: 14pt;\">La encargada de dar los detalles fue la Dra. Rosaura Ruiz Guti\u00e9rrez, cuyo talento la lleva ahora a encabezar la secretar\u00eda de Ciencia, Humanidades, Tecnolog\u00eda e Innovaci\u00f3n, es tambi\u00e9n un reconocimiento no s\u00f3lo al talento cient\u00edfico sino a la lucha pol\u00edtica que tiene como uno de sus primeros encuentros con la historia en el Movimiento Estudiantil de 1968, en el que particip\u00f3 de manera activa. Ahora vuelve a ser protagonistas de la historia, junto con catedr\u00e1ticos y egresados del Instituto Polit\u00e9cnico Nacional, del Instituto Nacional de Astrof\u00edsica, \u00d3ptica y Electr\u00f3n, del Centro de Investigaci\u00f3n y de Estudios Avanzados del Instituto Polit\u00e9cnico Nacional, la Universidad Nacional Aut\u00f3noma de M\u00e9xico, Instituto Mexicano de la Propiedad Industrial, Universidad Veracruzana, entre otros.<\/span><\/p>\n<p><span style=\"font-size: 14pt;\">M\u00e9xico cuenta con una experiencia de m\u00e1s de 40 a\u00f1os en la elaboraci\u00f3n de dise\u00f1o de chips o semiconductores, pero la mayor\u00eda de ese tiempo, como pa\u00eds maquilador, ahora se har\u00e1 cargo de todo el proceso de estos esenciales materiales en el desarrollo tecnol\u00f3gico del planeta, porque se iniciar\u00e1 desde el dise\u00f1o para la posterior aplicaci\u00f3n y producci\u00f3n de estos materiales.<\/span><\/p>\n<p><span style=\"font-size: 14pt;\">Este es s\u00f3lo uno de los proyectos estrat\u00e9gicos que la Presidenta ha encargado a esta secretar\u00eda, que sustituy\u00f3 al Conacyt, para ampliar sus facultades y presupuesto, as\u00ed como imprimir el sentido humanista y filos\u00f3fico en la evoluci\u00f3n de la ciencia en M\u00e9xico.<\/span><\/p>\n<p><span style=\"font-size: 14pt;\">La valoraci\u00f3n de los j\u00f3venes, egresados de las diferentes escuelas de ciencias ya no estar\u00e1n condenados a s\u00f3lo impartir c\u00e1tedra en los centros educativos de alto nivel, c\u00f3mo \u00fanica opci\u00f3n laboral, sino que ser\u00e1 agentes de transformaci\u00f3n en el proceso de verdaderos cambios en la tecnolog\u00eda y la econom\u00eda del pa\u00eds.<\/span><\/p>\n<p><span style=\"font-size: 14pt;\">Anteriormente los centros de estudios avanzados en la ciencia eran centros de fuga de cerebros al extranjero, que no encontraban un espacio para laborar dentro del pa\u00eds.<\/span><\/p>\n<p><span style=\"font-size: 14pt;\">Los semiconductores es el segundo producto que M\u00e9xico exporta hacia Estados Unidos, con lo que se estar\u00e1 integrando un destino que no sea s\u00f3lo cient\u00edfico sino que esos procesos tengan la calidez del humanismo que, en equilibrio podr\u00e1n convertirse en la punta de lanza de un desarrollo superior cada d\u00eda.<\/span><\/p>\n<p><span style=\"font-size: 14pt;\">Dentro de este concepto se anunci\u00f3 la creaci\u00f3n de un Centro de Dise\u00f1o con viabilidad inmediata, as\u00ed como un centro de distribuci\u00f3n estrat\u00e9gica, a mediano plazo. El anuncio de este magno proyecto se\u00f1ala que la industria de los semiconductores tiene una cadena de provedur\u00edas de gran alcance que garantiza logros sin precedente.<\/span><\/p>\n<p><span style=\"font-size: 14pt;\">La integraci\u00f3n de las estrategias que tienen como origen el dise\u00f1o de los semiconductores tiene una utilidad pr\u00e1ctica, en cuyos laboratorios se fabrican sensores, memorias, dispositivos de control de potencia, amplificadores de audio, entre otros, lo cual llevar\u00e1 al escalamiento industrial de estos productos, de acuerdo con una estrategia entre los organismos que integran este proyecto.<\/span><\/p>\n<p><span style=\"font-size: 14pt;\">Desde luego que esta transformaci\u00f3n implica un nuevo marco legal nuevo, que regule sus responsabilidades, para lo cual exige incluso, modificaciones a las leyes. Su repercusi\u00f3n es tan profunda que todos los factores de su producci\u00f3n tienen que ver con las \u00e1reas responsables de la administraci\u00f3n p\u00fablica, desde la Educaci\u00f3n hasta Hacienda, sin dejar atr\u00e1s la Econom\u00eda y el Poder Legislativo.<\/span><\/p>\n<p><span style=\"font-size: 14pt;\">La creaci\u00f3n de polos de desarrollo a lo largo y ancho de todo el pa\u00eds impulsar\u00e1 la econom\u00eda, a trav\u00e9s de la captaci\u00f3n de empleo, que tendr\u00e1 tambi\u00e9n la responsabilidad de proteger el ambiente y desarrollar procesos para lanzar productos que aporten a esta industria el sello de los profesionales mexicanos.<\/span><\/p>\n<p><span style=\"font-size: 14pt;\">La \u00e9poca de consolidar a M\u00e9xico como la 10 econom\u00eda del mundo y poder escalar a niveles superiores ya lleg\u00f3. Es responsabilidad de todos responder a la confianza que la Presidenta deposita en todos y cada uno de los mexicanos que tenemos la gran responsabilidad de hacer historia y elevar el nombre de M\u00e9xico a los m\u00e1s altos niveles.<\/span><\/p>\n<p><span style=\"font-size: 14pt;\"><strong>PEGA Y CORRE.-<\/strong> Todas las asociaciones que quieren convertirse en partido pol\u00edtico ser\u00e1n de oposici\u00f3n, mientras m\u00e1s partidos de oposici\u00f3n haya el voto contra Morena se pulverizar\u00e1 m\u00e1s. As\u00ed que el triunfo de la derecha todav\u00eda est\u00e1 lejos, a pesar de que M\u00e9xico requiere una oposici\u00f3n s\u00f3lida y con pensamiento propio\u2026Esta columna se publica los lunes, mi\u00e9rcoles y viernes.<\/span><\/p>\n<p><img data-recalc-dims=\"1\" loading=\"lazy\" decoding=\"async\" class=\"aligncenter size-full wp-image-56200\" src=\"https:\/\/i0.wp.com\/politicosaldesnudo.com.mx\/wp-content\/uploads\/2025\/02\/FIRMA-EDITORIAL-PD-1.jpg?resize=800%2C98&#038;ssl=1\" alt=\"\" width=\"800\" height=\"98\" srcset=\"https:\/\/i0.wp.com\/politicosaldesnudo.com.mx\/wp-content\/uploads\/2025\/02\/FIRMA-EDITORIAL-PD-1.jpg?w=1024&amp;ssl=1 1024w, https:\/\/i0.wp.com\/politicosaldesnudo.com.mx\/wp-content\/uploads\/2025\/02\/FIRMA-EDITORIAL-PD-1.jpg?resize=300%2C37&amp;ssl=1 300w, https:\/\/i0.wp.com\/politicosaldesnudo.com.mx\/wp-content\/uploads\/2025\/02\/FIRMA-EDITORIAL-PD-1.jpg?resize=768%2C94&amp;ssl=1 768w\" sizes=\"auto, (max-width: 800px) 100vw, 800px\" \/><\/p>\n","protected":false},"excerpt":{"rendered":"<p>ALMA GRANDE Por \u00c1ngel \u00c1lvaro Pe\u00f1a Nuestro pa\u00eds invertir\u00e1 en tecnolog\u00eda de ligas mayores, se prepara para participar en la<\/p>\n","protected":false},"author":4,"featured_media":55890,"comment_status":"closed","ping_status":"closed","sticky":false,"template":"","format":"standard","meta":{"colormag_page_container_layout":"default_layout","colormag_page_sidebar_layout":"default_layout","_jetpack_memberships_contains_paid_content":false,"footnotes":"","jetpack_publicize_message":"","jetpack_publicize_feature_enabled":true,"jetpack_social_post_already_shared":false,"jetpack_social_options":{"image_generator_settings":{"template":"highway","default_image_id":0,"font":"","enabled":false},"version":2}},"categories":[26],"tags":[],"class_list":["post-56199","post","type-post","status-publish","format-standard","has-post-thumbnail","hentry","category-columnistas"],"jetpack_publicize_connections":[],"jetpack_featured_media_url":"https:\/\/i0.wp.com\/politicosaldesnudo.com.mx\/wp-content\/uploads\/2025\/02\/BANNER-LOPEZ-DORIGA-DIGITAL.jpg?fit=800%2C445&ssl=1","jetpack-related-posts":[],"jetpack_sharing_enabled":true,"_links":{"self":[{"href":"https:\/\/politicosaldesnudo.com.mx\/index.php\/wp-json\/wp\/v2\/posts\/56199","targetHints":{"allow":["GET"]}}],"collection":[{"href":"https:\/\/politicosaldesnudo.com.mx\/index.php\/wp-json\/wp\/v2\/posts"}],"about":[{"href":"https:\/\/politicosaldesnudo.com.mx\/index.php\/wp-json\/wp\/v2\/types\/post"}],"author":[{"embeddable":true,"href":"https:\/\/politicosaldesnudo.com.mx\/index.php\/wp-json\/wp\/v2\/users\/4"}],"replies":[{"embeddable":true,"href":"https:\/\/politicosaldesnudo.com.mx\/index.php\/wp-json\/wp\/v2\/comments?post=56199"}],"version-history":[{"count":0,"href":"https:\/\/politicosaldesnudo.com.mx\/index.php\/wp-json\/wp\/v2\/posts\/56199\/revisions"}],"wp:featuredmedia":[{"embeddable":true,"href":"https:\/\/politicosaldesnudo.com.mx\/index.php\/wp-json\/wp\/v2\/media\/55890"}],"wp:attachment":[{"href":"https:\/\/politicosaldesnudo.com.mx\/index.php\/wp-json\/wp\/v2\/media?parent=56199"}],"wp:term":[{"taxonomy":"category","embeddable":true,"href":"https:\/\/politicosaldesnudo.com.mx\/index.php\/wp-json\/wp\/v2\/categories?post=56199"},{"taxonomy":"post_tag","embeddable":true,"href":"https:\/\/politicosaldesnudo.com.mx\/index.php\/wp-json\/wp\/v2\/tags?post=56199"}],"curies":[{"name":"wp","href":"https:\/\/api.w.org\/{rel}","templated":true}]}}