{"id":56224,"date":"2025-02-08T00:08:35","date_gmt":"2025-02-08T06:08:35","guid":{"rendered":"https:\/\/politicosaldesnudo.com.mx\/?p=56224"},"modified":"2025-02-07T21:11:10","modified_gmt":"2025-02-08T03:11:10","slug":"vence-el-10-de-febrero-plazo-para-inscribirse-o-actualizar-credencial-para-votar","status":"publish","type":"post","link":"https:\/\/politicosaldesnudo.com.mx\/index.php\/2025\/02\/08\/vence-el-10-de-febrero-plazo-para-inscribirse-o-actualizar-credencial-para-votar\/","title":{"rendered":"Vence el 10 de febrero plazo para inscribirse o actualizar Credencial para Votar"},"content":{"rendered":"<p class=\"western\">El Instituto Nacional Electoral (INE) inform\u00f3 que el pr\u00f3ximo lunes es la fecha l\u00edmite para realizar alg\u00fan tr\u00e1mite de actualizaci\u00f3n de la Credencial para Votar con Fotograf\u00eda.<\/p>\n<p class=\"western\">Los 842 M\u00f3dulos de Atenci\u00f3n Ciudadana de todo el pa\u00eds dar\u00e1n servicio el s\u00e1bado 8 y el domingo 9 de febrero, en sus horarios habituales, y el lunes 10 de febrero hasta las 24 horas.<\/p>\n<p class=\"western\">El INE tambi\u00e9n brindar\u00e1 atenci\u00f3n con o sin cita a las y los ciudadanos que requieran hacer inscripci\u00f3n, cambio de domicilio o la correcci\u00f3n de datos de su Credencial para Votar.<\/p>\n<p class=\"western\">El 10 de febrero tambi\u00e9n vence el plazo para que las personas que ya cumplieron o cumplir\u00e1n los 18 a\u00f1os antes o el 1 de junio de 2025, d\u00eda de la elecci\u00f3n judicial, tramiten su Credencial para Votar para ejercer su derecho al voto.<\/p>\n<p class=\"western\">Con la Credencial para Votar los electores podr\u00e1n participar en las elecciones locales de Durango y Veracruz, as\u00ed como en el Proceso Electoral Extraordinario del Poder Judicial de la Federaci\u00f3n 2024-2025.<\/p>\n<p class=\"western\">Las personas que requieran m\u00e1s informaci\u00f3n sobre los requisitos y documentos que deben presentar para realizar cualquier tr\u00e1mite, pueden consultar la p\u00e1gina electr\u00f3nica ine.mx o llamar INEtel, marcando el 800 433 2000.<\/p>\n","protected":false},"excerpt":{"rendered":"<p>El Instituto Nacional Electoral (INE) inform\u00f3 que el pr\u00f3ximo lunes es la fecha l\u00edmite para realizar alg\u00fan tr\u00e1mite de actualizaci\u00f3n<\/p>\n","protected":false},"author":4,"featured_media":56225,"comment_status":"closed","ping_status":"closed","sticky":false,"template":"","format":"standard","meta":{"colormag_page_container_layout":"default_layout","colormag_page_sidebar_layout":"default_layout","_jetpack_memberships_contains_paid_content":false,"footnotes":"","jetpack_publicize_message":"","jetpack_publicize_feature_enabled":true,"jetpack_social_post_already_shared":false,"jetpack_social_options":{"image_generator_settings":{"template":"highway","default_image_id":0,"font":"","enabled":false},"version":2}},"categories":[33],"tags":[],"class_list":["post-56224","post","type-post","status-publish","format-standard","has-post-thumbnail","hentry","category-nacional"],"jetpack_publicize_connections":[],"jetpack_featured_media_url":"https:\/\/i0.wp.com\/politicosaldesnudo.com.mx\/wp-content\/uploads\/2025\/02\/IMG_8255.jpg?fit=1200%2C675&ssl=1","jetpack-related-posts":[],"jetpack_sharing_enabled":true,"_links":{"self":[{"href":"https:\/\/politicosaldesnudo.com.mx\/index.php\/wp-json\/wp\/v2\/posts\/56224","targetHints":{"allow":["GET"]}}],"collection":[{"href":"https:\/\/politicosaldesnudo.com.mx\/index.php\/wp-json\/wp\/v2\/posts"}],"about":[{"href":"https:\/\/politicosaldesnudo.com.mx\/index.php\/wp-json\/wp\/v2\/types\/post"}],"author":[{"embeddable":true,"href":"https:\/\/politicosaldesnudo.com.mx\/index.php\/wp-json\/wp\/v2\/users\/4"}],"replies":[{"embeddable":true,"href":"https:\/\/politicosaldesnudo.com.mx\/index.php\/wp-json\/wp\/v2\/comments?post=56224"}],"version-history":[{"count":0,"href":"https:\/\/politicosaldesnudo.com.mx\/index.php\/wp-json\/wp\/v2\/posts\/56224\/revisions"}],"wp:featuredmedia":[{"embeddable":true,"href":"https:\/\/politicosaldesnudo.com.mx\/index.php\/wp-json\/wp\/v2\/media\/56225"}],"wp:attachment":[{"href":"https:\/\/politicosaldesnudo.com.mx\/index.php\/wp-json\/wp\/v2\/media?parent=56224"}],"wp:term":[{"taxonomy":"category","embeddable":true,"href":"https:\/\/politicosaldesnudo.com.mx\/index.php\/wp-json\/wp\/v2\/categories?post=56224"},{"taxonomy":"post_tag","embeddable":true,"href":"https:\/\/politicosaldesnudo.com.mx\/index.php\/wp-json\/wp\/v2\/tags?post=56224"}],"curies":[{"name":"wp","href":"https:\/\/api.w.org\/{rel}","templated":true}]}}