{"id":5631,"date":"2022-05-23T01:25:29","date_gmt":"2022-05-23T06:25:29","guid":{"rendered":"https:\/\/politicosaldesnudo.com.mx\/?p=5631"},"modified":"2022-05-22T23:49:44","modified_gmt":"2022-05-23T04:49:44","slug":"gutierrez-luna-la-trascendencia-de-la-4t","status":"publish","type":"post","link":"https:\/\/politicosaldesnudo.com.mx\/index.php\/2022\/05\/23\/gutierrez-luna-la-trascendencia-de-la-4t\/","title":{"rendered":"Guti\u00e9rrez Luna: la trascendencia de la 4T"},"content":{"rendered":"<p class=\"p1\">\n<p class=\"p1\"><span style=\"font-size: 18pt;\"><b>Por Ra\u00fal L\u00f3pez G\u00f3mez<\/b><\/span><\/p>\n<p class=\"p1\"><span style=\"font-size: 14pt;\">El veracruzano, Sergio Guti\u00e9rrez Luna, presidente de la C\u00e1mara de Diputados, sigue creciendo a mares en su elevado posicionamiento pol\u00edtico en el pa\u00eds.<\/span><\/p>\n<p class=\"p1\"><span style=\"font-size: 14pt;\">Pero es principalmente en su entidad natal, el estado de Veracruz, en donde contra viento y marea, y de ese golpeteo, que nunca falta en estos tiempos el minatitleco crece como la espuma.<\/span><\/p>\n<p class=\"p1\"><span style=\"font-size: 14pt;\">Guti\u00e9rrez Luna, se ha metido en el ADN de la gente con tanta fortaleza, de que es el \u00fanico que permanece en la mente de los veracruzanos y por lo mismo darle fuerza a morena, tiempo al tiempo.<\/span><\/p>\n<p class=\"p1\"><span style=\"font-size: 14pt;\">En fechas recientes, Guti\u00e9rrez Luna, expres\u00f3 su respaldo y reconocimiento al gobernador de Veracruz Cuitl\u00e1huac Garc\u00eda Jim\u00e9nez, lo que demuestra que es de los pol\u00edticos que sabe reconocer y sumar, como debe ser siempre una premisa en pol\u00edtica.<span class=\"Apple-converted-space\">\u00a0<\/span><\/span><\/p>\n<p class=\"p1\"><span style=\"font-size: 14pt;\">Por eso, el Presidente de la C\u00e1mara de Diputados, el veracruzano Sergio Guti\u00e9rrez Luna, sostiene que, el trabajo que se realiza desde la LXV Legislatura, contribuye a la Transformaci\u00f3n del pa\u00eds y se avanza para conseguir \u201cel M\u00e9xico y el Veracruz que merecemos\u201d.<\/span><\/p>\n<p>&nbsp;<\/p>\n<p><img data-recalc-dims=\"1\" loading=\"lazy\" decoding=\"async\" class=\"aligncenter wp-image-5632 size-full\" src=\"https:\/\/i0.wp.com\/politicosaldesnudo.com.mx\/wp-content\/uploads\/2022\/05\/COSMOVISIO%CC%81N1-1.jpeg?resize=800%2C533&#038;ssl=1\" alt=\"\" width=\"800\" height=\"533\" srcset=\"https:\/\/i0.wp.com\/politicosaldesnudo.com.mx\/wp-content\/uploads\/2022\/05\/COSMOVISIO%CC%81N1-1.jpeg?w=1000&amp;ssl=1 1000w, https:\/\/i0.wp.com\/politicosaldesnudo.com.mx\/wp-content\/uploads\/2022\/05\/COSMOVISIO%CC%81N1-1.jpeg?resize=300%2C200&amp;ssl=1 300w, https:\/\/i0.wp.com\/politicosaldesnudo.com.mx\/wp-content\/uploads\/2022\/05\/COSMOVISIO%CC%81N1-1.jpeg?resize=768%2C511&amp;ssl=1 768w\" sizes=\"auto, (max-width: 800px) 100vw, 800px\" \/><\/p>\n<p>&nbsp;<\/p>\n<p class=\"p1\"><span style=\"font-size: 14pt;\">El legislador veracruzano, comprueba y demuestra, que al crearse consensos y teniendo voluntad se avanza, para construir el pa\u00eds que merecemos, eje fundamental de la Cuarta Transformaci\u00f3n.<\/span><\/p>\n<p class=\"p1\"><span style=\"font-size: 14pt;\">En entrevista con la Revista V\u00e9rtigo que le dedica su portada al pol\u00edtico orgullo de Minatitl\u00e1n, Sergio Guti\u00e9rrez Luna, afirma que los beneficios sociales de la Cuarta Transformaci\u00f3n, como las pensiones a adultos mayores, las becas para los estudiantes, la protecci\u00f3n del Litio como bien nacional y las reformas en materia de seguridad, ya tienen rango constitucional.<\/span><\/p>\n<p class=\"p1\"><span style=\"font-size: 14pt;\">Reconoce que en tiempos del presidente AMLO, el trabajo legislativo ha contribuido a la transformaci\u00f3n del pa\u00eds con acciones como la reorientaci\u00f3n del gasto p\u00fablico, que cierra la brecha de desigualdad entre los mexicanos gracias a los programas sociales orientados al bienestar del pueblo.<\/span><\/p>\n<p class=\"p1\"><span style=\"font-size: 14pt;\">Adem\u00e1s, expone que las reformas a la ley org\u00e1nica de la Armada de M\u00e9xico; la ley de revocaci\u00f3n de mandato; la reforma a ley electoral para que los partidos puedan regresar su financiamiento directamente a la federaci\u00f3n; as\u00ed como reformas a leyes en materias ambientales y de g\u00e9nero, son ahora parte del marco normativo, que sostiene la transformaci\u00f3n de este M\u00e9xico de plena cercan\u00eda con el pueblo.<\/span><\/p>\n<p class=\"p1\"><span style=\"font-size: 14pt;\">\u201cNosotros le apostamos al di\u00e1logo, a los acuerdos, a siempre buscar coincidencias en la construcci\u00f3n de un mejor pa\u00eds\u201d. Es algo que hacemos todos los d\u00edas y que vamos a seguir haciendo\u201d, afirm\u00f3 el famoso veracruzano identificado con millones de sus paisanos.<span class=\"Apple-converted-space\">\u00a0<\/span><\/span><\/p>\n<p>&nbsp;<\/p>\n<p class=\"p1\"><span style=\"font-size: 18pt;\"><b>MONREAL APARECE<\/b><\/span><\/p>\n<p class=\"p1\"><span style=\"font-size: 14pt;\">Tambi\u00e9n, el senador Ricardo Monreal, aparece como el cuarto candidato a la sucesi\u00f3n de AMLO en el 2024, y con la sentencia de \u201cque caballo que alcanza gana\u201d, y se le hace por fin justicia al destacado pol\u00edtico zacatecano, que se encuentra entre los m\u00e1s importantes operadores pol\u00edticos de Morena y del propio presidente Andr\u00e9s Manuel L\u00f3pez Obrador.<\/span><\/p>\n<p class=\"p1\"><span style=\"font-size: 14pt;\">El presidente de la Jucopo y coordinador de la bancada de Morena en el Senado de la Rep\u00fablica, Ricardo Monreal, trae consigo un haber, de acciones contabilizadas de mucho peso moral y de lealtad con el primer presidente de la izquierda de este pa\u00eds, que tumb\u00f3 del caballo al PRI con los m\u00e1s de noventa a\u00f1os de hegemon\u00eda en el poder.<\/span><\/p>\n<p class=\"p1\"><span style=\"font-size: 14pt;\">El senador Monreal, asisti\u00f3 el domingo a un evento de respaldo a la candidata de Morena al gobierno del estado de Quintana Roo, y la gente se le entreg\u00f3 al zacatecano, con amplio reconocimiento al grito de presidente, presidente.<\/span><\/p>\n<p class=\"p1\"><span style=\"font-size: 14pt;\">Lo que luego, puso en un gran movimiento tel\u00farico al hombre fuerte de palacio nacional, quien inteligente y experimentado, de inmediato en la conferencia Ma\u00f1anera, le dio mucho y amplio calor al famoso senador Monreal.<\/span><\/p>\n<p class=\"p1\"><span style=\"font-size: 14pt;\">El doctor en derecho y maestro de posgrado de la UNAM, supera al fuego amigo de los arribistas del partido Morena.<\/span><\/p>\n<p class=\"p1\"><span style=\"font-size: 14pt;\"><span class=\"Apple-converted-space\">\u00a0<\/span>El ex gobernador de Zacatecas, qui\u00e9n se la jug\u00f3 con AMLO para ganar el gobierno de la ciudad de M\u00e9xico y el pol\u00edtico tabasque\u00f1o siempre lo recuerda y le reconoce.<\/span><\/p>\n<p class=\"p1\"><span style=\"font-size: 14pt;\">Monreal, es de los m\u00e1s connotados fundadores del partido guinda, lo que indica de la cercan\u00eda con AMLO.<\/span><\/p>\n<p class=\"p1\"><span style=\"font-size: 14pt;\">Por eso, el de Mascupana, sabe muy bien \u201cmenear\u201d las corcholatas y ponerle ambiente a su propia sucesi\u00f3n para el 2024.<\/span><\/p>\n<p class=\"p1\"><span style=\"font-size: 14pt;\">Y como aquel mago de donde \u201cqued\u00f3 la bolita\u201d, y en eso nadie le gana.<\/span><\/p>\n<p class=\"p1\"><span style=\"font-size: 14pt;\">Volvi\u00f3 la sonrisa, abierta y real de Ricardo Monreal, en esa foto famosa del domingo en Quintana Roo, en donde le levanta la mano a la candidata de Morena al gobierno estatal, gan\u00f3 mucho espacio medi\u00e1tico y el respeto de los mexicanos porque se fue directo al coraz\u00f3n de mucha gente en el pa\u00eds. T\u00f3mala.<\/span><\/p>\n<p class=\"p1\"><span style=\"font-size: 14pt;\">Y para la reflexi\u00f3n de los que se sienten intocables, al presidente no le gusta que le traten de adivinar el pensamiento y menos de quienes quieren meter mano negra a la sucesi\u00f3n de ning\u00fan cargo o hacerle alguna sugerencia. Andale. As\u00ed las cosas.<\/span><\/p>\n<p class=\"p1\">\n<p>&nbsp;<\/p>\n<p>&nbsp;<\/p>\n<p>&nbsp;<\/p>\n","protected":false},"excerpt":{"rendered":"<p>Por Ra\u00fal L\u00f3pez G\u00f3mez El veracruzano, Sergio Guti\u00e9rrez Luna, presidente de la C\u00e1mara de Diputados, sigue creciendo a mares en<\/p>\n","protected":false},"author":4,"featured_media":4378,"comment_status":"closed","ping_status":"closed","sticky":false,"template":"","format":"standard","meta":{"colormag_page_container_layout":"default_layout","colormag_page_sidebar_layout":"default_layout","_jetpack_memberships_contains_paid_content":false,"footnotes":"","jetpack_publicize_message":"","jetpack_publicize_feature_enabled":true,"jetpack_social_post_already_shared":true,"jetpack_social_options":{"image_generator_settings":{"template":"highway","default_image_id":0,"font":"","enabled":false},"version":2}},"categories":[26],"tags":[],"class_list":["post-5631","post","type-post","status-publish","format-standard","has-post-thumbnail","hentry","category-columnistas"],"jetpack_publicize_connections":[],"jetpack_featured_media_url":"https:\/\/i0.wp.com\/politicosaldesnudo.com.mx\/wp-content\/uploads\/2022\/04\/RAU%CC%81L-LO%CC%81PEZ-GO%CC%81MEZ.png?fit=1816%2C1016&ssl=1","jetpack-related-posts":[],"jetpack_sharing_enabled":true,"_links":{"self":[{"href":"https:\/\/politicosaldesnudo.com.mx\/index.php\/wp-json\/wp\/v2\/posts\/5631","targetHints":{"allow":["GET"]}}],"collection":[{"href":"https:\/\/politicosaldesnudo.com.mx\/index.php\/wp-json\/wp\/v2\/posts"}],"about":[{"href":"https:\/\/politicosaldesnudo.com.mx\/index.php\/wp-json\/wp\/v2\/types\/post"}],"author":[{"embeddable":true,"href":"https:\/\/politicosaldesnudo.com.mx\/index.php\/wp-json\/wp\/v2\/users\/4"}],"replies":[{"embeddable":true,"href":"https:\/\/politicosaldesnudo.com.mx\/index.php\/wp-json\/wp\/v2\/comments?post=5631"}],"version-history":[{"count":0,"href":"https:\/\/politicosaldesnudo.com.mx\/index.php\/wp-json\/wp\/v2\/posts\/5631\/revisions"}],"wp:featuredmedia":[{"embeddable":true,"href":"https:\/\/politicosaldesnudo.com.mx\/index.php\/wp-json\/wp\/v2\/media\/4378"}],"wp:attachment":[{"href":"https:\/\/politicosaldesnudo.com.mx\/index.php\/wp-json\/wp\/v2\/media?parent=5631"}],"wp:term":[{"taxonomy":"category","embeddable":true,"href":"https:\/\/politicosaldesnudo.com.mx\/index.php\/wp-json\/wp\/v2\/categories?post=5631"},{"taxonomy":"post_tag","embeddable":true,"href":"https:\/\/politicosaldesnudo.com.mx\/index.php\/wp-json\/wp\/v2\/tags?post=5631"}],"curies":[{"name":"wp","href":"https:\/\/api.w.org\/{rel}","templated":true}]}}