{"id":56423,"date":"2025-02-11T00:02:14","date_gmt":"2025-02-11T06:02:14","guid":{"rendered":"https:\/\/politicosaldesnudo.com.mx\/?p=56423"},"modified":"2025-02-10T21:08:54","modified_gmt":"2025-02-11T03:08:54","slug":"tuxpan-fuente-de-mano-de-obra-calificada","status":"publish","type":"post","link":"https:\/\/politicosaldesnudo.com.mx\/index.php\/2025\/02\/11\/tuxpan-fuente-de-mano-de-obra-calificada\/","title":{"rendered":"Tuxpan fuente de mano de obra calificada"},"content":{"rendered":"<p>La calidad y el compromiso de la mano de obra tuxpe\u00f1a contin\u00faan atrayendo a empresas for\u00e1neas, particularmente de Monterrey. As\u00ed lo confirm\u00f3 Mauricio Perlestain, asesor de empleo del Servicio Municipal de Empleo, quien destac\u00f3 que compa\u00f1\u00edas como Tracorsa y Trarey han encontrado en los trabajadores de la regi\u00f3n un valioso recurso humano para sus operaciones.<\/p>\n<p>\u201cEstamos apoyando a Tracmorsa y Tracreysa, ambas de Monterrey. Una de ellas se especializa en el transporte de hidrocarburos y la otra en aceros y materiales\u201d, explic\u00f3 Perrestain.<\/p>\n<p>El asesor subray\u00f3 que Tuxpan se ha convertido en un foco de inter\u00e9s para diversas empresas debido a la mano de obra calificada y el esfuerzo caracter\u00edstico de los trabajadores locales.<\/p>\n<p>Ante la creciente demanda de personal, el Servicio Municipal de Empleo organiza una jornada de reclutamiento para la empresa Techin este martes y mi\u00e9rcoles en los bajos de la presidencia municipal. El evento se desarrollar\u00e1 de 9:00 a 14:00 horas, con posibilidad de extenderse hasta las 15:00 horas.<\/p>\n<p>Entre las vacantes disponibles se encuentran ayudantes de alba\u00f1il, alba\u00f1iles, trabajadores de estructuras met\u00e1licas, entre otros, con el objetivo de llevarlos a laborar a Monterrey.<\/p>\n<p>Perlestain hizo un llamado a los interesados para que acudan a la bolsa de trabajo, ahora ubicada en la segunda planta de la presidencia municipal.<\/p>\n<p>\u201cQueremos que la gente sepa que seguimos apoyando a los trabajadores tuxpe\u00f1os con oportunidades laborales\u201d, concluy\u00f3.<\/p>\n","protected":false},"excerpt":{"rendered":"<p>La calidad y el compromiso de la mano de obra tuxpe\u00f1a contin\u00faan atrayendo a empresas for\u00e1neas, particularmente de Monterrey. As\u00ed<\/p>\n","protected":false},"author":4,"featured_media":56424,"comment_status":"closed","ping_status":"closed","sticky":false,"template":"","format":"standard","meta":{"colormag_page_container_layout":"default_layout","colormag_page_sidebar_layout":"default_layout","_jetpack_memberships_contains_paid_content":false,"footnotes":"","jetpack_publicize_message":"","jetpack_publicize_feature_enabled":true,"jetpack_social_post_already_shared":false,"jetpack_social_options":{"image_generator_settings":{"template":"highway","default_image_id":0,"font":"","enabled":false},"version":2}},"categories":[1082],"tags":[],"class_list":["post-56423","post","type-post","status-publish","format-standard","has-post-thumbnail","hentry","category-tuxpan"],"jetpack_publicize_connections":[],"jetpack_featured_media_url":"https:\/\/i0.wp.com\/politicosaldesnudo.com.mx\/wp-content\/uploads\/2025\/02\/4b-3.jpg?fit=1600%2C1219&ssl=1","jetpack-related-posts":[],"jetpack_sharing_enabled":true,"_links":{"self":[{"href":"https:\/\/politicosaldesnudo.com.mx\/index.php\/wp-json\/wp\/v2\/posts\/56423","targetHints":{"allow":["GET"]}}],"collection":[{"href":"https:\/\/politicosaldesnudo.com.mx\/index.php\/wp-json\/wp\/v2\/posts"}],"about":[{"href":"https:\/\/politicosaldesnudo.com.mx\/index.php\/wp-json\/wp\/v2\/types\/post"}],"author":[{"embeddable":true,"href":"https:\/\/politicosaldesnudo.com.mx\/index.php\/wp-json\/wp\/v2\/users\/4"}],"replies":[{"embeddable":true,"href":"https:\/\/politicosaldesnudo.com.mx\/index.php\/wp-json\/wp\/v2\/comments?post=56423"}],"version-history":[{"count":0,"href":"https:\/\/politicosaldesnudo.com.mx\/index.php\/wp-json\/wp\/v2\/posts\/56423\/revisions"}],"wp:featuredmedia":[{"embeddable":true,"href":"https:\/\/politicosaldesnudo.com.mx\/index.php\/wp-json\/wp\/v2\/media\/56424"}],"wp:attachment":[{"href":"https:\/\/politicosaldesnudo.com.mx\/index.php\/wp-json\/wp\/v2\/media?parent=56423"}],"wp:term":[{"taxonomy":"category","embeddable":true,"href":"https:\/\/politicosaldesnudo.com.mx\/index.php\/wp-json\/wp\/v2\/categories?post=56423"},{"taxonomy":"post_tag","embeddable":true,"href":"https:\/\/politicosaldesnudo.com.mx\/index.php\/wp-json\/wp\/v2\/tags?post=56423"}],"curies":[{"name":"wp","href":"https:\/\/api.w.org\/{rel}","templated":true}]}}