{"id":56429,"date":"2025-02-11T00:04:50","date_gmt":"2025-02-11T06:04:50","guid":{"rendered":"https:\/\/politicosaldesnudo.com.mx\/?p=56429"},"modified":"2025-02-10T21:11:32","modified_gmt":"2025-02-11T03:11:32","slug":"vencio-plazo-para-renovar-credencial","status":"publish","type":"post","link":"https:\/\/politicosaldesnudo.com.mx\/index.php\/2025\/02\/11\/vencio-plazo-para-renovar-credencial\/","title":{"rendered":"Venci\u00f3 plazo para renovar credencial"},"content":{"rendered":"<p>Este lunes fue el \u00faltimo d\u00eda para renovar la credencial del Instituto Nacional Electoral (INE) para aquellos ciudadanos cuya mica hab\u00eda perdido vigencia. Como es costumbre en cada proceso electoral, gran n\u00famero<span id=\"_GoBack\"><\/span> de personas acudieron de \u00faltima hora, lo que gener\u00f3 aglomeraciones en distintos m\u00f3dulos de atenci\u00f3n.<\/p>\n<p>En el caso de Tuxpan, el m\u00f3dulo del INE estuvo completamente abarrotado, lo que oblig\u00f3 a las autoridades a instalar una carpa en el exterior para dar atenci\u00f3n a los ciudadanos que segu\u00edan llegando. Mientras tanto, en el interior de las oficinas, el m\u00f3dulo operaba a su m\u00e1xima capacidad. Ante esta situaci\u00f3n, se tom\u00f3 la decisi\u00f3n de extender el horario hasta la medianoche, con el fin de atender a la mayor cantidad posible de personas.<\/p>\n<p>La credencial para votar no solo es esencial para participar en la pr\u00f3xima jornada electoral, sino que tambi\u00e9n funciona como un documento oficial de identificaci\u00f3n y es necesaria para diversos tr\u00e1mites.<\/p>\n<p>El INE record\u00f3 que quienes solo requieran la reposici\u00f3n de su credencial sin hacer cambios en sus datos tienen hasta el 28 de febrero para acudir a los m\u00f3dulos y solicitarla.<\/p>\n<p>Las autoridades reiteraron su llamado a la ciudadan\u00eda para que, en futuras ocasiones, acuda con anticipaci\u00f3n a realizar estos tr\u00e1mites y as\u00ed evitar contratiempos y largas esperas.<\/p>\n","protected":false},"excerpt":{"rendered":"<p>Este lunes fue el \u00faltimo d\u00eda para renovar la credencial del Instituto Nacional Electoral (INE) para aquellos ciudadanos cuya mica<\/p>\n","protected":false},"author":4,"featured_media":56430,"comment_status":"closed","ping_status":"closed","sticky":false,"template":"","format":"standard","meta":{"colormag_page_container_layout":"default_layout","colormag_page_sidebar_layout":"default_layout","_jetpack_memberships_contains_paid_content":false,"footnotes":"","jetpack_publicize_message":"","jetpack_publicize_feature_enabled":true,"jetpack_social_post_already_shared":false,"jetpack_social_options":{"image_generator_settings":{"template":"highway","default_image_id":0,"font":"","enabled":false},"version":2}},"categories":[1082],"tags":[],"class_list":["post-56429","post","type-post","status-publish","format-standard","has-post-thumbnail","hentry","category-tuxpan"],"jetpack_publicize_connections":[],"jetpack_featured_media_url":"https:\/\/i0.wp.com\/politicosaldesnudo.com.mx\/wp-content\/uploads\/2025\/02\/5a-3.jpg?fit=1600%2C1204&ssl=1","jetpack-related-posts":[],"jetpack_sharing_enabled":true,"_links":{"self":[{"href":"https:\/\/politicosaldesnudo.com.mx\/index.php\/wp-json\/wp\/v2\/posts\/56429","targetHints":{"allow":["GET"]}}],"collection":[{"href":"https:\/\/politicosaldesnudo.com.mx\/index.php\/wp-json\/wp\/v2\/posts"}],"about":[{"href":"https:\/\/politicosaldesnudo.com.mx\/index.php\/wp-json\/wp\/v2\/types\/post"}],"author":[{"embeddable":true,"href":"https:\/\/politicosaldesnudo.com.mx\/index.php\/wp-json\/wp\/v2\/users\/4"}],"replies":[{"embeddable":true,"href":"https:\/\/politicosaldesnudo.com.mx\/index.php\/wp-json\/wp\/v2\/comments?post=56429"}],"version-history":[{"count":0,"href":"https:\/\/politicosaldesnudo.com.mx\/index.php\/wp-json\/wp\/v2\/posts\/56429\/revisions"}],"wp:featuredmedia":[{"embeddable":true,"href":"https:\/\/politicosaldesnudo.com.mx\/index.php\/wp-json\/wp\/v2\/media\/56430"}],"wp:attachment":[{"href":"https:\/\/politicosaldesnudo.com.mx\/index.php\/wp-json\/wp\/v2\/media?parent=56429"}],"wp:term":[{"taxonomy":"category","embeddable":true,"href":"https:\/\/politicosaldesnudo.com.mx\/index.php\/wp-json\/wp\/v2\/categories?post=56429"},{"taxonomy":"post_tag","embeddable":true,"href":"https:\/\/politicosaldesnudo.com.mx\/index.php\/wp-json\/wp\/v2\/tags?post=56429"}],"curies":[{"name":"wp","href":"https:\/\/api.w.org\/{rel}","templated":true}]}}