{"id":56515,"date":"2025-02-12T00:08:14","date_gmt":"2025-02-12T06:08:14","guid":{"rendered":"https:\/\/politicosaldesnudo.com.mx\/?p=56515"},"modified":"2025-02-11T22:47:19","modified_gmt":"2025-02-12T04:47:19","slug":"eligen-a-pina-como-presidenta-de-la-comision-de-transicion-del-pjf","status":"publish","type":"post","link":"https:\/\/politicosaldesnudo.com.mx\/index.php\/2025\/02\/12\/eligen-a-pina-como-presidenta-de-la-comision-de-transicion-del-pjf\/","title":{"rendered":"Eligen a Pi\u00f1a como presidenta de la Comisi\u00f3n de Transici\u00f3n del PJF"},"content":{"rendered":"<p>La Comisi\u00f3n de Transici\u00f3n del Poder Judicial de la Federaci\u00f3n (CTPJF) arranc\u00f3 formalmente sus trabajos para garantizar el orden en los cambios que ordena la reforma judicial, y en su primera sesi\u00f3n acord\u00f3 por unanimidad que la presidencia de dicho grupo ser\u00e1 rotativa cada mes entre sus integrantes y se eligi\u00f3 como su primera cabeza a la ministra presidenta de la Suprema Corte de Justicia de la Naci\u00f3n (SCJN), Norma Luc\u00eda Pi\u00f1a Hern\u00e1ndez.<\/p>\n<p>\u201cEn la primera sesi\u00f3n ordinaria y de instalaci\u00f3n, las y los integrantes de la Comisi\u00f3n de Transici\u00f3n acordaron por unanimidad de votos que la presidencia ser\u00e1 rotativa cada mes, por lo que inicialmente corresponde a la ministra, Norma Luc\u00eda Pi\u00f1a Hern\u00e1ndez, desempe\u00f1ar el cargo de presidenta de la Comisi\u00f3n\u201d, se inform\u00f3 este martes en el\u00a0<em>Diario Oficial de la Federaci\u00f3n<\/em>\u00a0(<em>DOF<\/em>).<\/p>\n<p>Dicho grupo est\u00e1 conformado por la presidenta de la Corte, Pi\u00f1a; la magistrada presidenta del Tribunal Electoral del Poder Judicial de la Federaci\u00f3n (TEPJF), M\u00f3nica Aral\u00ed Soto Fregoso; y los consejeros de la Judicatura Federal (CJF), Bernardo B\u00e1tiz V\u00e1zquez, la maestra Eva Ver\u00f3nica de Gyv\u00e9s Z\u00e1rate y Sergio Javier Molina Mart\u00ednez.<\/p>\n<p>La Comisi\u00f3n de Transici\u00f3n del PJF fue creada el pasado 10 de enero, en cumplimiento de los art\u00edculos Quinto y Sexto Transitorios del decreto de la reforma constitucional en materia judicial del 15 de septiembre del 2024; y con base en el Octavo y Noveno Transitorios de la \u00abLey Org\u00e1nica del Poder Judicial de la Federaci\u00f3n\u00bb, del 20 de diciembre de 2024.<\/p>\n<p>\u201cPara cumplir con la reforma al Poder Judicial, se cre\u00f3 la Comisi\u00f3n de Transici\u00f3n del PJF, integrada por: Norma Pi\u00f1a (SCJN); M\u00f3nica Soto (TEPJF); Bernardo B\u00e1tiz (Ejecutivo); Eva de Gyv\u00e9s (Senado) y Sergio Molina (PJF).<\/p>\n<p>\u201cEn su primera sesi\u00f3n, acordaron que la presidencia ser\u00e1 rotativa cada mes, iniciando con la ministra Norma Pi\u00f1a. Su labor es garantizar una transici\u00f3n ordenada y conforme a la Constituci\u00f3n\u201d, public\u00f3 este martes la ministra Yasm\u00edn Esquivel en su cuenta de X.<\/p>\n","protected":false},"excerpt":{"rendered":"<p>La Comisi\u00f3n de Transici\u00f3n del Poder Judicial de la Federaci\u00f3n (CTPJF) arranc\u00f3 formalmente sus trabajos para garantizar el orden en<\/p>\n","protected":false},"author":4,"featured_media":56516,"comment_status":"closed","ping_status":"closed","sticky":false,"template":"","format":"standard","meta":{"colormag_page_container_layout":"default_layout","colormag_page_sidebar_layout":"default_layout","_jetpack_memberships_contains_paid_content":false,"footnotes":"","jetpack_publicize_message":"","jetpack_publicize_feature_enabled":true,"jetpack_social_post_already_shared":false,"jetpack_social_options":{"image_generator_settings":{"template":"highway","default_image_id":0,"font":"","enabled":false},"version":2}},"categories":[33],"tags":[],"class_list":["post-56515","post","type-post","status-publish","format-standard","has-post-thumbnail","hentry","category-nacional"],"jetpack_publicize_connections":[],"jetpack_featured_media_url":"https:\/\/i0.wp.com\/politicosaldesnudo.com.mx\/wp-content\/uploads\/2025\/02\/Eligen-a-Pina-como-presidenta-de-la-Comision-de-Transicion-del-PJF.png?fit=768%2C432&ssl=1","jetpack-related-posts":[],"jetpack_sharing_enabled":true,"_links":{"self":[{"href":"https:\/\/politicosaldesnudo.com.mx\/index.php\/wp-json\/wp\/v2\/posts\/56515","targetHints":{"allow":["GET"]}}],"collection":[{"href":"https:\/\/politicosaldesnudo.com.mx\/index.php\/wp-json\/wp\/v2\/posts"}],"about":[{"href":"https:\/\/politicosaldesnudo.com.mx\/index.php\/wp-json\/wp\/v2\/types\/post"}],"author":[{"embeddable":true,"href":"https:\/\/politicosaldesnudo.com.mx\/index.php\/wp-json\/wp\/v2\/users\/4"}],"replies":[{"embeddable":true,"href":"https:\/\/politicosaldesnudo.com.mx\/index.php\/wp-json\/wp\/v2\/comments?post=56515"}],"version-history":[{"count":0,"href":"https:\/\/politicosaldesnudo.com.mx\/index.php\/wp-json\/wp\/v2\/posts\/56515\/revisions"}],"wp:featuredmedia":[{"embeddable":true,"href":"https:\/\/politicosaldesnudo.com.mx\/index.php\/wp-json\/wp\/v2\/media\/56516"}],"wp:attachment":[{"href":"https:\/\/politicosaldesnudo.com.mx\/index.php\/wp-json\/wp\/v2\/media?parent=56515"}],"wp:term":[{"taxonomy":"category","embeddable":true,"href":"https:\/\/politicosaldesnudo.com.mx\/index.php\/wp-json\/wp\/v2\/categories?post=56515"},{"taxonomy":"post_tag","embeddable":true,"href":"https:\/\/politicosaldesnudo.com.mx\/index.php\/wp-json\/wp\/v2\/tags?post=56515"}],"curies":[{"name":"wp","href":"https:\/\/api.w.org\/{rel}","templated":true}]}}