{"id":56518,"date":"2025-02-12T00:09:39","date_gmt":"2025-02-12T06:09:39","guid":{"rendered":"https:\/\/politicosaldesnudo.com.mx\/?p=56518"},"modified":"2025-02-11T22:49:54","modified_gmt":"2025-02-12T04:49:54","slug":"brasil-no-entrara-en-una-guerra-comercial-ministro","status":"publish","type":"post","link":"https:\/\/politicosaldesnudo.com.mx\/index.php\/2025\/02\/12\/brasil-no-entrara-en-una-guerra-comercial-ministro\/","title":{"rendered":"Brasil no entrar\u00e1 en una guerra comercial: ministro"},"content":{"rendered":"<p>El gobierno de Brasil asegur\u00f3 este martes que no tiene intenci\u00f3n de entrar en una guerra comercial con Estados Unidos, pero calific\u00f3 los aranceles impuestos por el presidente Donald Trump a las importaciones de acero como \u201cmedidas unilaterales\u201d y \u201ccontraproducentes\u201d.<\/p>\n<p>\u201cBrasil no estimula ni entrar\u00e1 en ninguna guerra comercial\u201d, dijo a periodistas el ministro de Relaciones Institucionales, Alexandre Padilha, luego de un evento con el presidente izquierdista Luiz In\u00e1cio Lula da Silva.<\/p>\n<p>\u201cEl presidente Lula ha dicho siempre con mucha claridad: las guerras comerciales no le hacen bien a nadie\u201d, enfatiz\u00f3 Padilha.<\/p>\n<p>El mandatario republicano fij\u00f3 el lunes aranceles de 25 por ciento a las importaciones de acero y aluminio a partir del 12 de marzo.<\/p>\n<p>Los grav\u00e1menes afectar\u00e1n con fuerza a Brasil, segundo abastecedor de acero a Estados Unidos.<\/p>\n<p>\u201cMedidas unilaterales de este tipo son contraproducentes para la mejora de la econom\u00eda global\u201d que \u201cpierde con esa retracci\u00f3n, esa desglobalizaci\u00f3n que est\u00e1 ocurriendo\u201d, afirm\u00f3 el ministro brasile\u00f1o de Econom\u00eda Fernando Haddad.<\/p>\n<p>El ministro estim\u00f3 ante la prensa que el alza arancelaria de Trump \u201cno es una decisi\u00f3n contra Brasil\u201d, s\u00f3lo superado por Canad\u00e1 como proveedor de acero a la mayor econom\u00eda del mundo, sino \u201cuna cosa gen\u00e9rica contra todo el mundo\u201d.<\/p>\n<p>Dijo que el gobierno brasile\u00f1o \u201cobserva\u201d las reacciones de otros pa\u00edses y est\u00e1 haciendo una \u201cevaluaci\u00f3n\u201d sobre c\u00f3mo actuar ante los aranceles de Trump.<\/p>\n<p>A fines de enero, el propio Lula hab\u00eda prometido \u201creciprocidad\u201d ante eventuales medidas del mandatario estadunidense.<\/p>\n<p>\u201cSi grava los productos brasile\u00f1os, habr\u00e1 reciprocidad de Brasil gravando los productos exportados desde Estados Unidos\u201d, afirm\u00f3 entonces.<\/p>\n<p>Sectores empresariales expresaron preocupaci\u00f3n pero esperan crear un espacio para negociaciones.<\/p>\n<p>\u201cLamentamos la decisi\u00f3n y vamos a actuar en b\u00fasqueda del di\u00e1logo para mostrar que hay caminos para que sea revertida\u201d, dijo en una nota la confederaci\u00f3n brasile\u00f1a de industrias CNI.<\/p>\n<p>La C\u00e1mara de Comercio de Estados Unidos para Brasil pidi\u00f3 \u201cuna soluci\u00f3n negociada para preservar el comercio bilateral, que ha registrado r\u00e9cords en los \u00faltimos a\u00f1os\u201d.<\/p>\n<p>Durante su primer mandato, Trump ya impuso aranceles del 25% sobre el acero, que luego desmont\u00f3 parcialmente.<\/p>\n","protected":false},"excerpt":{"rendered":"<p>El gobierno de Brasil asegur\u00f3 este martes que no tiene intenci\u00f3n de entrar en una guerra comercial con Estados Unidos,<\/p>\n","protected":false},"author":4,"featured_media":56519,"comment_status":"closed","ping_status":"closed","sticky":false,"template":"","format":"standard","meta":{"colormag_page_container_layout":"default_layout","colormag_page_sidebar_layout":"default_layout","_jetpack_memberships_contains_paid_content":false,"footnotes":"","jetpack_publicize_message":"","jetpack_publicize_feature_enabled":true,"jetpack_social_post_already_shared":false,"jetpack_social_options":{"image_generator_settings":{"template":"highway","default_image_id":0,"font":"","enabled":false},"version":2}},"categories":[2050],"tags":[],"class_list":["post-56518","post","type-post","status-publish","format-standard","has-post-thumbnail","hentry","category-economia"],"jetpack_publicize_connections":[],"jetpack_featured_media_url":"https:\/\/i0.wp.com\/politicosaldesnudo.com.mx\/wp-content\/uploads\/2025\/02\/chto-takoe-chernyj-metalloprokat-vidy-osobennosti-primenenie-foto3.jpg?fit=640%2C422&ssl=1","jetpack-related-posts":[],"jetpack_sharing_enabled":true,"_links":{"self":[{"href":"https:\/\/politicosaldesnudo.com.mx\/index.php\/wp-json\/wp\/v2\/posts\/56518","targetHints":{"allow":["GET"]}}],"collection":[{"href":"https:\/\/politicosaldesnudo.com.mx\/index.php\/wp-json\/wp\/v2\/posts"}],"about":[{"href":"https:\/\/politicosaldesnudo.com.mx\/index.php\/wp-json\/wp\/v2\/types\/post"}],"author":[{"embeddable":true,"href":"https:\/\/politicosaldesnudo.com.mx\/index.php\/wp-json\/wp\/v2\/users\/4"}],"replies":[{"embeddable":true,"href":"https:\/\/politicosaldesnudo.com.mx\/index.php\/wp-json\/wp\/v2\/comments?post=56518"}],"version-history":[{"count":0,"href":"https:\/\/politicosaldesnudo.com.mx\/index.php\/wp-json\/wp\/v2\/posts\/56518\/revisions"}],"wp:featuredmedia":[{"embeddable":true,"href":"https:\/\/politicosaldesnudo.com.mx\/index.php\/wp-json\/wp\/v2\/media\/56519"}],"wp:attachment":[{"href":"https:\/\/politicosaldesnudo.com.mx\/index.php\/wp-json\/wp\/v2\/media?parent=56518"}],"wp:term":[{"taxonomy":"category","embeddable":true,"href":"https:\/\/politicosaldesnudo.com.mx\/index.php\/wp-json\/wp\/v2\/categories?post=56518"},{"taxonomy":"post_tag","embeddable":true,"href":"https:\/\/politicosaldesnudo.com.mx\/index.php\/wp-json\/wp\/v2\/tags?post=56518"}],"curies":[{"name":"wp","href":"https:\/\/api.w.org\/{rel}","templated":true}]}}