{"id":56533,"date":"2025-02-12T00:14:34","date_gmt":"2025-02-12T06:14:34","guid":{"rendered":"https:\/\/politicosaldesnudo.com.mx\/?p=56533"},"modified":"2025-02-11T23:07:39","modified_gmt":"2025-02-12T05:07:39","slug":"se-inscriben-8-mil-prestadores-de-servicios-para-reordenamiento-en-acapulco","status":"publish","type":"post","link":"https:\/\/politicosaldesnudo.com.mx\/index.php\/2025\/02\/12\/se-inscriben-8-mil-prestadores-de-servicios-para-reordenamiento-en-acapulco\/","title":{"rendered":"Se inscriben 8 mil prestadores de servicios para reordenamiento en Acapulco"},"content":{"rendered":"<p>Hasta el momento 8 mil personas han sido integradas al padr\u00f3n de prestadores de servicios tur\u00edsticos de playa, desde la isla Roqueta hasta la Base Naval, como parte del reordenamiento de las playas de Acapulco.<\/p>\n<p>La primera etapa consiste en la credencializaci\u00f3n de prestadores de servicios y divisi\u00f3n por sectores de la franja de arena, lo cual se tiene previsto estar listo para diciembre pr\u00f3ximo.<\/p>\n<p>El presidente de la Uni\u00f3n de Sociedades de Cooperativas en Vanguardia por el Estado de Guerrero, Arturo Pantoja Guatemala, explic\u00f3 que cada trabajador o prestador de servicios de la zona de playas va a portar un gafete.<\/p>\n<p>Detall\u00f3 que \u00abestamos actualizando el padr\u00f3n, pues tambi\u00e9n est\u00e1 el comerciante ambulante gaviota, que nada m\u00e1s viene en temporadas, que es amigo, hermano o primo de alguien y le dan permiso de ingresar\u00bb.<\/p>\n<p>Pantoja Guatemala mencion\u00f3 que \u00aben lo que llevamos hasta ahora estamos hablando de entre 8 y 9 mil personas\u00bb.<\/p>\n<p>Explic\u00f3 que los prestadores de servicios portar\u00e1n una camiseta especial y su gafete dependiendo al giro que se dediquen, si venden comida, hacen masajes, venden refrescos, renta de deportes acu\u00e1ticos, entre otros.<\/p>\n<p>El cooperativista indic\u00f3 que el proyecto tiene cinco a\u00f1os de ser planteado a las autoridades, con la intenci\u00f3n de regularizar el comercio en las playas.<\/p>\n<p>Pantoja Guatemala expres\u00f3 que \u00abse espera regularizar el padr\u00f3n, esperamos llegar a la temporada de invierno al 100 por ciento, tenemos 10 meses para trabajar con la autoridad para que Acapulco cambie todas sus playas\u00bb.<\/p>\n<p>Entre los aspectos que incluye la zonificaci\u00f3n de playas, con el objetivo de definir los l\u00edmites y cargas de cada playa en espec\u00edfico.<\/p>\n<p>La ma\u00f1ana del martes, alrededor de un millar de prestadores de servicios realizaron una brigada de limpieza sobre la franja de arena, entre las playas Hornos y Carabal\u00ed.<\/p>\n<p>Uno de los principales objetivos de esta brigada semanal, fue el retiro de rocas y grava, que proliferaron en este sector de la arena tras el paso de los huracanes Otis y John, adem\u00e1s de otros desechos que se mantienen en el fondo del mar.<\/p>\n<p>Sin propon\u00e9rselo, mientras se efectuaba la brigada de limpieza, un grupo de pescadores que capturaba peces con una gran atarraya, extrajo entre sus redes un camastro de fierro del fondo del mar.<\/p>\n","protected":false},"excerpt":{"rendered":"<p>Hasta el momento 8 mil personas han sido integradas al padr\u00f3n de prestadores de servicios tur\u00edsticos de playa, desde la<\/p>\n","protected":false},"author":4,"featured_media":56534,"comment_status":"closed","ping_status":"closed","sticky":false,"template":"","format":"standard","meta":{"colormag_page_container_layout":"default_layout","colormag_page_sidebar_layout":"default_layout","_jetpack_memberships_contains_paid_content":false,"footnotes":"","jetpack_publicize_message":"","jetpack_publicize_feature_enabled":true,"jetpack_social_post_already_shared":false,"jetpack_social_options":{"image_generator_settings":{"template":"highway","default_image_id":0,"font":"","enabled":false},"version":2}},"categories":[30],"tags":[],"class_list":["post-56533","post","type-post","status-publish","format-standard","has-post-thumbnail","hentry","category-estados"],"jetpack_publicize_connections":[],"jetpack_featured_media_url":"https:\/\/i0.wp.com\/politicosaldesnudo.com.mx\/wp-content\/uploads\/2025\/02\/ccreordenamientoplayasSemarnat-compressed.jpg?fit=1250%2C795&ssl=1","jetpack-related-posts":[],"jetpack_sharing_enabled":true,"_links":{"self":[{"href":"https:\/\/politicosaldesnudo.com.mx\/index.php\/wp-json\/wp\/v2\/posts\/56533","targetHints":{"allow":["GET"]}}],"collection":[{"href":"https:\/\/politicosaldesnudo.com.mx\/index.php\/wp-json\/wp\/v2\/posts"}],"about":[{"href":"https:\/\/politicosaldesnudo.com.mx\/index.php\/wp-json\/wp\/v2\/types\/post"}],"author":[{"embeddable":true,"href":"https:\/\/politicosaldesnudo.com.mx\/index.php\/wp-json\/wp\/v2\/users\/4"}],"replies":[{"embeddable":true,"href":"https:\/\/politicosaldesnudo.com.mx\/index.php\/wp-json\/wp\/v2\/comments?post=56533"}],"version-history":[{"count":0,"href":"https:\/\/politicosaldesnudo.com.mx\/index.php\/wp-json\/wp\/v2\/posts\/56533\/revisions"}],"wp:featuredmedia":[{"embeddable":true,"href":"https:\/\/politicosaldesnudo.com.mx\/index.php\/wp-json\/wp\/v2\/media\/56534"}],"wp:attachment":[{"href":"https:\/\/politicosaldesnudo.com.mx\/index.php\/wp-json\/wp\/v2\/media?parent=56533"}],"wp:term":[{"taxonomy":"category","embeddable":true,"href":"https:\/\/politicosaldesnudo.com.mx\/index.php\/wp-json\/wp\/v2\/categories?post=56533"},{"taxonomy":"post_tag","embeddable":true,"href":"https:\/\/politicosaldesnudo.com.mx\/index.php\/wp-json\/wp\/v2\/tags?post=56533"}],"curies":[{"name":"wp","href":"https:\/\/api.w.org\/{rel}","templated":true}]}}