{"id":56545,"date":"2025-02-12T00:18:01","date_gmt":"2025-02-12T06:18:01","guid":{"rendered":"https:\/\/politicosaldesnudo.com.mx\/?p=56545"},"modified":"2025-02-11T23:15:14","modified_gmt":"2025-02-12T05:15:14","slug":"apple-cambia-nombre-del-golfo-de-mexico-a-golfo-de-america-en-su-servicio-de-mapas","status":"publish","type":"post","link":"https:\/\/politicosaldesnudo.com.mx\/index.php\/2025\/02\/12\/apple-cambia-nombre-del-golfo-de-mexico-a-golfo-de-america-en-su-servicio-de-mapas\/","title":{"rendered":"Apple cambia nombre del Golfo de M\u00e9xico a Golfo de Am\u00e9rica en su servicio de mapas"},"content":{"rendered":"<p class=\"western\">Apple rebautiz\u00f3 el Golfo de M\u00e9xico como el\u00a0<em>Golfo de Am\u00e9rica<\/em>\u00a0en su servicio de mapas el martes despu\u00e9s de que una orden del presidente Donald Trump se hizo oficial por el Sistema de Informaci\u00f3n de Nombres Geogr\u00e1ficos de Estados Unidos.<\/p>\n<p class=\"western\">La compa\u00f1\u00eda sigui\u00f3 los pasos de Google, que anunci\u00f3 el mes pasado que realizar\u00eda el cambio de nombre una vez que se actualizara la lista oficial y escribi\u00f3 en una publicaci\u00f3n de blog el domingo que hab\u00eda comenzado a implementarlo.<\/p>\n<p class=\"western\">En el caso de Google, la empresa asegur\u00f3 que a las personas que se encuentren en el pa\u00eds les aparecer\u00e1 como Golfo de Estados Unidos y las personas en territorio mexicano ver\u00e1n el cuerpo de agua como el Golfo de M\u00e9xico. Todos los dem\u00e1s ver\u00e1n ambos nombres.<\/p>\n<p class=\"western\">Despu\u00e9s de asumir el cargo, Trump orden\u00f3 que se cambiara el nombre del cuerpo de agua que colinda con el sur de Estados Unidos, M\u00e9xico y Cuba.<\/p>\n<p class=\"western\">El Sistema de Informaci\u00f3n de Nombres Geogr\u00e1ficos de Estados Unidos actualiz\u00f3 oficialmente el nombre a \u00faltima hora del domingo. Microsoft tambi\u00e9n ha realizado el cambio de nombre en sus mapas de Bing.<\/p>\n","protected":false},"excerpt":{"rendered":"<p>Apple rebautiz\u00f3 el Golfo de M\u00e9xico como el\u00a0Golfo de Am\u00e9rica\u00a0en su servicio de mapas el martes despu\u00e9s de que una<\/p>\n","protected":false},"author":4,"featured_media":56546,"comment_status":"closed","ping_status":"closed","sticky":false,"template":"","format":"standard","meta":{"colormag_page_container_layout":"default_layout","colormag_page_sidebar_layout":"default_layout","_jetpack_memberships_contains_paid_content":false,"footnotes":"","jetpack_publicize_message":"","jetpack_publicize_feature_enabled":true,"jetpack_social_post_already_shared":false,"jetpack_social_options":{"image_generator_settings":{"template":"highway","default_image_id":0,"font":"","enabled":false},"version":2}},"categories":[28],"tags":[],"class_list":["post-56545","post","type-post","status-publish","format-standard","has-post-thumbnail","hentry","category-internacional"],"jetpack_publicize_connections":[],"jetpack_featured_media_url":"https:\/\/i0.wp.com\/politicosaldesnudo.com.mx\/wp-content\/uploads\/2025\/02\/GOO.jpg?fit=599%2C389&ssl=1","jetpack-related-posts":[],"jetpack_sharing_enabled":true,"_links":{"self":[{"href":"https:\/\/politicosaldesnudo.com.mx\/index.php\/wp-json\/wp\/v2\/posts\/56545","targetHints":{"allow":["GET"]}}],"collection":[{"href":"https:\/\/politicosaldesnudo.com.mx\/index.php\/wp-json\/wp\/v2\/posts"}],"about":[{"href":"https:\/\/politicosaldesnudo.com.mx\/index.php\/wp-json\/wp\/v2\/types\/post"}],"author":[{"embeddable":true,"href":"https:\/\/politicosaldesnudo.com.mx\/index.php\/wp-json\/wp\/v2\/users\/4"}],"replies":[{"embeddable":true,"href":"https:\/\/politicosaldesnudo.com.mx\/index.php\/wp-json\/wp\/v2\/comments?post=56545"}],"version-history":[{"count":0,"href":"https:\/\/politicosaldesnudo.com.mx\/index.php\/wp-json\/wp\/v2\/posts\/56545\/revisions"}],"wp:featuredmedia":[{"embeddable":true,"href":"https:\/\/politicosaldesnudo.com.mx\/index.php\/wp-json\/wp\/v2\/media\/56546"}],"wp:attachment":[{"href":"https:\/\/politicosaldesnudo.com.mx\/index.php\/wp-json\/wp\/v2\/media?parent=56545"}],"wp:term":[{"taxonomy":"category","embeddable":true,"href":"https:\/\/politicosaldesnudo.com.mx\/index.php\/wp-json\/wp\/v2\/categories?post=56545"},{"taxonomy":"post_tag","embeddable":true,"href":"https:\/\/politicosaldesnudo.com.mx\/index.php\/wp-json\/wp\/v2\/tags?post=56545"}],"curies":[{"name":"wp","href":"https:\/\/api.w.org\/{rel}","templated":true}]}}