{"id":56587,"date":"2025-02-13T00:07:27","date_gmt":"2025-02-13T06:07:27","guid":{"rendered":"https:\/\/politicosaldesnudo.com.mx\/?p=56587"},"modified":"2025-02-12T21:48:37","modified_gmt":"2025-02-13T03:48:37","slug":"confirma-scjn-multa-de-cofece-a-aeromexico-por-86-1-mdp","status":"publish","type":"post","link":"https:\/\/politicosaldesnudo.com.mx\/index.php\/2025\/02\/13\/confirma-scjn-multa-de-cofece-a-aeromexico-por-86-1-mdp\/","title":{"rendered":"Confirma SCJN multa de Cofece a Aerom\u00e9xico por 86.1 mdp"},"content":{"rendered":"<p class=\"western\">La Segunda Sala de la Suprema Corte de Justicia de la Naci\u00f3n (SCJN) confirm\u00f3 este mi\u00e9rcoles la multa de 86 millones 190 mil 100 pesos que la Comisi\u00f3n Federal de Competencia Econ\u00f3mica (Cofece) impuso en marzo del 2019 a Aerom\u00e9xico por incurrir en \u201cpr\u00e1cticas monop\u00f3licas absolutas\u201d, al ponerse de acuerdo con otras empresas para inflar los precios de sus servicios.<\/p>\n<p class=\"western\">En sesi\u00f3n, por mayor\u00eda de tres votos a favor y en contra el ministro Alberto P\u00e9rez Day\u00e1n, se aprob\u00f3 el proyecto de la ministra Lenia Batres Guadarrama, que revoc\u00f3 el amparo del 28 de marzo de 2022 otorgado a la empresa por el Juzgado Segundo de Distrito en Materia Administrativa Especializado en Competencia Econ\u00f3mica, Radiodifusi\u00f3n y Telecomunicaciones, cuyo titular era Juan Pablo G\u00f3mez Fierro, y dej\u00f3 firme la multa impuesta por la autoridad.<\/p>\n<p class=\"western\">Dicho caso inici\u00f3 en 2015, cuando la Cofece recibi\u00f3 denuncias sobre un presunto acuerdo de directivos de esa empresa con sus pares de la competencia, a fin de inflar los precios en varias rutas de vuelos de pasajeros. Ante ello, la autoridad hizo una visita de inspecci\u00f3n a las oficinas de la aerol\u00ednea el 5 de febrero de 2015 para revisar las comunicaciones electr\u00f3nicas de algunos de sus empleados.<\/p>\n<p class=\"western\">Tras las investigaciones, en las que se confirmaron las pr\u00e1cticas monop\u00f3licas, el 19 de marzo del 2019 se fij\u00f3 la multa mencionada a la aerol\u00ednea, y tambi\u00e9n se sancion\u00f3 a dos de sus ejecutivos.<\/p>\n<p class=\"western\">Sin embargo, el Juzgado Segundo ampar\u00f3 a la empresa bajo el argumento de que la Cofece viol\u00f3 el derecho de la inviolabilidad de las comunicaciones privadas y que, por ende, sobre ellos recae la protecci\u00f3n constitucional.<\/p>\n<p class=\"western\">Inconforme, la Cofece interpuso un recurso de revisi\u00f3n y pidi\u00f3 que la SCJN ejerciera su facultad de atracci\u00f3n sobre el asunto, lo cual fue aprobado e ingres\u00f3 como el amparo en revisi\u00f3n 428\/2023, y fue asignado por turno a la ministra Lenia Batres, quien debati\u00f3 el argumento central que ampar\u00f3 a Aerom\u00e9xico.<\/p>\n<p class=\"western\">\u201cSi obtenida se encontr\u00f3 almacenada o generada en medios electr\u00f3nicos de los agentes econ\u00f3micos investigados y se refiere a cuestiones propias de su actividad comercial, se debe entender que escapa de lo estrictamente privado, al tener el car\u00e1cter de comunicaci\u00f3n profesional y, por tanto, no se incluyen dentro de la esfera de protecci\u00f3n de la inviolabilidad de las comunicaciones privadas\u201d, determin\u00f3 el proyecto aprobado.<\/p>\n<p class=\"western\">Con el fallo de la Corte tambi\u00e9n se avalaron los procedimiento de investigaci\u00f3n que emple\u00f3 la Cofece, que fueron cuestionados.<\/p>\n","protected":false},"excerpt":{"rendered":"<p>La Segunda Sala de la Suprema Corte de Justicia de la Naci\u00f3n (SCJN) confirm\u00f3 este mi\u00e9rcoles la multa de 86<\/p>\n","protected":false},"author":4,"featured_media":56588,"comment_status":"closed","ping_status":"closed","sticky":false,"template":"","format":"standard","meta":{"colormag_page_container_layout":"default_layout","colormag_page_sidebar_layout":"default_layout","_jetpack_memberships_contains_paid_content":false,"footnotes":"","jetpack_publicize_message":"","jetpack_publicize_feature_enabled":true,"jetpack_social_post_already_shared":false,"jetpack_social_options":{"image_generator_settings":{"template":"highway","default_image_id":0,"font":"","enabled":false},"version":2}},"categories":[33],"tags":[],"class_list":["post-56587","post","type-post","status-publish","format-standard","has-post-thumbnail","hentry","category-nacional"],"jetpack_publicize_connections":[],"jetpack_featured_media_url":"https:\/\/i0.wp.com\/politicosaldesnudo.com.mx\/wp-content\/uploads\/2025\/02\/aero-1.jpg?fit=692%2C440&ssl=1","jetpack-related-posts":[],"jetpack_sharing_enabled":true,"_links":{"self":[{"href":"https:\/\/politicosaldesnudo.com.mx\/index.php\/wp-json\/wp\/v2\/posts\/56587","targetHints":{"allow":["GET"]}}],"collection":[{"href":"https:\/\/politicosaldesnudo.com.mx\/index.php\/wp-json\/wp\/v2\/posts"}],"about":[{"href":"https:\/\/politicosaldesnudo.com.mx\/index.php\/wp-json\/wp\/v2\/types\/post"}],"author":[{"embeddable":true,"href":"https:\/\/politicosaldesnudo.com.mx\/index.php\/wp-json\/wp\/v2\/users\/4"}],"replies":[{"embeddable":true,"href":"https:\/\/politicosaldesnudo.com.mx\/index.php\/wp-json\/wp\/v2\/comments?post=56587"}],"version-history":[{"count":0,"href":"https:\/\/politicosaldesnudo.com.mx\/index.php\/wp-json\/wp\/v2\/posts\/56587\/revisions"}],"wp:featuredmedia":[{"embeddable":true,"href":"https:\/\/politicosaldesnudo.com.mx\/index.php\/wp-json\/wp\/v2\/media\/56588"}],"wp:attachment":[{"href":"https:\/\/politicosaldesnudo.com.mx\/index.php\/wp-json\/wp\/v2\/media?parent=56587"}],"wp:term":[{"taxonomy":"category","embeddable":true,"href":"https:\/\/politicosaldesnudo.com.mx\/index.php\/wp-json\/wp\/v2\/categories?post=56587"},{"taxonomy":"post_tag","embeddable":true,"href":"https:\/\/politicosaldesnudo.com.mx\/index.php\/wp-json\/wp\/v2\/tags?post=56587"}],"curies":[{"name":"wp","href":"https:\/\/api.w.org\/{rel}","templated":true}]}}