{"id":56590,"date":"2025-02-13T00:08:14","date_gmt":"2025-02-13T06:08:14","guid":{"rendered":"https:\/\/politicosaldesnudo.com.mx\/?p=56590"},"modified":"2025-02-12T21:50:26","modified_gmt":"2025-02-13T03:50:26","slug":"aprueba-inai-remocion-de-funcionarios-vinculados-a-extorsion","status":"publish","type":"post","link":"https:\/\/politicosaldesnudo.com.mx\/index.php\/2025\/02\/13\/aprueba-inai-remocion-de-funcionarios-vinculados-a-extorsion\/","title":{"rendered":"Aprueba INAI remoci\u00f3n de funcionarios vinculados a extorsi\u00f3n"},"content":{"rendered":"<p class=\"western\">Por unanimidad, el pleno del Instituto Nacional de Transparencia, Acceso a la Informaci\u00f3n y Protecci\u00f3n de Datos Personales (INAI) aprob\u00f3 este mi\u00e9rcoles la remoci\u00f3n de los funcionarios se\u00f1alados por la Federaci\u00f3n Mexicana de Futbol (FMF) por presunta extorsi\u00f3n.<\/p>\n<p class=\"western\">En una sesi\u00f3n p\u00fablica del pleno, \u00f3rgano de direcci\u00f3n del Instituto, el comisionado presidente del INAI, Adri\u00e1n Alcal\u00e1, se\u00f1al\u00f3 que la remoci\u00f3n del secretario de Protecci\u00f3n de Datos Personales, Jonathan Mendoza Izerte, y del director general de Protecci\u00f3n de Derechos de Sanci\u00f3n, Miguel Novoa, fue aprobada para facilitar las investigaciones derivadas de la denuncia que interpuso a finales de enero la FMF. Agreg\u00f3 que dado que el INAI est\u00e1 por desaparecer, se deben acelerar los trabajos para esclarecer los hechos.<\/p>\n<p class=\"western\">La remoci\u00f3n se deriva de una denuncia interpuesta por el secretario t\u00e9cnico de la FMF, \u00cd\u00f1igo Riestra, quien present\u00f3 ante el \u00d3rgano Interno de Control del INAI una denuncia por presunta extorsi\u00f3n cometida por funcionarios del instituto relacionada con multas que le fueron impuestas a la Federaci\u00f3n por 23 millones de pesos por no cumplir las leyes en materia de protecci\u00f3n de datos personales en la aplicaci\u00f3n del Fan ID.<\/p>\n<p class=\"western\">Alcal\u00e1 record\u00f3 que los comisionados del INAI se han deslindado de las acusaciones y subray\u00f3 que la determinaci\u00f3n de separar de sus cargos a Mendoza Izerte y Novoa \u201cno prejuzga a las personas que han sido se\u00f1aladas\u201d.<\/p>\n<p class=\"western\">\u201cHoy se ha tomado la determinaci\u00f3n de remover del cargo al Secretario de Protecci\u00f3n de Datos Personales y al Director General de Protecci\u00f3n de Derechos y Acci\u00f3n de conformidad con la normativa interna, ello con el \u00fanico objetivo de facilitar las investigaciones que se est\u00e1n realizando\u201d, declar\u00f3 el comisionado presidente.<\/p>\n<p class=\"western\">Al subrayar el \u201cabsoluto compromiso\u201d de los comisionados del INAI de apoyar las investigaciones y aclarar lo sucedido, Alcal\u00e1 hizo un reconocimiento al trabajo de Mendoza Izerte y Novoa, y sostuvo que \u201csiempre se han conducido hasta este momento con un trato amable, con un trato respetuoso, con total compromiso y apego al profesionalismo y a las normas internas de este instituto\u201d.<\/p>\n<p class=\"western\">La comisionada Josefina Rom\u00e1n Vergara agradeci\u00f3 la labor de los exfuncionarios y dijo que \u201clas circunstancias nos llevan a decidir lo que pensamos que es mejor institucionalmente solo para efectos de facilitar una investigaci\u00f3n sin que ello signifique, sin que esta decisi\u00f3n signifique ninguna otra cosa\u201d.<\/p>\n<p class=\"western\">La comisionada Norma Julieta del R\u00edo dijo que quienes laboran en el INAI deben cuidar al instituto \u201chasta el \u00faltimo minuto\u201d.<\/p>\n","protected":false},"excerpt":{"rendered":"<p>Por unanimidad, el pleno del Instituto Nacional de Transparencia, Acceso a la Informaci\u00f3n y Protecci\u00f3n de Datos Personales (INAI) aprob\u00f3<\/p>\n","protected":false},"author":4,"featured_media":56591,"comment_status":"closed","ping_status":"closed","sticky":false,"template":"","format":"standard","meta":{"colormag_page_container_layout":"default_layout","colormag_page_sidebar_layout":"default_layout","_jetpack_memberships_contains_paid_content":false,"footnotes":"","jetpack_publicize_message":"","jetpack_publicize_feature_enabled":true,"jetpack_social_post_already_shared":false,"jetpack_social_options":{"image_generator_settings":{"template":"highway","default_image_id":0,"font":"","enabled":false},"version":2}},"categories":[33],"tags":[],"class_list":["post-56590","post","type-post","status-publish","format-standard","has-post-thumbnail","hentry","category-nacional"],"jetpack_publicize_connections":[],"jetpack_featured_media_url":"https:\/\/i0.wp.com\/politicosaldesnudo.com.mx\/wp-content\/uploads\/2025\/02\/462499_4x.jpg?fit=550%2C376&ssl=1","jetpack-related-posts":[],"jetpack_sharing_enabled":true,"_links":{"self":[{"href":"https:\/\/politicosaldesnudo.com.mx\/index.php\/wp-json\/wp\/v2\/posts\/56590","targetHints":{"allow":["GET"]}}],"collection":[{"href":"https:\/\/politicosaldesnudo.com.mx\/index.php\/wp-json\/wp\/v2\/posts"}],"about":[{"href":"https:\/\/politicosaldesnudo.com.mx\/index.php\/wp-json\/wp\/v2\/types\/post"}],"author":[{"embeddable":true,"href":"https:\/\/politicosaldesnudo.com.mx\/index.php\/wp-json\/wp\/v2\/users\/4"}],"replies":[{"embeddable":true,"href":"https:\/\/politicosaldesnudo.com.mx\/index.php\/wp-json\/wp\/v2\/comments?post=56590"}],"version-history":[{"count":0,"href":"https:\/\/politicosaldesnudo.com.mx\/index.php\/wp-json\/wp\/v2\/posts\/56590\/revisions"}],"wp:featuredmedia":[{"embeddable":true,"href":"https:\/\/politicosaldesnudo.com.mx\/index.php\/wp-json\/wp\/v2\/media\/56591"}],"wp:attachment":[{"href":"https:\/\/politicosaldesnudo.com.mx\/index.php\/wp-json\/wp\/v2\/media?parent=56590"}],"wp:term":[{"taxonomy":"category","embeddable":true,"href":"https:\/\/politicosaldesnudo.com.mx\/index.php\/wp-json\/wp\/v2\/categories?post=56590"},{"taxonomy":"post_tag","embeddable":true,"href":"https:\/\/politicosaldesnudo.com.mx\/index.php\/wp-json\/wp\/v2\/tags?post=56590"}],"curies":[{"name":"wp","href":"https:\/\/api.w.org\/{rel}","templated":true}]}}