{"id":56605,"date":"2025-02-13T00:13:00","date_gmt":"2025-02-13T06:13:00","guid":{"rendered":"https:\/\/politicosaldesnudo.com.mx\/?p=56605"},"modified":"2025-02-12T22:24:31","modified_gmt":"2025-02-13T04:24:31","slug":"cruce-de-carga-mexico-eu-con-retrasos-de-hasta-9-horas-en-tamaulipas","status":"publish","type":"post","link":"https:\/\/politicosaldesnudo.com.mx\/index.php\/2025\/02\/13\/cruce-de-carga-mexico-eu-con-retrasos-de-hasta-9-horas-en-tamaulipas\/","title":{"rendered":"Cruce de carga M\u00e9xico-EU, con retrasos de hasta 9 horas en Tamaulipas"},"content":{"rendered":"<p>El cruce internacional de carga entre M\u00e9xico y Estados Unidos enfrenta serias afectaciones debido a problemas en el sistema aduanero, lo que ha provocado retrasos de hasta nueve horas para el tr\u00e1nsito de camiones. De acuerdo con Carlos Fern\u00e1ndez Mart\u00ednez, presidente de la Asociaci\u00f3n de Transportistas de Carga en Nuevo Laredo, la reducci\u00f3n en el flujo comercial ha sido de hasta 65 por ciento, impactando tanto la importaci\u00f3n como la exportaci\u00f3n de mercanc\u00edas.<\/p>\n<p>Las autoridades han implementado programas de emergencia para agilizar los tr\u00e1mites, sin embargo, los transportistas se\u00f1alan que la problem\u00e1tica persiste. Se estima que diariamente cruzan 16 mil camiones por esta frontera, pero actualmente alrededor de 8 mil unidades se ven afectadas por los retrasos. La situaci\u00f3n ha generado preocupaci\u00f3n en el sector, ya que un alargamiento de la crisis podr\u00eda traer consecuencias econ\u00f3micas graves.<\/p>\n<p>El mantenimiento del sistema aduanero es uno de los factores que han influido en estos retrasos. Aunque las autoridades hab\u00edan advertido con anticipaci\u00f3n sobre las posibles afectaciones, los transportistas se\u00f1alan que las medidas preventivas fueron insuficientes, ya que la problem\u00e1tica es de car\u00e1cter nacional y no hay rutas alternas que puedan absorber el flujo de mercanc\u00edas.<\/p>\n<p>Adem\u00e1s de los problemas en el sistema, los transportistas han denunciado deficiencias en la infraestructura, la falta de personal y limitaciones tecnol\u00f3gicas que han agravado la situaci\u00f3n. La combinaci\u00f3n de esos factores ha llevado al sector a un punto cr\u00edtico, generando incertidumbre sobre la pronta resoluci\u00f3n del conflicto y sobre futuras fallas en el sistema.<\/p>\n<p>Ante la crisis, los transportistas han manifestado su esperanza de que las autoridades tomen decisiones adecuadas y destinen los recursos necesarios para mejorar la infraestructura y agilizar los procesos aduaneros. Mientras tanto, el comercio internacional enfrenta una de sus semanas m\u00e1s dif\u00edciles debido a las largas filas y tiempos de espera en el cruce fronterizo.<\/p>\n","protected":false},"excerpt":{"rendered":"<p>El cruce internacional de carga entre M\u00e9xico y Estados Unidos enfrenta serias afectaciones debido a problemas en el sistema aduanero,<\/p>\n","protected":false},"author":4,"featured_media":56606,"comment_status":"closed","ping_status":"closed","sticky":false,"template":"","format":"standard","meta":{"colormag_page_container_layout":"default_layout","colormag_page_sidebar_layout":"default_layout","_jetpack_memberships_contains_paid_content":false,"footnotes":"","jetpack_publicize_message":"","jetpack_publicize_feature_enabled":true,"jetpack_social_post_already_shared":false,"jetpack_social_options":{"image_generator_settings":{"template":"highway","default_image_id":0,"font":"","enabled":false},"version":2}},"categories":[30],"tags":[],"class_list":["post-56605","post","type-post","status-publish","format-standard","has-post-thumbnail","hentry","category-estados"],"jetpack_publicize_connections":[],"jetpack_featured_media_url":"https:\/\/i0.wp.com\/politicosaldesnudo.com.mx\/wp-content\/uploads\/2025\/02\/462494_4x.jpg?fit=550%2C350&ssl=1","jetpack-related-posts":[],"jetpack_sharing_enabled":true,"_links":{"self":[{"href":"https:\/\/politicosaldesnudo.com.mx\/index.php\/wp-json\/wp\/v2\/posts\/56605","targetHints":{"allow":["GET"]}}],"collection":[{"href":"https:\/\/politicosaldesnudo.com.mx\/index.php\/wp-json\/wp\/v2\/posts"}],"about":[{"href":"https:\/\/politicosaldesnudo.com.mx\/index.php\/wp-json\/wp\/v2\/types\/post"}],"author":[{"embeddable":true,"href":"https:\/\/politicosaldesnudo.com.mx\/index.php\/wp-json\/wp\/v2\/users\/4"}],"replies":[{"embeddable":true,"href":"https:\/\/politicosaldesnudo.com.mx\/index.php\/wp-json\/wp\/v2\/comments?post=56605"}],"version-history":[{"count":0,"href":"https:\/\/politicosaldesnudo.com.mx\/index.php\/wp-json\/wp\/v2\/posts\/56605\/revisions"}],"wp:featuredmedia":[{"embeddable":true,"href":"https:\/\/politicosaldesnudo.com.mx\/index.php\/wp-json\/wp\/v2\/media\/56606"}],"wp:attachment":[{"href":"https:\/\/politicosaldesnudo.com.mx\/index.php\/wp-json\/wp\/v2\/media?parent=56605"}],"wp:term":[{"taxonomy":"category","embeddable":true,"href":"https:\/\/politicosaldesnudo.com.mx\/index.php\/wp-json\/wp\/v2\/categories?post=56605"},{"taxonomy":"post_tag","embeddable":true,"href":"https:\/\/politicosaldesnudo.com.mx\/index.php\/wp-json\/wp\/v2\/tags?post=56605"}],"curies":[{"name":"wp","href":"https:\/\/api.w.org\/{rel}","templated":true}]}}