{"id":56614,"date":"2025-02-13T00:16:33","date_gmt":"2025-02-13T06:16:33","guid":{"rendered":"https:\/\/politicosaldesnudo.com.mx\/?p=56614"},"modified":"2025-02-12T22:28:38","modified_gmt":"2025-02-13T04:28:38","slug":"canaco-veracruz-ofertara-2-mil-empleos-para-migrantes-mexicanos","status":"publish","type":"post","link":"https:\/\/politicosaldesnudo.com.mx\/index.php\/2025\/02\/13\/canaco-veracruz-ofertara-2-mil-empleos-para-migrantes-mexicanos\/","title":{"rendered":"Canaco Veracruz ofertar\u00e1 2 mil empleos para migrantes mexicanos"},"content":{"rendered":"<p>La C\u00e1mara Nacional de Comercio (Canaco) en Veracruz se\u00f1al\u00f3 que podr\u00edan ofertar aproximadamente 2 mil empleos, en diversos rubros, para los migrantes mexicanos que sean deportados desde Estados Unidos a ra\u00edz de las pol\u00edticas implementadas por el presidente Donald Trump.<\/p>\n<p>Jos\u00e9 Tom\u00e1s M\u00e9ndez Valerio, presidente de Canaco Servytur Veracruz, dijo que se trata de fuentes de trabajo en la zona conurbada Veracruz-Boca del R\u00edo y que se implementar\u00edan en \u00e1reas como zapater\u00edas, restaurantes y tiendas departamentales, entre otros.<\/p>\n<p>Detall\u00f3 que depender\u00e1 de cada empresa, de acuerdo a sus necesidades y capacidades, si dichos empleos son de car\u00e1cter temporal o fijo.<\/p>\n<p>\u201cEstamos hablando a nivel nacional entre 150 mil y 200 mil vacantes, yo considero que en la zona conurbada podemos registrar o tener acceso a unas 2 mil vacantes\u201d, coment\u00f3 el l\u00edder empresarial.<\/p>\n<p>Dicha oferta forma parte del programa Amigo Migrante, M\u00e9xico Te Abraza, impulsado por el gobierno de la presidenta, Claudia Sheimbaum Pardo, al cual los empresarios se\u00f1alaron que se unir\u00e1n.<\/p>\n<p>En ese sentido, M\u00e9ndez Valerio dijo que la Canaco cuenta con m\u00e1s de 5 mil agremiados; sin embargo, adelant\u00f3 que no todos tienen necesidad de abrir nuevas vacantes, por lo que la oferta de empleos depender\u00e1 de ello.<\/p>\n<p>Coment\u00f3 que en breve se colocar\u00e1n carteles en los negocios que pertenecen al programa y a\u00f1adi\u00f3 que dicha oferta ser\u00e1 s\u00f3lo para migrantes mexicanos.<\/p>\n","protected":false},"excerpt":{"rendered":"<p>La C\u00e1mara Nacional de Comercio (Canaco) en Veracruz se\u00f1al\u00f3 que podr\u00edan ofertar aproximadamente 2 mil empleos, en diversos rubros, para<\/p>\n","protected":false},"author":4,"featured_media":56615,"comment_status":"closed","ping_status":"closed","sticky":false,"template":"","format":"standard","meta":{"colormag_page_container_layout":"default_layout","colormag_page_sidebar_layout":"default_layout","_jetpack_memberships_contains_paid_content":false,"footnotes":"","jetpack_publicize_message":"","jetpack_publicize_feature_enabled":true,"jetpack_social_post_already_shared":false,"jetpack_social_options":{"image_generator_settings":{"template":"highway","default_image_id":0,"font":"","enabled":false},"version":2}},"categories":[30],"tags":[],"class_list":["post-56614","post","type-post","status-publish","format-standard","has-post-thumbnail","hentry","category-estados"],"jetpack_publicize_connections":[],"jetpack_featured_media_url":"https:\/\/i0.wp.com\/politicosaldesnudo.com.mx\/wp-content\/uploads\/2025\/02\/trab.jpg?fit=772%2C426&ssl=1","jetpack-related-posts":[],"jetpack_sharing_enabled":true,"_links":{"self":[{"href":"https:\/\/politicosaldesnudo.com.mx\/index.php\/wp-json\/wp\/v2\/posts\/56614","targetHints":{"allow":["GET"]}}],"collection":[{"href":"https:\/\/politicosaldesnudo.com.mx\/index.php\/wp-json\/wp\/v2\/posts"}],"about":[{"href":"https:\/\/politicosaldesnudo.com.mx\/index.php\/wp-json\/wp\/v2\/types\/post"}],"author":[{"embeddable":true,"href":"https:\/\/politicosaldesnudo.com.mx\/index.php\/wp-json\/wp\/v2\/users\/4"}],"replies":[{"embeddable":true,"href":"https:\/\/politicosaldesnudo.com.mx\/index.php\/wp-json\/wp\/v2\/comments?post=56614"}],"version-history":[{"count":0,"href":"https:\/\/politicosaldesnudo.com.mx\/index.php\/wp-json\/wp\/v2\/posts\/56614\/revisions"}],"wp:featuredmedia":[{"embeddable":true,"href":"https:\/\/politicosaldesnudo.com.mx\/index.php\/wp-json\/wp\/v2\/media\/56615"}],"wp:attachment":[{"href":"https:\/\/politicosaldesnudo.com.mx\/index.php\/wp-json\/wp\/v2\/media?parent=56614"}],"wp:term":[{"taxonomy":"category","embeddable":true,"href":"https:\/\/politicosaldesnudo.com.mx\/index.php\/wp-json\/wp\/v2\/categories?post=56614"},{"taxonomy":"post_tag","embeddable":true,"href":"https:\/\/politicosaldesnudo.com.mx\/index.php\/wp-json\/wp\/v2\/tags?post=56614"}],"curies":[{"name":"wp","href":"https:\/\/api.w.org\/{rel}","templated":true}]}}