{"id":56667,"date":"2025-02-14T00:02:25","date_gmt":"2025-02-14T06:02:25","guid":{"rendered":"https:\/\/politicosaldesnudo.com.mx\/?p=56667"},"modified":"2025-02-13T21:40:02","modified_gmt":"2025-02-14T03:40:02","slug":"favorecido-beto-silva-en-encuesta","status":"publish","type":"post","link":"https:\/\/politicosaldesnudo.com.mx\/index.php\/2025\/02\/14\/favorecido-beto-silva-en-encuesta\/","title":{"rendered":"Favorecido Beto Silva en Encuesta"},"content":{"rendered":"<p>De manera extraoficial se filtr\u00f3 la lista de los primeros resultados de la Encuesta que Morena est\u00e1 realizando en este municipio, donde Alberto Silva Ramos va arriba con un aproximado del 65 por ciento.<\/p>\n<p>Simpatizantes del exalcalde, dijeron sentirse muy contentos por la aceptaci\u00f3n que tiene Beto Silva entre los ciudadanos, con qui\u00e9n comparten un proyecto de gran visi\u00f3n para este municipio.<\/p>\n<p>Cabe mencionar, que, seg\u00fan el Comit\u00e9 Ejecutivo Nacional de Morena, en la ciudad de M\u00e9xico, estos ser\u00edan los primeros resultados de las encuestas del Movimiento de Regeneraci\u00f3n Nacional en el estado de Veracruz, sin embargo, tambi\u00e9n el dirigente estatal de dicho partido en Veracruz se\u00f1al\u00f3 que no hay que adelantarse y que todav\u00eda no hay nada para nadie, calificando como falsos dichos resultados.<\/p>\n<p>Extraoficialmente se supo que dicha lista corresponde al resultado de una primera fase, tras una encuesta que se viene realizando casa por casa, a trav\u00e9s de una encuestadora nacional; no obstante, habr\u00e1 una segunda y <span id=\"_GoBack\"><\/span>tercera fase en la que podr\u00edan mantenerse o variar los resultados.<\/p>\n<p>A decir de los simpatizantes, estos resultados se har\u00e1n oficiales en los pr\u00f3ximos d\u00edas, que el partido revele las nominaciones para cada municipio de la entidad veracruzana, donde esperan obtener la mayor cantidad de municipios ganados.<\/p>\n","protected":false},"excerpt":{"rendered":"<p>De manera extraoficial se filtr\u00f3 la lista de los primeros resultados de la Encuesta que Morena est\u00e1 realizando en este<\/p>\n","protected":false},"author":4,"featured_media":56668,"comment_status":"closed","ping_status":"closed","sticky":false,"template":"","format":"standard","meta":{"colormag_page_container_layout":"default_layout","colormag_page_sidebar_layout":"default_layout","_jetpack_memberships_contains_paid_content":false,"footnotes":"","jetpack_publicize_message":"","jetpack_publicize_feature_enabled":true,"jetpack_social_post_already_shared":false,"jetpack_social_options":{"image_generator_settings":{"template":"highway","default_image_id":0,"font":"","enabled":false},"version":2}},"categories":[1082],"tags":[],"class_list":["post-56667","post","type-post","status-publish","format-standard","has-post-thumbnail","hentry","category-tuxpan"],"jetpack_publicize_connections":[],"jetpack_featured_media_url":"https:\/\/i0.wp.com\/politicosaldesnudo.com.mx\/wp-content\/uploads\/2025\/02\/6a-2.jpg?fit=1235%2C960&ssl=1","jetpack-related-posts":[],"jetpack_sharing_enabled":true,"_links":{"self":[{"href":"https:\/\/politicosaldesnudo.com.mx\/index.php\/wp-json\/wp\/v2\/posts\/56667","targetHints":{"allow":["GET"]}}],"collection":[{"href":"https:\/\/politicosaldesnudo.com.mx\/index.php\/wp-json\/wp\/v2\/posts"}],"about":[{"href":"https:\/\/politicosaldesnudo.com.mx\/index.php\/wp-json\/wp\/v2\/types\/post"}],"author":[{"embeddable":true,"href":"https:\/\/politicosaldesnudo.com.mx\/index.php\/wp-json\/wp\/v2\/users\/4"}],"replies":[{"embeddable":true,"href":"https:\/\/politicosaldesnudo.com.mx\/index.php\/wp-json\/wp\/v2\/comments?post=56667"}],"version-history":[{"count":0,"href":"https:\/\/politicosaldesnudo.com.mx\/index.php\/wp-json\/wp\/v2\/posts\/56667\/revisions"}],"wp:featuredmedia":[{"embeddable":true,"href":"https:\/\/politicosaldesnudo.com.mx\/index.php\/wp-json\/wp\/v2\/media\/56668"}],"wp:attachment":[{"href":"https:\/\/politicosaldesnudo.com.mx\/index.php\/wp-json\/wp\/v2\/media?parent=56667"}],"wp:term":[{"taxonomy":"category","embeddable":true,"href":"https:\/\/politicosaldesnudo.com.mx\/index.php\/wp-json\/wp\/v2\/categories?post=56667"},{"taxonomy":"post_tag","embeddable":true,"href":"https:\/\/politicosaldesnudo.com.mx\/index.php\/wp-json\/wp\/v2\/tags?post=56667"}],"curies":[{"name":"wp","href":"https:\/\/api.w.org\/{rel}","templated":true}]}}