{"id":56673,"date":"2025-02-14T00:05:19","date_gmt":"2025-02-14T06:05:19","guid":{"rendered":"https:\/\/politicosaldesnudo.com.mx\/?p=56673"},"modified":"2025-02-13T21:59:38","modified_gmt":"2025-02-14T03:59:38","slug":"aprueban-en-senado-reforma-a-ley-del-infonavit","status":"publish","type":"post","link":"https:\/\/politicosaldesnudo.com.mx\/index.php\/2025\/02\/14\/aprueban-en-senado-reforma-a-ley-del-infonavit\/","title":{"rendered":"Aprueban en Senado reforma a Ley del Infonavit"},"content":{"rendered":"<p class=\"western\">Con el aval de Morena y sus aliados, el Senado de la Rep\u00fablica aprob\u00f3 la la reforma a la Ley del Infonavit, al aceptar los cambios que la C\u00e1mara de Diputados formul\u00f3 a la minuta, luego de casi seis horas de discusi\u00f3n, en las que los legisladores de la 4T se confrontaron con la oposici\u00f3n, que en todo momento se opuso a esa legislaci\u00f3n, encaminada a lograr viviendas dignas y a bajo costo, sobre todo para los trabajadores de menores ingresos.<\/p>\n<p class=\"western\">La minuta fue turnada a la presidenta Claudia Sheinbaum, para su promulgaci\u00f3n.<\/p>\n<p class=\"western\">La minuta, que es la segunda ocasi\u00f3n que pasa por el Senado, fue aprobada primero en lo general, con 71 votos a favor, 36 en contra y dos abstenciones, una de ellas del morenista Ricardo Sheffield, fue objetada por PRI y PAN que repitieron una y otra vez que la intenci\u00f3n del gobierno federal es quedarse con los 2.5 billones de pesos que tiene en sus arcas el Infonavit.<\/p>\n<p class=\"western\">\u201cLos que se robaron los fondos de vivienda de los trabajadores fueron ustedes\u201d, les respondi\u00f3 la ex panista y ahora senadora de Morena, Judith D\u00edaz, qui\u00e9n subi\u00f3 a tribuna acompa\u00f1ada de otras senadoras del guinda y con grandes pancartas, alusivas a la corrupci\u00f3n de gobiernos pri\u00edstas y panistas.<\/p>\n<p class=\"western\">Uno de los cartelones dec\u00eda: \u201cInfonavit triangul\u00f3 mil millones de pesos al ex presidente Felipe Calder\u00f3n\u201d.<\/p>\n<p class=\"western\">A los opositores les disgust\u00f3 la creaci\u00f3n de la empresa filial del Infonavit, que se encargar\u00e1 de la construcci\u00f3n, junto con compa\u00f1\u00edas privadas de viviendas para renta y para adquisici\u00f3n de senadores que perciben menos de tres salarios m\u00ednimos.<\/p>\n<p class=\"western\">El debate se torno r\u00edspido, ya que los opositores insistieron en que se trata de \u201cun atraco\u201d a los trabajadores y les molest\u00f3 mucho que entre se haya dado voz y voto al director del Infonavit en las decisiones de la Asamblea General del Instituto y del Consejo de Adminisraci\u00f3n.<\/p>\n<p class=\"western\">El senador Alejandro Murat respondi\u00f3 a Marko Cort\u00e9s, qui\u00e9n dijo que ni su bancada lo defiende. \u201cNo necesito que nadie me defienda de se\u00f1alamientos mentirosos, aqu\u00ed estoy\u201d y defendi\u00f3 las facultades de control que se dan al titular del Instituto.<\/p>\n<p class=\"western\">\u201cEl Infonavit tiene un gobierno corporativo, que se mantiene en su m\u00e1xima autoridad, que es la Asamblea y en el Consejo de Administraci\u00f3n\u201d, recalc\u00f3<\/p>\n<p class=\"western\">Muchos otros senadores de Morena defendieron esa nueva conformaci\u00f3n corporativa, que pone freno a las decisiones de los sectores obrero y empresarial, que permitieron la corrupci\u00f3n con los recursos de los trabajadores.<\/p>\n<p class=\"western\">La morenista Guadalupe Chavira aclar\u00f3 que a la filial del Infonavit s\u00f3lo se le destinar\u00e1 el 0.55 por ciento de los gastos de operaci\u00f3n del Infonavit y se trata de dinero con el que se pagaban altos emolumentos de los representantes sindicales y patronales que asist\u00edan a las asambleas y sesiones del Consejo de Administraci\u00f3n.<\/p>\n<p class=\"western\">El tambi\u00e9n morenista Alfonso Cepeda Salas, dirigente del SNTE, sostuvo que \u201cson alcanzar sin la justicia social, sin dilaciones, el Infonavit ha beneficiado a muchos, pero no a los trabajadores y por ello es de gran relevancia esa reforma, \u201cpara que nunca m\u00e1s la clase trabajadora contrate cr\u00e9ditos impagables, para que que no se les caiga la casa antes que acaben de pagarla\u201d.<\/p>\n<p class=\"western\">El presidente de la Comisi\u00f3n de Estudios Legislativos, Enrique Inzunza, resalt\u00f3 que se regula la figura de arrendamiento social, \u201cmarcando un hito en la legislaci\u00f3n en materia de vivienda en M\u00e9xico.<\/p>\n<p class=\"western\">Explic\u00f3 luego los cambios realizados por los diputados a la minuta, el primero, establece que los integrantes de los \u00f3rganos colegiados no recibir\u00e1n remuneraci\u00f3n; se faculta a la Secretar\u00eda de Hacienda y Cr\u00e9dito P\u00fablico y a la Comisi\u00f3n Nacional Bancaria y de Valores para supervisar y vigilar las operaciones de cr\u00e9dito del Infonavit bajo un enfoque social garantizando viabilidad financiera y t\u00e9cnica. La ASF mantendr\u00e1 su funci\u00f3n fiscalizadora como organismo aut\u00f3nomo, para garantizar \u201ctotal l transparencia y supervisi\u00f3n\u201d,<\/p>\n<p class=\"western\">Asimismo, se modific\u00f3 a la integraci\u00f3n de la Asamblea General y el Consejo de Administraci\u00f3n, incluyendo a la persona titular de la direcci\u00f3n general con voz y voto y estableciendo representaci\u00f3n paritaria en la Comisi\u00f3n de Vigilancia, el Comit\u00e9 de Auditor\u00eda y el Comit\u00e9 de Transparencia.<\/p>\n<p class=\"western\">Se dota al Consejo de Administraci\u00f3n la facultad de aprobar anualmente el presupuesto de inversi\u00f3n en construcci\u00f3n para fortalecer la oferta de vivienda, se se\u00f1ala claramente la obligaci\u00f3n del Infonavit para poner a disposici\u00f3n del p\u00fablico informaci\u00f3n actualizada sobre la administraci\u00f3n del fondo de inversi\u00f3n, proyectos de construcci\u00f3n y contrataci\u00f3n de proveedores.<\/p>\n<p class=\"western\">Un sexto cambio fue para asegurar que los cr\u00e9ditos y ahorros de los trabajadores ser\u00e1n intocables en materia de fiscalizaci\u00f3n y se establece la cancelaci\u00f3n de proyectos incumplidos con la restituci\u00f3n de recursos a las personas afectadas.<\/p>\n<p class=\"western\">Todas las reservas presentadas por la oposici\u00f3n se desecharon, entre aplausos del grupo mayoritario.<\/p>\n","protected":false},"excerpt":{"rendered":"<p>Con el aval de Morena y sus aliados, el Senado de la Rep\u00fablica aprob\u00f3 la la reforma a la Ley<\/p>\n","protected":false},"author":4,"featured_media":56674,"comment_status":"closed","ping_status":"closed","sticky":false,"template":"","format":"standard","meta":{"colormag_page_container_layout":"default_layout","colormag_page_sidebar_layout":"default_layout","_jetpack_memberships_contains_paid_content":false,"footnotes":"","jetpack_publicize_message":"","jetpack_publicize_feature_enabled":true,"jetpack_social_post_already_shared":false,"jetpack_social_options":{"image_generator_settings":{"template":"highway","default_image_id":0,"font":"","enabled":false},"version":2}},"categories":[33],"tags":[],"class_list":["post-56673","post","type-post","status-publish","format-standard","has-post-thumbnail","hentry","category-nacional"],"jetpack_publicize_connections":[],"jetpack_featured_media_url":"https:\/\/i0.wp.com\/politicosaldesnudo.com.mx\/wp-content\/uploads\/2025\/02\/ASDKLNI.jpg?fit=762%2C480&ssl=1","jetpack-related-posts":[],"jetpack_sharing_enabled":true,"_links":{"self":[{"href":"https:\/\/politicosaldesnudo.com.mx\/index.php\/wp-json\/wp\/v2\/posts\/56673","targetHints":{"allow":["GET"]}}],"collection":[{"href":"https:\/\/politicosaldesnudo.com.mx\/index.php\/wp-json\/wp\/v2\/posts"}],"about":[{"href":"https:\/\/politicosaldesnudo.com.mx\/index.php\/wp-json\/wp\/v2\/types\/post"}],"author":[{"embeddable":true,"href":"https:\/\/politicosaldesnudo.com.mx\/index.php\/wp-json\/wp\/v2\/users\/4"}],"replies":[{"embeddable":true,"href":"https:\/\/politicosaldesnudo.com.mx\/index.php\/wp-json\/wp\/v2\/comments?post=56673"}],"version-history":[{"count":0,"href":"https:\/\/politicosaldesnudo.com.mx\/index.php\/wp-json\/wp\/v2\/posts\/56673\/revisions"}],"wp:featuredmedia":[{"embeddable":true,"href":"https:\/\/politicosaldesnudo.com.mx\/index.php\/wp-json\/wp\/v2\/media\/56674"}],"wp:attachment":[{"href":"https:\/\/politicosaldesnudo.com.mx\/index.php\/wp-json\/wp\/v2\/media?parent=56673"}],"wp:term":[{"taxonomy":"category","embeddable":true,"href":"https:\/\/politicosaldesnudo.com.mx\/index.php\/wp-json\/wp\/v2\/categories?post=56673"},{"taxonomy":"post_tag","embeddable":true,"href":"https:\/\/politicosaldesnudo.com.mx\/index.php\/wp-json\/wp\/v2\/tags?post=56673"}],"curies":[{"name":"wp","href":"https:\/\/api.w.org\/{rel}","templated":true}]}}