{"id":56679,"date":"2025-02-14T00:07:53","date_gmt":"2025-02-14T06:07:53","guid":{"rendered":"https:\/\/politicosaldesnudo.com.mx\/?p=56679"},"modified":"2025-02-13T22:04:05","modified_gmt":"2025-02-14T04:04:05","slug":"ante-atraso-del-concesionario-obras-del-tren-cdmx-aifa-pasa-a-militares","status":"publish","type":"post","link":"https:\/\/politicosaldesnudo.com.mx\/index.php\/2025\/02\/14\/ante-atraso-del-concesionario-obras-del-tren-cdmx-aifa-pasa-a-militares\/","title":{"rendered":"Ante atraso del concesionario, obras del tren CDMX-AIFA pasa a militares"},"content":{"rendered":"<p>Al informar sobre los avances en la construcci\u00f3n de trenes de pasajeros, la presidenta Claudia Sheinbaum Pardo anunci\u00f3 que entreg\u00f3 a los ingenieros militares las obras del tren de la Ciudad de M\u00e9xico al Aeropuerto Internacional \u201cFelipe \u00c1ngeles\u201d, ante el atraso del concesionario al que inicialmente se le hab\u00eda otorgado el proyecto, durante el sexenio anterior. Ya llevaban \u201cun buen rato\u201d, dijo y ahora el tren se inaugurar\u00e1 en julio pr\u00f3ximo.<\/p>\n<p>En la ma\u00f1anera del pueblo, el general Gustavo Ricardo Vallejo Su\u00e1rez, comandante del Agrupamiento de Ingenieros \u00abFelipe \u00c1ngeles\u00bb, dijo que \u201cM\u00e9xico es capaz de construir, al menos desde la perspectiva del Estado mexicano, un kil\u00f3metro 130 metros de v\u00eda f\u00e9rrea diariamente, incluidas estaciones, paraderos, bases de mantenimiento, obras de transversal, levantamiento de antenas de alta atenci\u00f3n, entonces tenemos la capacidad\u201d de construir los 3 mil kil\u00f3metros planteados como meta sexenal.<\/p>\n<p>\u201cTenemos la capacidad de soporte para construir infraestructura y lo logramos porque en M\u00e9xico hay mano suficiente y de calidad, as\u00ed como materiales de buena calidad\u201d, asegur\u00f3 el militar.<\/p>\n<p>\u201cSeis a\u00f1os despu\u00e9s de construir v\u00edas f\u00e9rreas, ya tenemos experiencia t\u00e9cnica y capacidad instalada para hacerlo. Evidentemente este es un gran detonante para crecimiento econ\u00f3mico, v\u00eda construcci\u00f3n de obra p\u00fablica\u201d, a\u00f1adi\u00f3.<\/p>\n<p>La mandataria precis\u00f3 que el concesionario a cargo del tren M\u00e9xico-AIFA \u201chace un buen rato\u201d, desde la administraci\u00f3n del presidente Andr\u00e9s Manuel L\u00f3pez Obrador, empez\u00f3 la construcci\u00f3n, \u201cy cuando nosotros entramos, tomamos la decisi\u00f3n de que esa obra la hicieran tambi\u00e9n los ingenieros militares, y ahora se tiene un avance impresionante. Se va a inaugurar en julio de este a\u00f1o\u201d.<\/p>\n<p>Dijo que en marzo empieza la construcci\u00f3n del tren del AIFA a Pachuca y este a\u00f1o inician, adem\u00e1s las obras de los trenes M\u00e9xico-Quer\u00e9taro; Quer\u00e9taro-Irapuato y Saltillo-Nuevo Laredo.<\/p>\n","protected":false},"excerpt":{"rendered":"<p>Al informar sobre los avances en la construcci\u00f3n de trenes de pasajeros, la presidenta Claudia Sheinbaum Pardo anunci\u00f3 que entreg\u00f3<\/p>\n","protected":false},"author":4,"featured_media":56680,"comment_status":"closed","ping_status":"closed","sticky":false,"template":"","format":"standard","meta":{"colormag_page_container_layout":"default_layout","colormag_page_sidebar_layout":"default_layout","_jetpack_memberships_contains_paid_content":false,"footnotes":"","jetpack_publicize_message":"","jetpack_publicize_feature_enabled":true,"jetpack_social_post_already_shared":false,"jetpack_social_options":{"image_generator_settings":{"template":"highway","default_image_id":0,"font":"","enabled":false},"version":2}},"categories":[33],"tags":[],"class_list":["post-56679","post","type-post","status-publish","format-standard","has-post-thumbnail","hentry","category-nacional"],"jetpack_publicize_connections":[],"jetpack_featured_media_url":"https:\/\/i0.wp.com\/politicosaldesnudo.com.mx\/wp-content\/uploads\/2025\/02\/MIL.jpg?fit=717%2C470&ssl=1","jetpack-related-posts":[],"jetpack_sharing_enabled":true,"_links":{"self":[{"href":"https:\/\/politicosaldesnudo.com.mx\/index.php\/wp-json\/wp\/v2\/posts\/56679","targetHints":{"allow":["GET"]}}],"collection":[{"href":"https:\/\/politicosaldesnudo.com.mx\/index.php\/wp-json\/wp\/v2\/posts"}],"about":[{"href":"https:\/\/politicosaldesnudo.com.mx\/index.php\/wp-json\/wp\/v2\/types\/post"}],"author":[{"embeddable":true,"href":"https:\/\/politicosaldesnudo.com.mx\/index.php\/wp-json\/wp\/v2\/users\/4"}],"replies":[{"embeddable":true,"href":"https:\/\/politicosaldesnudo.com.mx\/index.php\/wp-json\/wp\/v2\/comments?post=56679"}],"version-history":[{"count":0,"href":"https:\/\/politicosaldesnudo.com.mx\/index.php\/wp-json\/wp\/v2\/posts\/56679\/revisions"}],"wp:featuredmedia":[{"embeddable":true,"href":"https:\/\/politicosaldesnudo.com.mx\/index.php\/wp-json\/wp\/v2\/media\/56680"}],"wp:attachment":[{"href":"https:\/\/politicosaldesnudo.com.mx\/index.php\/wp-json\/wp\/v2\/media?parent=56679"}],"wp:term":[{"taxonomy":"category","embeddable":true,"href":"https:\/\/politicosaldesnudo.com.mx\/index.php\/wp-json\/wp\/v2\/categories?post=56679"},{"taxonomy":"post_tag","embeddable":true,"href":"https:\/\/politicosaldesnudo.com.mx\/index.php\/wp-json\/wp\/v2\/tags?post=56679"}],"curies":[{"name":"wp","href":"https:\/\/api.w.org\/{rel}","templated":true}]}}