{"id":56700,"date":"2025-02-14T00:14:11","date_gmt":"2025-02-14T06:14:11","guid":{"rendered":"https:\/\/politicosaldesnudo.com.mx\/?p=56700"},"modified":"2025-02-13T22:24:21","modified_gmt":"2025-02-14T04:24:21","slug":"se-usara-ia-para-crear-programa-de-gobierno-de-guanajuato","status":"publish","type":"post","link":"https:\/\/politicosaldesnudo.com.mx\/index.php\/2025\/02\/14\/se-usara-ia-para-crear-programa-de-gobierno-de-guanajuato\/","title":{"rendered":"Se usar\u00e1 IA para crear programa de gobierno de Guanajuato"},"content":{"rendered":"<p>El gobierno de Guanajuato medir\u00e1 con inteligencia artificial (IA) los impactos de las pol\u00edticas p\u00fablicas y ser\u00e1 usado para la integraci\u00f3n del Programa de Gobierno (2024-2030), anunci\u00f3 la gobernadora Libia Garc\u00eda Mu\u00f1oz Ledo.<\/p>\n<p>La administraci\u00f3n estatal har\u00e1 historia en el uso de la IA para medir las pol\u00edticas p\u00fablicas y en dar respuesta de forma f\u00e1cil a las inquietudes de la sociedad, explic\u00f3 la mandataria al tomar protesta a los integrantes del Consejo de Planeaci\u00f3n para el Desarrollo del Estado de Guanajuato (Copladeg).<\/p>\n<p>\u201cHaremos historia juntos con el primer Programa de Gobierno de Guanajuato que tiene inteligencia artificial; esto marca un hito\u201d, resalt\u00f3.<\/p>\n<p>Agreg\u00f3 que el uso de la IA ser\u00e1 una herramienta con estrategias focalizadas que servir\u00e1 a los funcionarios p\u00fablicos para tomar decisiones oportunas.<\/p>\n<p>\u201cLa toma de decisiones ser\u00e1 m\u00e1s asertiva, porque no ser\u00e1 la de una sola persona, sino que va a ser el conjunto de acciones, visiones, de la escucha que nos arroja claridad de hacia d\u00f3nde debe ir el estado\u201d, explic\u00f3.<\/p>\n<p>Record\u00f3 que cuando comenz\u00f3 la elaboraci\u00f3n del Programa de Gobierno ten\u00eda claro que no ser\u00eda un documento que ser\u00eda archivado.<\/p>\n<p>\u201cHemos entendido que la inteligencia artificial aprende; entre m\u00e1s informaci\u00f3n le facilitemos, m\u00e1s nos ayudar\u00e1 en el futuro\u201d, se\u00f1al\u00f3.<\/p>\n<p>A\u00f1adi\u00f3 que \u201ces un regalo para Guanajuato este instrumento, que ser\u00e1 alimentado los pr\u00f3ximos seis a\u00f1os para darle rumbo, visi\u00f3n y decisi\u00f3n al estado\u201d.<\/p>\n<p>La gobernadora adelant\u00f3 que cuando el Programa de Gobierno est\u00e9 terminado la poblaci\u00f3n podr\u00e1 consultarlo.<\/p>\n<p>El programa estar\u00e1 alineado al Plan de Desarrollo 2050, que tiene como ejes rectores la tranquilidad, seguridad y justicia, la igualdad, la transparencia, la educaci\u00f3n y cultura; la econom\u00eda y la sustentabilidad, enumer\u00f3.<\/p>\n<p>El documento tiene tres ejes transversales de impulso a las mujeres, atenci\u00f3n a las juventudes, e innovaci\u00f3n tecnol\u00f3gica y digitalizaci\u00f3n.<\/p>\n","protected":false},"excerpt":{"rendered":"<p>El gobierno de Guanajuato medir\u00e1 con inteligencia artificial (IA) los impactos de las pol\u00edticas p\u00fablicas y ser\u00e1 usado para la<\/p>\n","protected":false},"author":4,"featured_media":56701,"comment_status":"closed","ping_status":"closed","sticky":false,"template":"","format":"standard","meta":{"colormag_page_container_layout":"default_layout","colormag_page_sidebar_layout":"default_layout","_jetpack_memberships_contains_paid_content":false,"footnotes":"","jetpack_publicize_message":"","jetpack_publicize_feature_enabled":true,"jetpack_social_post_already_shared":false,"jetpack_social_options":{"image_generator_settings":{"template":"highway","default_image_id":0,"font":"","enabled":false},"version":2}},"categories":[30],"tags":[],"class_list":["post-56700","post","type-post","status-publish","format-standard","has-post-thumbnail","hentry","category-estados"],"jetpack_publicize_connections":[],"jetpack_featured_media_url":"https:\/\/i0.wp.com\/politicosaldesnudo.com.mx\/wp-content\/uploads\/2025\/02\/ISA.jpg?fit=747%2C356&ssl=1","jetpack-related-posts":[],"jetpack_sharing_enabled":true,"_links":{"self":[{"href":"https:\/\/politicosaldesnudo.com.mx\/index.php\/wp-json\/wp\/v2\/posts\/56700","targetHints":{"allow":["GET"]}}],"collection":[{"href":"https:\/\/politicosaldesnudo.com.mx\/index.php\/wp-json\/wp\/v2\/posts"}],"about":[{"href":"https:\/\/politicosaldesnudo.com.mx\/index.php\/wp-json\/wp\/v2\/types\/post"}],"author":[{"embeddable":true,"href":"https:\/\/politicosaldesnudo.com.mx\/index.php\/wp-json\/wp\/v2\/users\/4"}],"replies":[{"embeddable":true,"href":"https:\/\/politicosaldesnudo.com.mx\/index.php\/wp-json\/wp\/v2\/comments?post=56700"}],"version-history":[{"count":0,"href":"https:\/\/politicosaldesnudo.com.mx\/index.php\/wp-json\/wp\/v2\/posts\/56700\/revisions"}],"wp:featuredmedia":[{"embeddable":true,"href":"https:\/\/politicosaldesnudo.com.mx\/index.php\/wp-json\/wp\/v2\/media\/56701"}],"wp:attachment":[{"href":"https:\/\/politicosaldesnudo.com.mx\/index.php\/wp-json\/wp\/v2\/media?parent=56700"}],"wp:term":[{"taxonomy":"category","embeddable":true,"href":"https:\/\/politicosaldesnudo.com.mx\/index.php\/wp-json\/wp\/v2\/categories?post=56700"},{"taxonomy":"post_tag","embeddable":true,"href":"https:\/\/politicosaldesnudo.com.mx\/index.php\/wp-json\/wp\/v2\/tags?post=56700"}],"curies":[{"name":"wp","href":"https:\/\/api.w.org\/{rel}","templated":true}]}}