{"id":56712,"date":"2025-02-14T00:18:44","date_gmt":"2025-02-14T06:18:44","guid":{"rendered":"https:\/\/politicosaldesnudo.com.mx\/?p=56712"},"modified":"2025-02-13T22:33:06","modified_gmt":"2025-02-14T04:33:06","slug":"eu-aumento-vigilancia-contra-carteles-sin-autorizacion-de-mexico-comando-norte","status":"publish","type":"post","link":"https:\/\/politicosaldesnudo.com.mx\/index.php\/2025\/02\/14\/eu-aumento-vigilancia-contra-carteles-sin-autorizacion-de-mexico-comando-norte\/","title":{"rendered":"EU aument\u00f3 vigilancia contra c\u00e1rteles sin autorizaci\u00f3n de M\u00e9xico: Comando Norte"},"content":{"rendered":"<p>El General Gregory M. Guillot, alto mando del Comando Norte, revel\u00f3 que se incrementaron los vuelos de Inteligencia, Vigilancia y Reconocimiento (ISR) a los c\u00e1rteles que impulsan la producci\u00f3n y distribuci\u00f3n de fentanilo y lo cruzan hacia la frontera, a pesar de que las autoridades mexicanas no emitieron autorizaci\u00f3n para realizar estas actividades en el territorio nacional.<\/p>\n<p>Al ser cuestionado por el senador Roger Wicker, durante una audiencia ante el Comit\u00e9 de Servicios Armados del Senado estadunidense, sobre el progreso del Comando Norte frente a la crisis del fentanilo que atraviesa el pa\u00eds, el general Guillot lanz\u00f3 esa afirmaci\u00f3n al tiempo que asegur\u00f3 que \u201crecientemente se permiti\u00f3 extender sus capacidades de inteligencia y vigilancia para hacer frente\u201d a este problema, Wicker lo interrumpi\u00f3 para preguntar si dicha autorizaci\u00f3n hab\u00eda sido otorgada por M\u00e9xico.<\/p>\n<p>\u201cNo, por el Departamento de Defensa\u201d, afirm\u00f3 Guillot . El asunto parece delicado, pues la puesta en marcha de este tipo de operaciones en territorio mexicano puede ser interpretado como una violaci\u00f3n a la soberan\u00eda nacional.<\/p>\n<p>Aunque las autoridades mexicanas se han mostrado en disposici\u00f3n de colaborar en la lucha contra el tr\u00e1fico de drogas, se espera que los esfuerzos de cooperaci\u00f3n bilateral se fortalezcan sin vulnerar los principios de respeto mutuo entre ambos pa\u00edses.<\/p>\n<p>&nbsp;<\/p>\n","protected":false},"excerpt":{"rendered":"<p>El General Gregory M. Guillot, alto mando del Comando Norte, revel\u00f3 que se incrementaron los vuelos de Inteligencia, Vigilancia y<\/p>\n","protected":false},"author":4,"featured_media":56713,"comment_status":"closed","ping_status":"closed","sticky":false,"template":"","format":"standard","meta":{"colormag_page_container_layout":"default_layout","colormag_page_sidebar_layout":"default_layout","_jetpack_memberships_contains_paid_content":false,"footnotes":"","jetpack_publicize_message":"","jetpack_publicize_feature_enabled":true,"jetpack_social_post_already_shared":false,"jetpack_social_options":{"image_generator_settings":{"template":"highway","default_image_id":0,"font":"","enabled":false},"version":2}},"categories":[28],"tags":[],"class_list":["post-56712","post","type-post","status-publish","format-standard","has-post-thumbnail","hentry","category-internacional"],"jetpack_publicize_connections":[],"jetpack_featured_media_url":"https:\/\/i0.wp.com\/politicosaldesnudo.com.mx\/wp-content\/uploads\/2025\/02\/GUER.jpg?fit=689%2C419&ssl=1","jetpack-related-posts":[],"jetpack_sharing_enabled":true,"_links":{"self":[{"href":"https:\/\/politicosaldesnudo.com.mx\/index.php\/wp-json\/wp\/v2\/posts\/56712","targetHints":{"allow":["GET"]}}],"collection":[{"href":"https:\/\/politicosaldesnudo.com.mx\/index.php\/wp-json\/wp\/v2\/posts"}],"about":[{"href":"https:\/\/politicosaldesnudo.com.mx\/index.php\/wp-json\/wp\/v2\/types\/post"}],"author":[{"embeddable":true,"href":"https:\/\/politicosaldesnudo.com.mx\/index.php\/wp-json\/wp\/v2\/users\/4"}],"replies":[{"embeddable":true,"href":"https:\/\/politicosaldesnudo.com.mx\/index.php\/wp-json\/wp\/v2\/comments?post=56712"}],"version-history":[{"count":0,"href":"https:\/\/politicosaldesnudo.com.mx\/index.php\/wp-json\/wp\/v2\/posts\/56712\/revisions"}],"wp:featuredmedia":[{"embeddable":true,"href":"https:\/\/politicosaldesnudo.com.mx\/index.php\/wp-json\/wp\/v2\/media\/56713"}],"wp:attachment":[{"href":"https:\/\/politicosaldesnudo.com.mx\/index.php\/wp-json\/wp\/v2\/media?parent=56712"}],"wp:term":[{"taxonomy":"category","embeddable":true,"href":"https:\/\/politicosaldesnudo.com.mx\/index.php\/wp-json\/wp\/v2\/categories?post=56712"},{"taxonomy":"post_tag","embeddable":true,"href":"https:\/\/politicosaldesnudo.com.mx\/index.php\/wp-json\/wp\/v2\/tags?post=56712"}],"curies":[{"name":"wp","href":"https:\/\/api.w.org\/{rel}","templated":true}]}}