{"id":56715,"date":"2025-02-14T00:19:43","date_gmt":"2025-02-14T06:19:43","guid":{"rendered":"https:\/\/politicosaldesnudo.com.mx\/?p=56715"},"modified":"2025-02-13T22:36:07","modified_gmt":"2025-02-14T04:36:07","slug":"bloques-aliados-del-oficialismo-buscan-inhabilitar-a-cristina-fernandez","status":"publish","type":"post","link":"https:\/\/politicosaldesnudo.com.mx\/index.php\/2025\/02\/14\/bloques-aliados-del-oficialismo-buscan-inhabilitar-a-cristina-fernandez\/","title":{"rendered":"Bloques aliados del oficialismo buscan inhabilitar a Cristina Fern\u00e1ndez"},"content":{"rendered":"<p class=\"western\">Nuevos ataques contra los derechos humanos, con la suspensi\u00f3n violenta de un concierto al que concurr\u00edan 20 mil personas en el Museo de la Memoria en la ex Escuela de Mec\u00e1nica de la Armada (Esma), la maniobra para proscribir a la ex presidenta Cristina Fern\u00e1ndez de Kirchner, quien ahora encabeza el Partido Justicialista (peronista) a nivel nacional para impedir que se presente en las elecciones legislativas de 2025 y 2027, despu\u00e9s de una escandalosa sesi\u00f3n de diputados a lo que se a\u00f1aden los allanamientos violentos en las comunidades mapuches-tehuelche de la Patagonia tratando de responsabilizarlos por los incendios en R\u00edo Negro, Chubut y otras provincias en las que la ausencia del gobierno nacional fue evidente.<\/p>\n<p class=\"western\">La oficialista Libertad Avanza, con la complicidad de Propuesta Republicana (PRO) de su socio Mauricio Macri y los llamados \u201cbloques aliados\u201d que en el lenguaje popular ser\u00eda \u201cbloques comprados\u201d, dieron media sanci\u00f3n al proyecto de \u201cFicha Limpia\u201d que busca inhabilitar a Fern\u00e1ndez de Kirchner, a pesar de irregularidades varias, pero todav\u00eda falta el tratamiento en el Senado.<\/p>\n<p class=\"western\">En tanto, el fiscal ante la C\u00e1mara Federal de Casaci\u00f3n, Mario Villar, present\u00f3 apresuradamente un recurso extraordinario para que la Corte Suprema de Justicia revise la condena a la tambi\u00e9n ex vicepresidenta Fern\u00e1ndez Kirchner en la causa vialidad, armada durante el gobierno de Macri (2015-2019), sin prueba alguna, y reclama una condena a doce a\u00f1os de prisi\u00f3n cuando ya le impusieron seis a\u00f1os en un juicio oral escandaloso.<\/p>\n<p class=\"western\">La persecuci\u00f3n contra Fern\u00e1ndez de Kirchner tiene mano externa como la de Paul Singer, de los\u00a0<em>Fondos Buitres<\/em>, miembro del\u00a0<em>lobby<\/em>\u00a0jud\u00edo de Estados Unidos que a su vez trabaja cercanamente con su par del\u00a0<em>lobby<\/em>\u00a0cubano americano, al que pertenece el secretario de Estado, Marco Rubio.<\/p>\n<p class=\"western\">Por otra parte, los incendios provocados por una mano, que los pobladores se\u00f1alan como \u201cde afuera\u201d, arrasaron con miles de hect\u00e1reas de bosques nativos de imponente belleza, m\u00e1s de cien viviendas y afectando a miles de habitantes,y se record\u00f3 que Milei regal\u00f3 al presidente de Ucrania, Vladimir Zelensky dos helic\u00f3pteros que se utilizaban para los incendios forestales.<\/p>\n<p class=\"western\">En esta situaci\u00f3n el gobierno de Milei registr\u00f3 una renuncia muy importante -despu\u00e9s de despedir a unos 120 funcionarios de la LLA- de Ana Lamas, subsecretaria de Ambiente, mientras transcurre la crisis por los incendios en la Patagonia, donde ya se han vendido millones de hect\u00e1reas a compa\u00f1\u00edas extranjeras, para lo cual quieren \u201cexterminar\u201d a los pueblos originarios Mapuche y Tehuelche.<\/p>\n<p class=\"western\">La ministra de Seguridad, Patricia Bullrich lleg\u00f3 tard\u00edamente al lugar y este mi\u00e9rcoles comenz\u00f3 la verdadera cacer\u00eda y allanamientos en las comunidades mapuche, destruyendo todo incluso las radios comunales insistiendo en sacarlos de sus tierras ancestrales. Bullrich ya los declar\u00f3 \u201cterroristas\u201d cuando estaba en el mismo cargo durante el gobierno de Macri.<\/p>\n<p class=\"western\">El abogado Gregorio Dalb\u00f3n present\u00f3 una denuncia penal contra Milei, Bullrich y el ministro de Econom\u00eda Luis Caputo por los incendios en la Patagonia acus\u00e1ndolos de incumplimiento de los deberes de funcionarios p\u00fablicos, abuso de autoridad, infracci\u00f3n a la ley de manejo del fuego, por el desmantelamiento de las \u00e1reas ambientales y de los organismos destinados a combatir los desvastadores incendios.<\/p>\n<p class=\"western\">En el tema de derechos humanos los organismos presentaron una denuncia contra la censura cuando se anunci\u00f3 la suspensi\u00f3n de un show gratuito en la que fue el Centro Clandestino de Detenci\u00f3n de la ESMA, debido a que el secretario de Derechos Humanos, Alberto Ba\u00f1os logr\u00f3 imponer una medida cautelar.<\/p>\n<p class=\"western\">Invitados 20 mil j\u00f3venes este acto de Memoria y justicia a cargo del show gratuito del popular cantante Milo, que se encontraron con un operativo de seguridad desmedido cuando todo transcurr\u00eda en paz.<\/p>\n<p class=\"western\">\u00abSupongo que juntar a 20 mil personas en un espacio de memoria no le gusta al gobierno\u00bb,\u00a0dijo Milo, quien recibi\u00f3 el apoyo de dos cantantes muy conocidas mundialmente Mar\u00eda Becerra y Laly Esp\u00f3sito y tambi\u00e9n le escribi\u00f3 Charly Garc\u00eda, contando su experiencia en la pasada dictadura militar (1976-1983), cuando el rock irrumpi\u00f3 desafiando a los militares y se incorpor\u00f3 a lo que fue la lucha incre\u00edble para rescatar la Memoria, la Verdad y la Justicia.<\/p>\n<p class=\"western\">La madre del joven cantante y m\u00fasico Aldana R\u00edos declar\u00f3 que fueron extorsionados para suspender el acto. \u201cNos dijeron que si no suspend\u00edamos iban a reprimir a todos los chicos que estaban esperando\u201d, dijo.<\/p>\n<p class=\"western\">Horas antes, el gobierno hab\u00eda quitado el p\u00f3ster que muestra el momento en que el ex presidente N\u00e9stor Kirchner orden\u00f3 que se retirara el cuadro de Jorge Rafael Videla en el Colegio Militar, imagen que dio la vuelta al mundo.<\/p>\n<p class=\"western\">La cantante Mar\u00eda Becerra, la m\u00e1s escuchada en Sudam\u00e9rica, quien estuvo en Neuqu\u00e9n el domingo pasado en un acto p\u00fablico hab\u00eda pedido colaboraci\u00f3n para combatir los incendios en la Patagonia cuando ya se hab\u00edan consumido unas 37 mil hect\u00e1reas.<\/p>\n<p class=\"western\">\u00abSabemos que\u00a0la Patagonia est\u00e1 sufriendo\u00a0much\u00edsimo en estos momentos, sabemos que hay estado de emergencia y\u00a0no hay que quedarnos de brazos cruzados, porque no se ayuda solo con las palabras, hay que hacer, hay que compartir, hay que visibilizar la situaci\u00f3n\u00bb, dijo llamando a la solidaridad. \u00abSi el Estado no est\u00e1 dando la ayuda necesaria, la damos nosotros,\u00a0demostremos que Argentina es un pueblo solidario, que somos fuertes\u00bb.<\/p>\n","protected":false},"excerpt":{"rendered":"<p>Nuevos ataques contra los derechos humanos, con la suspensi\u00f3n violenta de un concierto al que concurr\u00edan 20 mil personas en<\/p>\n","protected":false},"author":4,"featured_media":56716,"comment_status":"closed","ping_status":"closed","sticky":false,"template":"","format":"standard","meta":{"colormag_page_container_layout":"default_layout","colormag_page_sidebar_layout":"default_layout","_jetpack_memberships_contains_paid_content":false,"footnotes":"","jetpack_publicize_message":"","jetpack_publicize_feature_enabled":true,"jetpack_social_post_already_shared":false,"jetpack_social_options":{"image_generator_settings":{"template":"highway","default_image_id":0,"font":"","enabled":false},"version":2}},"categories":[28],"tags":[],"class_list":["post-56715","post","type-post","status-publish","format-standard","has-post-thumbnail","hentry","category-internacional"],"jetpack_publicize_connections":[],"jetpack_featured_media_url":"https:\/\/i0.wp.com\/politicosaldesnudo.com.mx\/wp-content\/uploads\/2025\/02\/BAQWEDSRT.jpg?fit=755%2C497&ssl=1","jetpack-related-posts":[],"jetpack_sharing_enabled":true,"_links":{"self":[{"href":"https:\/\/politicosaldesnudo.com.mx\/index.php\/wp-json\/wp\/v2\/posts\/56715","targetHints":{"allow":["GET"]}}],"collection":[{"href":"https:\/\/politicosaldesnudo.com.mx\/index.php\/wp-json\/wp\/v2\/posts"}],"about":[{"href":"https:\/\/politicosaldesnudo.com.mx\/index.php\/wp-json\/wp\/v2\/types\/post"}],"author":[{"embeddable":true,"href":"https:\/\/politicosaldesnudo.com.mx\/index.php\/wp-json\/wp\/v2\/users\/4"}],"replies":[{"embeddable":true,"href":"https:\/\/politicosaldesnudo.com.mx\/index.php\/wp-json\/wp\/v2\/comments?post=56715"}],"version-history":[{"count":0,"href":"https:\/\/politicosaldesnudo.com.mx\/index.php\/wp-json\/wp\/v2\/posts\/56715\/revisions"}],"wp:featuredmedia":[{"embeddable":true,"href":"https:\/\/politicosaldesnudo.com.mx\/index.php\/wp-json\/wp\/v2\/media\/56716"}],"wp:attachment":[{"href":"https:\/\/politicosaldesnudo.com.mx\/index.php\/wp-json\/wp\/v2\/media?parent=56715"}],"wp:term":[{"taxonomy":"category","embeddable":true,"href":"https:\/\/politicosaldesnudo.com.mx\/index.php\/wp-json\/wp\/v2\/categories?post=56715"},{"taxonomy":"post_tag","embeddable":true,"href":"https:\/\/politicosaldesnudo.com.mx\/index.php\/wp-json\/wp\/v2\/tags?post=56715"}],"curies":[{"name":"wp","href":"https:\/\/api.w.org\/{rel}","templated":true}]}}