{"id":56775,"date":"2025-02-15T00:19:58","date_gmt":"2025-02-15T06:19:58","guid":{"rendered":"https:\/\/politicosaldesnudo.com.mx\/?p=56775"},"modified":"2025-02-14T18:24:11","modified_gmt":"2025-02-15T00:24:11","slug":"avion-que-llevaba-a-marco-rubio-a-europa-regresa-por-falla-mecanica","status":"publish","type":"post","link":"https:\/\/politicosaldesnudo.com.mx\/index.php\/2025\/02\/15\/avion-que-llevaba-a-marco-rubio-a-europa-regresa-por-falla-mecanica\/","title":{"rendered":"Avi\u00f3n que llevaba a Marco Rubio a Europa regresa por falla mec\u00e1nica"},"content":{"rendered":"<p>Un avi\u00f3n de la Fuerza A\u00e9rea de Estados Unidos que transportaba al secretario de Estado Marco Rubio y al presidente del Comit\u00e9 de Relaciones Exteriores del Senado, el senador Jim Risch, a Alemania para la Conferencia de Seguridad de M\u00fanich, se vio obligado a regresar a Washington el jueves por la noche tras presentar un problema mec\u00e1nico.<\/p>\n<p>\u201cEsta tarde, en ruta de Washington a M\u00fanich, el avi\u00f3n en el que vuela el secretario Rubio experiment\u00f3 un problema mec\u00e1nico\u201d, anunci\u00f3 Tammy Bruce, portavoz del Departamento de Estado.<\/p>\n<p>\u201cEl avi\u00f3n ha dado la vuelta y est\u00e1 regresando a la Base Conjunta Andrews\u201d, a\u00f1adi\u00f3. \u201cEl secretario tiene la intenci\u00f3n de continuar su viaje a Alemania y a Oriente Medio en una aeronave distinta\u201d.<\/p>\n<p>El problema, que seg\u00fan un funcionario estaba relacionado con el parabrisas de la cabina del C-32 \u2014un Boeing 757 modificado\u2014, surgi\u00f3 aproximadamente 90 minutos despu\u00e9s de que el vuelo despeg\u00f3 de la Base Conjunta Andrews, ubicada afuera de Washington.<\/p>\n<p>Aunque Rubio planea reanudar su viaje en un nuevo avi\u00f3n, por el momento no estaba claro si el retraso le har\u00eda perder una reuni\u00f3n que ten\u00eda programada este viernes por la ma\u00f1ana con el vicepresidente estadunidense JD Vance y el presidente ucranio Volodymyr Zelenskyy en M\u00fanich.<\/p>\n","protected":false},"excerpt":{"rendered":"<p>Un avi\u00f3n de la Fuerza A\u00e9rea de Estados Unidos que transportaba al secretario de Estado Marco Rubio y al presidente<\/p>\n","protected":false},"author":4,"featured_media":56776,"comment_status":"closed","ping_status":"closed","sticky":false,"template":"","format":"standard","meta":{"colormag_page_container_layout":"default_layout","colormag_page_sidebar_layout":"default_layout","_jetpack_memberships_contains_paid_content":false,"footnotes":"","jetpack_publicize_message":"","jetpack_publicize_feature_enabled":true,"jetpack_social_post_already_shared":false,"jetpack_social_options":{"image_generator_settings":{"template":"highway","default_image_id":0,"font":"","enabled":false},"version":2}},"categories":[28],"tags":[],"class_list":["post-56775","post","type-post","status-publish","format-standard","has-post-thumbnail","hentry","category-internacional"],"jetpack_publicize_connections":[],"jetpack_featured_media_url":"https:\/\/i0.wp.com\/politicosaldesnudo.com.mx\/wp-content\/uploads\/2025\/02\/marco_rubio_avion.jpg?fit=766%2C421&ssl=1","jetpack-related-posts":[],"jetpack_sharing_enabled":true,"_links":{"self":[{"href":"https:\/\/politicosaldesnudo.com.mx\/index.php\/wp-json\/wp\/v2\/posts\/56775","targetHints":{"allow":["GET"]}}],"collection":[{"href":"https:\/\/politicosaldesnudo.com.mx\/index.php\/wp-json\/wp\/v2\/posts"}],"about":[{"href":"https:\/\/politicosaldesnudo.com.mx\/index.php\/wp-json\/wp\/v2\/types\/post"}],"author":[{"embeddable":true,"href":"https:\/\/politicosaldesnudo.com.mx\/index.php\/wp-json\/wp\/v2\/users\/4"}],"replies":[{"embeddable":true,"href":"https:\/\/politicosaldesnudo.com.mx\/index.php\/wp-json\/wp\/v2\/comments?post=56775"}],"version-history":[{"count":0,"href":"https:\/\/politicosaldesnudo.com.mx\/index.php\/wp-json\/wp\/v2\/posts\/56775\/revisions"}],"wp:featuredmedia":[{"embeddable":true,"href":"https:\/\/politicosaldesnudo.com.mx\/index.php\/wp-json\/wp\/v2\/media\/56776"}],"wp:attachment":[{"href":"https:\/\/politicosaldesnudo.com.mx\/index.php\/wp-json\/wp\/v2\/media?parent=56775"}],"wp:term":[{"taxonomy":"category","embeddable":true,"href":"https:\/\/politicosaldesnudo.com.mx\/index.php\/wp-json\/wp\/v2\/categories?post=56775"},{"taxonomy":"post_tag","embeddable":true,"href":"https:\/\/politicosaldesnudo.com.mx\/index.php\/wp-json\/wp\/v2\/tags?post=56775"}],"curies":[{"name":"wp","href":"https:\/\/api.w.org\/{rel}","templated":true}]}}