{"id":56790,"date":"2025-02-16T00:01:34","date_gmt":"2025-02-16T06:01:34","guid":{"rendered":"https:\/\/politicosaldesnudo.com.mx\/?p=56790"},"modified":"2025-02-15T20:09:19","modified_gmt":"2025-02-16T02:09:19","slug":"preparan-primer-festival-teneek","status":"publish","type":"post","link":"https:\/\/politicosaldesnudo.com.mx\/index.php\/2025\/02\/16\/preparan-primer-festival-teneek\/","title":{"rendered":"Preparan primer Festival Tene\u00e9k"},"content":{"rendered":"<p>El pr\u00f3ximo 28 de febrero, Tuxpan es M\u00e1s Cultura, Identidad y Turismo, en colaboraci\u00f3n con el H. Ayuntamiento de Tuxpan, a trav\u00e9s de las direcciones de Turismo y Cultura, organizar\u00e1n el Primer Festival Tene\u00e9k.<\/p>\n<p>Este evento tendr\u00e1 lugar en el campo de f\u00fatbol del Ejido Juana Moza, a partir de las 11 de la ma\u00f1ana.<\/p>\n<p>Durante el festival, los asistentes podr\u00e1n disfrutar de una variedad de actividades y exhibiciones, como la Expo Artesanal, la Gastronom\u00eda Rural, las Danzas Tradicionales y la Ceremonia a la Madre Tierra. Adem\u00e1s, se presentar\u00e1 la historia del lugar y se realizar\u00e1 una Procesi\u00f3n de Ofrendas.<\/p>\n<p>Uno de los momentos m\u00e1s destacados del festival ser\u00e1 la presentaci\u00f3n oficial de la Danza de los Sembradores de Juana de Moza. Esta danza es una expresi\u00f3n cultural \u00fanica y aut\u00e9ntica de la regi\u00f3n, y su presentaci\u00f3n oficial es un evento que no se deben perder.<\/p>\n<p>El Primer Festival Tene\u00e9k es una oportunidad para que la poblaci\u00f3n en general se una y celebre la identidad y la cultura de la regi\u00f3n.<\/p>\n<p>Por lo anterior se invita a todos a asistir y ser parte de este evento especial, que promete ser una experiencia inolvidable.<\/p>\n","protected":false},"excerpt":{"rendered":"<p>El pr\u00f3ximo 28 de febrero, Tuxpan es M\u00e1s Cultura, Identidad y Turismo, en colaboraci\u00f3n con el H. Ayuntamiento de Tuxpan,<\/p>\n","protected":false},"author":4,"featured_media":56791,"comment_status":"closed","ping_status":"closed","sticky":false,"template":"","format":"standard","meta":{"colormag_page_container_layout":"default_layout","colormag_page_sidebar_layout":"default_layout","_jetpack_memberships_contains_paid_content":false,"footnotes":"","jetpack_publicize_message":"","jetpack_publicize_feature_enabled":true,"jetpack_social_post_already_shared":false,"jetpack_social_options":{"image_generator_settings":{"template":"highway","default_image_id":0,"font":"","enabled":false},"version":2}},"categories":[1082],"tags":[],"class_list":["post-56790","post","type-post","status-publish","format-standard","has-post-thumbnail","hentry","category-tuxpan"],"jetpack_publicize_connections":[],"jetpack_featured_media_url":"https:\/\/i0.wp.com\/politicosaldesnudo.com.mx\/wp-content\/uploads\/2025\/02\/3c-2.jpg?fit=1080%2C556&ssl=1","jetpack-related-posts":[],"jetpack_sharing_enabled":true,"_links":{"self":[{"href":"https:\/\/politicosaldesnudo.com.mx\/index.php\/wp-json\/wp\/v2\/posts\/56790","targetHints":{"allow":["GET"]}}],"collection":[{"href":"https:\/\/politicosaldesnudo.com.mx\/index.php\/wp-json\/wp\/v2\/posts"}],"about":[{"href":"https:\/\/politicosaldesnudo.com.mx\/index.php\/wp-json\/wp\/v2\/types\/post"}],"author":[{"embeddable":true,"href":"https:\/\/politicosaldesnudo.com.mx\/index.php\/wp-json\/wp\/v2\/users\/4"}],"replies":[{"embeddable":true,"href":"https:\/\/politicosaldesnudo.com.mx\/index.php\/wp-json\/wp\/v2\/comments?post=56790"}],"version-history":[{"count":0,"href":"https:\/\/politicosaldesnudo.com.mx\/index.php\/wp-json\/wp\/v2\/posts\/56790\/revisions"}],"wp:featuredmedia":[{"embeddable":true,"href":"https:\/\/politicosaldesnudo.com.mx\/index.php\/wp-json\/wp\/v2\/media\/56791"}],"wp:attachment":[{"href":"https:\/\/politicosaldesnudo.com.mx\/index.php\/wp-json\/wp\/v2\/media?parent=56790"}],"wp:term":[{"taxonomy":"category","embeddable":true,"href":"https:\/\/politicosaldesnudo.com.mx\/index.php\/wp-json\/wp\/v2\/categories?post=56790"},{"taxonomy":"post_tag","embeddable":true,"href":"https:\/\/politicosaldesnudo.com.mx\/index.php\/wp-json\/wp\/v2\/tags?post=56790"}],"curies":[{"name":"wp","href":"https:\/\/api.w.org\/{rel}","templated":true}]}}