{"id":56909,"date":"2025-02-17T00:18:58","date_gmt":"2025-02-17T06:18:58","guid":{"rendered":"https:\/\/politicosaldesnudo.com.mx\/?p=56909"},"modified":"2025-02-16T23:30:07","modified_gmt":"2025-02-17T05:30:07","slug":"israel-y-eu-muestran-un-frente-unido-sobre-gaza-y-contra-iran","status":"publish","type":"post","link":"https:\/\/politicosaldesnudo.com.mx\/index.php\/2025\/02\/17\/israel-y-eu-muestran-un-frente-unido-sobre-gaza-y-contra-iran\/","title":{"rendered":"Israel y EU muestran un frente unido sobre Gaza y contra Ir\u00e1n"},"content":{"rendered":"<p>El jefe de la diplomacia estadunidense, Marco Rubio, y el primer ministro israel\u00ed, Benjamin Netanyahu, mostraron este domingo un frente unido contra sus enemigos comunes, amenazando con abrir \u00ablas puertas del infierno\u00bb a Hamas y \u00abacabar el trabajo\u00bb contra la amenaza iran\u00ed.<\/p>\n<p>Tras conversar con Rubio, que inici\u00f3 su primera gira por Oriente Medio, Netanyahu asegur\u00f3 que Israel y Estados Unidos tienen una \u00abestrategia com\u00fan\u00bb respecto al futuro de la franja de Gaza.<\/p>\n<p>El dirigente israel\u00ed elogi\u00f3 la \u00abvisi\u00f3n audaz\u00bb del presidente Donald Trump, que propuso tomar el control del territorio palestino y desplazar a su poblaci\u00f3n a Egipto y Jordania.<\/p>\n<p>\u00abTrabajaremos para garantizar que esa visi\u00f3n se haga realidad\u00bb, declar\u00f3 Netanyahu.<\/p>\n<p>Por su parte, Rubio insisti\u00f3 en que el movimiento islamista Hamas debe ser \u00abeliminado\u00bb.<\/p>\n<p>La visita del secretario de Estado a Israel se produce al d\u00eda siguiente de la liberaci\u00f3n de tres rehenes israel\u00edes capturados por Hamas el 7 de octubre de 2023 por 369 presos palestinos detenidos en el Estado israel\u00ed.<\/p>\n<p>Este fue el sexto intercambio desde que entr\u00f3 en vigor la tregua el 19 de enero, tras m\u00e1s de 15 meses de guerra.<\/p>\n<p>Netanyahu advirti\u00f3 el domingo que Israel abrir\u00e1 \u00ablas puertas del infierno\u00bb en Gaza a menos que todos los rehenes regresen, retomando una declaraci\u00f3n de Donald Trump.<\/p>\n<p>El dirigente israel\u00ed tambi\u00e9n asegur\u00f3 que su pa\u00eds \u00abacabar\u00e1 el trabajo\u00bb contra la amenaza iran\u00ed con el apoyo de Estados Unidos, despu\u00e9s de haber asestado \u00abun poderoso golpe al eje terrorista\u00bb de la Rep\u00fablica Isl\u00e1mica desde octubre de 2023.<\/p>\n<p>Rubio declar\u00f3 que el Ir\u00e1n de los \u00abayatol\u00e1s\u00bb es la mayor \u00abfuente de inestabilidad\u00bb en la regi\u00f3n.<\/p>\n<p><strong>\u00bfReanudaci\u00f3n de las negociaciones?<\/strong><\/p>\n<p>Durante la noche, Israel afirm\u00f3 haber recibido un env\u00edo de bombas fabricadas en Estados Unidos, desbloqueado por la administraci\u00f3n Trump.<\/p>\n<p>\u00abEn cualquier momento podr\u00edan reanudarse los combates. Esperamos que contin\u00fae la calma y que Egipto presione a Israel para evitar que reinicien la guerra y desplacen a la gente\u00bb, declar\u00f3 Nasser al Astal, un profesor jubilado de 62 a\u00f1os en Jan Yunis, en el sur de Gaza.<\/p>\n<p>El conflicto empez\u00f3 el 7 de octubre de 2023, tras el ataque de Hamas en el sur de Israel que caus\u00f3 mil 211 muertos, en su mayor\u00eda civiles, seg\u00fan un balance de Afp basado en datos oficiales israel\u00edes.<\/p>\n<p>Los comandos islamistas tambi\u00e9n capturaron ese d\u00eda a 251 personas, de las que 70 siguen en Gaza, aunque 35 est\u00e1n muertas, seg\u00fan el ej\u00e9rcito israel\u00ed.<\/p>\n<p>En respuesta, Israel lanz\u00f3 una implacable ofensiva en Gaza, que ya dej\u00f3 al menos 48 mil 271 muertos, seg\u00fan datos del Ministerio de Salud del territorio -gobernado por Hamas-, que la ONU considera fiables.<\/p>\n<p>La primera fase de la tregua, negociada con la mediaci\u00f3n de Qatar, Egipto y Estados Unidos, permiti\u00f3 hasta ahora liberar a 19 rehenes israel\u00edes y mil 134 palestinos. El acuerdo prev\u00e9 que 33 rehenes sean liberados en esa etapa, a cambio de mil 900 presos palestinos.<\/p>\n<p>La segunda fase del acuerdo debe permitir el regreso de todos los rehenes y el fin definitivo de la guerra, pero su implementaci\u00f3n es incierta porque las negociaciones todav\u00eda no empezaron.<\/p>\n<p>La tercera y \u00faltima etapa estar\u00e1 consagrada a la reconstrucci\u00f3n de la Franja, para la que la ONU calcula que ser\u00e1n necesarios m\u00e1s de 53 mil millones de d\u00f3lares.<\/p>\n<p><strong>La \u00ab\u00fanica garant\u00eda\u00bb<\/strong><\/p>\n<p>El cese el fuego se tambale\u00f3 tambi\u00e9n esta semana entre acusaciones cruzadas de vulnerar el acuerdo. Justo antes del encuentro entre Netanyahu y Rubio, el ej\u00e9rcito israel\u00ed anunci\u00f3 que bombarde\u00f3 a \u00abvarios individuos armados\u00bb en el estrecho territorio costero.<\/p>\n<p>El movimiento islamista palestino, catalogado como organizaci\u00f3n \u00abterrorista\u00bb por Estados Unidos, Israel y la Uni\u00f3n Europea, indic\u00f3 que tres polic\u00edas murieron cerca de la ciudad de Rafah, en el sur del enclave.<\/p>\n<p>Es al menos el segundo ataque a\u00e9reo israel\u00ed en Gaza desde que comenz\u00f3 la tregua.<\/p>\n<p>En cuanto al futuro del territorio palestino, Arabia Saudita acoger\u00e1 el 20 de febrero una cumbre de cinco pa\u00edses \u00e1rabes para elaborar una respuesta a la propuesta de Trump de desplazar a sus 2.4 millones de habitantes y convertirlo en un destino tur\u00edstico de lujo como la Costa Azul francesa.<\/p>\n<p>El presidente estadunidense considera que no se pueden replantear \u00ablas mismas viejas ideas\u00bb, declar\u00f3 el domingo Rubio, que viajar\u00e1 pr\u00f3ximamente a Arabia Saudita y a Emiratos \u00c1rabes Unidos.<\/p>\n<p>La idea de Trump es celebrada en Israel pero criticada de forma generalizada por la comunidad internacional.<\/p>\n<p>El presidente egipcio, Abdel Fatah al Sisi, asegur\u00f3 el domingo que establecer un Estado palestino es \u00abla \u00fanica garant\u00eda\u00bb de una paz duradera en Oriente Medio.<\/p>\n<p>Durante su visita en Israel, Rubio tambi\u00e9n conversar\u00e1 con su hom\u00f3logo Gideon Sa&#8217;ar, con el presidente Isaac Herzog y con el jefe de la oposici\u00f3n israel\u00ed, Yair Lapid.<\/p>\n","protected":false},"excerpt":{"rendered":"<p>El jefe de la diplomacia estadunidense, Marco Rubio, y el primer ministro israel\u00ed, Benjamin Netanyahu, mostraron este domingo un frente<\/p>\n","protected":false},"author":4,"featured_media":56910,"comment_status":"closed","ping_status":"closed","sticky":false,"template":"","format":"standard","meta":{"colormag_page_container_layout":"default_layout","colormag_page_sidebar_layout":"default_layout","_jetpack_memberships_contains_paid_content":false,"footnotes":"","jetpack_publicize_message":"","jetpack_publicize_feature_enabled":true,"jetpack_social_post_already_shared":false,"jetpack_social_options":{"image_generator_settings":{"template":"highway","default_image_id":0,"font":"","enabled":false},"version":2}},"categories":[28],"tags":[],"class_list":["post-56909","post","type-post","status-publish","format-standard","has-post-thumbnail","hentry","category-internacional"],"jetpack_publicize_connections":[],"jetpack_featured_media_url":"https:\/\/i0.wp.com\/politicosaldesnudo.com.mx\/wp-content\/uploads\/2025\/02\/67b26777eda26.jpeg?fit=853%2C480&ssl=1","jetpack-related-posts":[],"jetpack_sharing_enabled":true,"_links":{"self":[{"href":"https:\/\/politicosaldesnudo.com.mx\/index.php\/wp-json\/wp\/v2\/posts\/56909","targetHints":{"allow":["GET"]}}],"collection":[{"href":"https:\/\/politicosaldesnudo.com.mx\/index.php\/wp-json\/wp\/v2\/posts"}],"about":[{"href":"https:\/\/politicosaldesnudo.com.mx\/index.php\/wp-json\/wp\/v2\/types\/post"}],"author":[{"embeddable":true,"href":"https:\/\/politicosaldesnudo.com.mx\/index.php\/wp-json\/wp\/v2\/users\/4"}],"replies":[{"embeddable":true,"href":"https:\/\/politicosaldesnudo.com.mx\/index.php\/wp-json\/wp\/v2\/comments?post=56909"}],"version-history":[{"count":0,"href":"https:\/\/politicosaldesnudo.com.mx\/index.php\/wp-json\/wp\/v2\/posts\/56909\/revisions"}],"wp:featuredmedia":[{"embeddable":true,"href":"https:\/\/politicosaldesnudo.com.mx\/index.php\/wp-json\/wp\/v2\/media\/56910"}],"wp:attachment":[{"href":"https:\/\/politicosaldesnudo.com.mx\/index.php\/wp-json\/wp\/v2\/media?parent=56909"}],"wp:term":[{"taxonomy":"category","embeddable":true,"href":"https:\/\/politicosaldesnudo.com.mx\/index.php\/wp-json\/wp\/v2\/categories?post=56909"},{"taxonomy":"post_tag","embeddable":true,"href":"https:\/\/politicosaldesnudo.com.mx\/index.php\/wp-json\/wp\/v2\/tags?post=56909"}],"curies":[{"name":"wp","href":"https:\/\/api.w.org\/{rel}","templated":true}]}}