{"id":56912,"date":"2025-02-17T00:19:51","date_gmt":"2025-02-17T06:19:51","guid":{"rendered":"https:\/\/politicosaldesnudo.com.mx\/?p=56912"},"modified":"2025-02-16T23:31:53","modified_gmt":"2025-02-17T05:31:53","slug":"miles-de-personas-protestan-en-berlin-contra-la-extrema-derecha","status":"publish","type":"post","link":"https:\/\/politicosaldesnudo.com.mx\/index.php\/2025\/02\/17\/miles-de-personas-protestan-en-berlin-contra-la-extrema-derecha\/","title":{"rendered":"Miles de personas protestan en Berl\u00edn contra la extrema derecha"},"content":{"rendered":"<p>Varias decenas de miles de personas se manifestaron el domingo en Berl\u00edn para rechazar la posibilidad de que la extrema derecha gobierne, cuando el vicepresidente estadounidense acaba de lanzar un llamado muy pol\u00e9mico a los partidos alemanes para que no sigan condenando al ostracismo a ese partido.<\/p>\n<p>Con unos 30 mil participantes seg\u00fan la polic\u00eda y 38 mil seg\u00fan los organizadores, la movilizaci\u00f3n contra el partido Alternativa para Alemania (AfD), a solo una semana de las elecciones legislativas en el pa\u00eds, parece disminuir.<\/p>\n<p>Una manifestaci\u00f3n similar el 8 de febrero en M\u00fanich congreg\u00f3 250 mil personas, y otra el 2 de febrero en la capital alemana congreg\u00f3 entre 160 mil y 250 mil participantes.<\/p>\n<p>La consigna de la manifestaci\u00f3n del domingo en Berl\u00edn era \u00abMano con mano, somos los apagafuegos\u00bb.<\/p>\n<p>Una referencia al \u00abcord\u00f3n sanitario\u00bb que mantienen los partidos tradicionales en Alemania desde la Segunda Guerra Mundial para rechazar cualquier cooperaci\u00f3n a nivel nacional con los movimientos de extrema derecha. Aunque los conservadores rompieron el tab\u00fa recientemente al iniciar un acercamiento en el Parlamento con la AfD.<\/p>\n<p>El viernes, en un discurso en forma de diatriba contra Europa en la Conferencia sobre seguridad de M\u00fanich, el vicepresidente estadunidense JD Vance, pidi\u00f3 espec\u00edficamente a los partidos pol\u00edticos alemanes, y a la derecha cl\u00e1sica en particular, no seguir condenando al ostracismo a la extrema derecha.<\/p>\n<p>En Berl\u00edn, muchos manifestantes se preocupan por ver al partido AfD convertido en el segundo Alemania tras la elecciones legislativas del 23 de febrero, cuando los \u00faltimos sondeos calculan que obtendr\u00eda de 20 a 21 por ciento de los votos, detr\u00e1s de la oposici\u00f3n conservadora, que sacar\u00eda entre 30 y 32 por ciento.<\/p>\n","protected":false},"excerpt":{"rendered":"<p>Varias decenas de miles de personas se manifestaron el domingo en Berl\u00edn para rechazar la posibilidad de que la extrema<\/p>\n","protected":false},"author":4,"featured_media":56913,"comment_status":"closed","ping_status":"closed","sticky":false,"template":"","format":"standard","meta":{"colormag_page_container_layout":"default_layout","colormag_page_sidebar_layout":"default_layout","_jetpack_memberships_contains_paid_content":false,"footnotes":"","jetpack_publicize_message":"","jetpack_publicize_feature_enabled":true,"jetpack_social_post_already_shared":false,"jetpack_social_options":{"image_generator_settings":{"template":"highway","default_image_id":0,"font":"","enabled":false},"version":2}},"categories":[28],"tags":[],"class_list":["post-56912","post","type-post","status-publish","format-standard","has-post-thumbnail","hentry","category-internacional"],"jetpack_publicize_connections":[],"jetpack_featured_media_url":"https:\/\/i0.wp.com\/politicosaldesnudo.com.mx\/wp-content\/uploads\/2025\/02\/w980-2025-02-16T153113Z_381604008_RC2QVCAVOWJZ_RTRMADP_3_GERMANY-ELECTION-PROTEST.jpg?fit=980%2C653&ssl=1","jetpack-related-posts":[],"jetpack_sharing_enabled":true,"_links":{"self":[{"href":"https:\/\/politicosaldesnudo.com.mx\/index.php\/wp-json\/wp\/v2\/posts\/56912","targetHints":{"allow":["GET"]}}],"collection":[{"href":"https:\/\/politicosaldesnudo.com.mx\/index.php\/wp-json\/wp\/v2\/posts"}],"about":[{"href":"https:\/\/politicosaldesnudo.com.mx\/index.php\/wp-json\/wp\/v2\/types\/post"}],"author":[{"embeddable":true,"href":"https:\/\/politicosaldesnudo.com.mx\/index.php\/wp-json\/wp\/v2\/users\/4"}],"replies":[{"embeddable":true,"href":"https:\/\/politicosaldesnudo.com.mx\/index.php\/wp-json\/wp\/v2\/comments?post=56912"}],"version-history":[{"count":0,"href":"https:\/\/politicosaldesnudo.com.mx\/index.php\/wp-json\/wp\/v2\/posts\/56912\/revisions"}],"wp:featuredmedia":[{"embeddable":true,"href":"https:\/\/politicosaldesnudo.com.mx\/index.php\/wp-json\/wp\/v2\/media\/56913"}],"wp:attachment":[{"href":"https:\/\/politicosaldesnudo.com.mx\/index.php\/wp-json\/wp\/v2\/media?parent=56912"}],"wp:term":[{"taxonomy":"category","embeddable":true,"href":"https:\/\/politicosaldesnudo.com.mx\/index.php\/wp-json\/wp\/v2\/categories?post=56912"},{"taxonomy":"post_tag","embeddable":true,"href":"https:\/\/politicosaldesnudo.com.mx\/index.php\/wp-json\/wp\/v2\/tags?post=56912"}],"curies":[{"name":"wp","href":"https:\/\/api.w.org\/{rel}","templated":true}]}}