{"id":56928,"date":"2025-02-17T00:26:31","date_gmt":"2025-02-17T06:26:31","guid":{"rendered":"https:\/\/politicosaldesnudo.com.mx\/?p=56928"},"modified":"2025-02-17T01:24:25","modified_gmt":"2025-02-17T07:24:25","slug":"claudia-seinbaum-en-su-visita-a-veracruz-y-rocio-nahle-cumplen-su-compromiso-de-apoyo-primero-los-pobres","status":"publish","type":"post","link":"https:\/\/politicosaldesnudo.com.mx\/index.php\/2025\/02\/17\/claudia-seinbaum-en-su-visita-a-veracruz-y-rocio-nahle-cumplen-su-compromiso-de-apoyo-primero-los-pobres\/","title":{"rendered":"Claudia Sheinbaum en su visita a Veracruz y Roci\u00f3 Nahle cumplen su compromiso de apoyo \u201cprimero los pobres\u201d"},"content":{"rendered":"<p>La visita de la presidenta de la Rep\u00fablica Claudia Sheinbaum Pardo a Veracruz, tuvo varios objetivos: anunciar el arranque de obras y la entrega de los nuevos programas sociales. Otro de los temas que sin duda se abordaron en los conclaves que sostuvieron las mandatarias nacional y estatal Sheinbaum Pardo y Roc\u00edo Nahle; fue, lo relacionado al proceso electoral del mes de junio, que se elegir\u00e1n presidentes municipales, s\u00edndicos y regidores.<\/p>\n<p>En esta carrera pol\u00edtica que empez\u00f3 en el 2024; para morena no ha sido un d\u00eda de campo el procesamiento de la selecci\u00f3n de sus posibles candidatos,\u00a0 el procedimiento que se est\u00e1 utilizando para sacar a los hombres y mujeres garantes de triunfo ha empezado a marcar inconformidades y hasta renuncias de aspirantes que no est\u00e1n siendo considerados en las encuestas que se est\u00e1n realizando en todo lo largo y ancho de la entidad veracruzana, como es el caso del conocido abogado del municipio de Cosamaloapan, Rolando Castro Zamudio, quien renunci\u00f3 a sus aspiraciones por no ser tomado en cuenta en la \u00bb encuesta \u00ab.<\/p>\n<p>Existe un silencioso acto de rebeld\u00eda y cuestionamientos de varios actores pol\u00edticos al interior de MORENA por la\u00a0 exclusi\u00f3n en las \u00abencuestas\u00bb y, es que en su momento a nadie se le dijo que no se inscribiera, lo hiciera quien quisiera, la comisi\u00f3n de candidaturas hizo de trabajo, recibi\u00f3 documentos y\u00a0 dem\u00e1s papales para que nadie se sintiera, el problema se tiene ahora que todos se cre\u00edan que ten\u00edan l\u00ednea y no la tienen, \u00bfen qu\u00e9 terminar\u00e1n estas personas?, sencillo: manifestar\u00e1n su rechazo de una u otra forma, aqu\u00ed, se va ver, quien o quienes estaban por convicci\u00f3n o solo estaban en MORENA para buscar un puesto pol\u00edtico.<\/p>\n<p>Y por supuesto que ese tema fue planteado en la mesa de alto nivel, para que se atienda y se resuelva. El asunto relacionado con la nota que sirvi\u00f3 de grilla para los opositores\u00a0 fue el nombramiento del Senador, Miguel \u00c1ngel Yunes M\u00e1rquez, como presidente de la Comisi\u00f3n de Hacienda en la C\u00e1mara Alta, es irrelevante, ambas mujeres est\u00e1n empoderadas, una es Presidenta de la Rep\u00fablica y la otra es Gobernadora y, san se acab\u00f3.<\/p>\n<p>Se ha dicho en reiteradas ocasiones que, el tal\u00f3n de Aquiles de MORENA es toda su estructura como tal; es decir, su l\u00ednea pol\u00edtica\u00a0 y sus estatutos, lo que en un futuro no muy lejano, \u00e9ste puede ser la construcci\u00f3n de su propio Waterloo (\u00bb debilidades y derrota \u00ab). Abelardo Alto Ventura, fundador del desaparecido (PRD) y de MORENA aunque este sigui\u00f3 en el partido solaztequista hasta que termino, conocedor de las reglas electorales internas y analista pol\u00edtico, adem\u00e1s quien ha seguido de cerca el proceso electoral en curso y en particular sobre el tema interno de morena sostiene: el caso de MORENA es bastante interesante y apasionante, porque por el momento sigue siendo una marca bien posicionada en el imaginario colectivo mexicano.<\/p>\n<p>En primer lugar, por las buenas\u00a0 acciones de algunos de sus gobiernos (no todos) y, principalmente por los programas sociales. Existe una base importante del electorado beneficiado de uno o m\u00e1s de los apoyos gubernamentales y;\u00a0 que, en respuesta, en agradecimiento a ese ayuda social, el voto est\u00e1 orientado hacia MORENA.<\/p>\n<p>Por regla general eso cuenta a la hora de ver a qui\u00e9n postulas a un cargo de elecci\u00f3n popular; es decir, en los 212 municipios del estado de Veracruz, cuentan con un padr\u00f3n del casi o m\u00e1s del 50 % del total de la lista nominal ( 65 y m\u00e1s, j\u00f3venes construyendo el futuro, discapacitados, etc\u00e9tera, etc\u00e9tera ), eso le sirve de plataforma para construir un proyecto ganador en los municipios; bien, pero carecen de figuras y de cuadros con la popularidad que requiere el caso, el enviciado relevo generacional a\u00fan no se da en est\u00e1s filas,\u00a0 son muy pocos los casos y bastante escasos donde el ambiente se ve oxigenado.<\/p>\n<p>En las elecciones municipales del (2017), MORENA gan\u00f3 varios municipios a trav\u00e9s de sus principales fundadores; en Minatitl\u00e1n con Nicol\u00e1s Reyes \u00c1lvarez y en J\u00e0ltipan con el Profesor, Lucas Mart\u00ednez Torres, ambos llegaron bastante agotados por lo que signific\u00f3 la lucha de m\u00e1s de 30 a\u00f1os, junto a Andr\u00e9s Manuel L\u00f3pez Obrador; entonces, si en la mesa de an\u00e1lisis y seguimiento de toda estrategia electoral; adem\u00e1s del 50 %, lo que se necesita es: un liderazgo que te aporte un 25 % de votos propios y, si los hay, pero son muy pocos, es all\u00ed, la raz\u00f3n por la\u00a0 que MORENA alberga a muchos \u00bb migrantes \u00ab. Desde mi perspectiva personal MORENA no ha logrado consolidarse y transitar entre su origen como movimiento social a un Partido Pol\u00edtico Nacional, debidamente estructurado, con: debates internos, elecciones abiertas y democr\u00e1ticas; existen consultas ciudadanas, s\u00ed, pero hace falta m\u00e1s.<\/p>\n<p>Ante la reforma electoral, donde desaparece la reelecci\u00f3n y el nepotismo, el partido tiene la urgente y necesaria discusi\u00f3n de c\u00f3mo generar nuevos liderazgos hacia las elecciones del 2029 &#8211; 2030. No obstante, MORENA\u00a0 es una fuerza electoral impresionante y con una maquinaria de numerosos votos, pero en las lides electorales municipales, hay otro factor que juega su propio rol: es decir, el voto es vol\u00e1til y diferente a las intermedias y presidenciales, seg\u00fan los datos y resultados hist\u00f3ricos, en las municipales la gente vota m\u00e1s por la persona que, por los partidos.<\/p>\n<p>Otros analistas sostienen que en el sur de Veracruz, en concreto\u00a0 Cosoleacaque,\u00a0 la pelea ser\u00e1 entre el PRI y MORENA, aunque por las condiciones pol\u00edticas que se empiezan a manejar en el interior del partido guinda, existe la posibilidad que el tricolor mantenga la estafeta en la persona de Cirilo V\u00e1zquez Parissi, en Zaragoza, la elecci\u00f3n se puede ir a tercios entre MORENA, PAN, VERDE y un independiente, en J\u00e0ltipan, MORENA, MC y PAN, en Oteapan, MC, MORENA, PAN , en Chinameca, MORENA, PRI y MC, en Mecayapan, MORENA y MC, en Tatahuicapan, entre MORENA y PRI, en Soteapan, MORENA y PRI, Pajapan, entre\u00a0 MORENA y alguien que no queda claro hasta este momento, son de los municipios como Oteapan, que las \u00faltimas elecciones han ganado el PES y Frente Cadenita.<\/p>\n<p>La verdad que el asunto de las acciones afirmativas y en especial el de g\u00e9nero, le complica mucho a los partidos, m\u00e1s all\u00e1, de qui\u00e9n o qui\u00e9nes est\u00e9n mejor posicionados. Seg\u00fan la bola de cristal del Mestizo,\u00a0 A MC le puede ir bien en n\u00fameros de votos en Mecayapan,\u00a0 J\u00e0ltipan y Oteapan, el PRI en Cosoleacaque, Soteapan y Tatahuicapan, el PAN en Zaragoza y J\u00e0ltipan, pero mayoritariamente MORENA seguir\u00e1 la carrera copeteada y rebosante.<\/p>\n<p>Eso no quiere decir triunfos totales, m\u00e1s bien parciales. FELICITACIONES al diputado, Esteban Bautista Hern\u00e1ndez, por sus primeros cien d\u00edas de logros y resultados al frente de la Junta de Coordinaci\u00f3n Pol\u00edtica ( JUCOPO &#8211; Veracruz).<\/p>\n<p>El presidente municipal de Oteapan, Veracruz, Jairo C\u00e9sar Mart\u00ednez\u00a0 Gonz\u00e1lez, consciente de que la presidencia no se hereda, este 14 de febrero, en la ceremonia de matrimonio colectivo que se celebr\u00f3 por el \u201cD\u00eda del Amor y la Amistad\u201d, utiliz\u00f3 el espacio para empezar agradecer a su pueblo el apoyo que le han brindado como jefe de este gobierno local.<\/p>\n<p><img data-recalc-dims=\"1\" loading=\"lazy\" decoding=\"async\" class=\"aligncenter size-full wp-image-56848\" src=\"https:\/\/i0.wp.com\/politicosaldesnudo.com.mx\/wp-content\/uploads\/2025\/02\/FIRMA-EDITORIAL-PD-4.jpg?resize=800%2C98&#038;ssl=1\" alt=\"\" width=\"800\" height=\"98\" srcset=\"https:\/\/i0.wp.com\/politicosaldesnudo.com.mx\/wp-content\/uploads\/2025\/02\/FIRMA-EDITORIAL-PD-4.jpg?w=1024&amp;ssl=1 1024w, https:\/\/i0.wp.com\/politicosaldesnudo.com.mx\/wp-content\/uploads\/2025\/02\/FIRMA-EDITORIAL-PD-4.jpg?resize=300%2C37&amp;ssl=1 300w, https:\/\/i0.wp.com\/politicosaldesnudo.com.mx\/wp-content\/uploads\/2025\/02\/FIRMA-EDITORIAL-PD-4.jpg?resize=768%2C94&amp;ssl=1 768w\" sizes=\"auto, (max-width: 800px) 100vw, 800px\" \/><\/p>\n","protected":false},"excerpt":{"rendered":"<p>La visita de la presidenta de la Rep\u00fablica Claudia Sheinbaum Pardo a Veracruz, tuvo varios objetivos: anunciar el arranque de<\/p>\n","protected":false},"author":4,"featured_media":56392,"comment_status":"closed","ping_status":"closed","sticky":false,"template":"","format":"standard","meta":{"colormag_page_container_layout":"default_layout","colormag_page_sidebar_layout":"default_layout","_jetpack_memberships_contains_paid_content":false,"footnotes":"","jetpack_publicize_message":"","jetpack_publicize_feature_enabled":true,"jetpack_social_post_already_shared":false,"jetpack_social_options":{"image_generator_settings":{"template":"highway","default_image_id":0,"font":"","enabled":false},"version":2}},"categories":[26],"tags":[],"class_list":["post-56928","post","type-post","status-publish","format-standard","has-post-thumbnail","hentry","category-columnistas"],"jetpack_publicize_connections":[],"jetpack_featured_media_url":"https:\/\/i0.wp.com\/politicosaldesnudo.com.mx\/wp-content\/uploads\/2025\/02\/LEAD-POLITICO-AZUL.jpg?fit=800%2C445&ssl=1","jetpack-related-posts":[],"jetpack_sharing_enabled":true,"_links":{"self":[{"href":"https:\/\/politicosaldesnudo.com.mx\/index.php\/wp-json\/wp\/v2\/posts\/56928","targetHints":{"allow":["GET"]}}],"collection":[{"href":"https:\/\/politicosaldesnudo.com.mx\/index.php\/wp-json\/wp\/v2\/posts"}],"about":[{"href":"https:\/\/politicosaldesnudo.com.mx\/index.php\/wp-json\/wp\/v2\/types\/post"}],"author":[{"embeddable":true,"href":"https:\/\/politicosaldesnudo.com.mx\/index.php\/wp-json\/wp\/v2\/users\/4"}],"replies":[{"embeddable":true,"href":"https:\/\/politicosaldesnudo.com.mx\/index.php\/wp-json\/wp\/v2\/comments?post=56928"}],"version-history":[{"count":0,"href":"https:\/\/politicosaldesnudo.com.mx\/index.php\/wp-json\/wp\/v2\/posts\/56928\/revisions"}],"wp:featuredmedia":[{"embeddable":true,"href":"https:\/\/politicosaldesnudo.com.mx\/index.php\/wp-json\/wp\/v2\/media\/56392"}],"wp:attachment":[{"href":"https:\/\/politicosaldesnudo.com.mx\/index.php\/wp-json\/wp\/v2\/media?parent=56928"}],"wp:term":[{"taxonomy":"category","embeddable":true,"href":"https:\/\/politicosaldesnudo.com.mx\/index.php\/wp-json\/wp\/v2\/categories?post=56928"},{"taxonomy":"post_tag","embeddable":true,"href":"https:\/\/politicosaldesnudo.com.mx\/index.php\/wp-json\/wp\/v2\/tags?post=56928"}],"curies":[{"name":"wp","href":"https:\/\/api.w.org\/{rel}","templated":true}]}}