{"id":56937,"date":"2025-02-17T00:44:58","date_gmt":"2025-02-17T06:44:58","guid":{"rendered":"https:\/\/politicosaldesnudo.com.mx\/?p=56937"},"modified":"2025-02-17T02:02:45","modified_gmt":"2025-02-17T08:02:45","slug":"medina-lider-moral-del-norte-de-veracruz","status":"publish","type":"post","link":"https:\/\/politicosaldesnudo.com.mx\/index.php\/2025\/02\/17\/medina-lider-moral-del-norte-de-veracruz\/","title":{"rendered":"Medina, l\u00edder moral del norte de Veracruz"},"content":{"rendered":"<p><span style=\"font-size: 14pt;\"><strong>ALMA GRANDE<\/strong><\/span><\/p>\n<p><span style=\"font-size: 14pt;\"><strong>Por \u00c1ngel \u00c1lvaro Pe\u00f1a<\/strong><\/span><\/p>\n<p><span style=\"font-size: 14pt;\">Ante la proximidad de la renovaci\u00f3n de los 212 municipios de Veracruz, Morena se erige como una aplastante triunfadora, sin todav\u00eda tener candidatos y candidatas definidos en las diferentes alcald\u00edas de la entidad.<\/span><\/p>\n<p><span style=\"font-size: 14pt;\">La fuerza de Morena es indiscutible, pero tambi\u00e9n es indiscutible la fragilidad de una oposici\u00f3n que, en la m\u00e1s reciente elecci\u00f3n de hace menos de un a\u00f1o, se dedic\u00f3 a practicar una guerra sucia para desacreditar a los candidatos que finalmente ganaron en las urnas.<\/span><\/p>\n<p><span style=\"font-size: 14pt;\">De la fragilidad de la oposici\u00f3n dan cuenta los propios opositores, el Partido Acci\u00f3n Nacional en la entidad informa que s\u00f3lo se han registrado 100 precandidatos y precandidatas a concursar por las alcald\u00edas, a pesar de que la convocatoria est\u00e1 a punto de cerrar y se convoca en las plazas p\u00fablicas a la ciudadan\u00eda a representar al PAN en la contienda electoral. Es decir, hasta el momento hacen faltan 112 veracruzanos voluntarios para llenar las candidaturas, lo cual seguramente no llenar\u00e1n.<\/span><\/p>\n<p><span style=\"font-size: 14pt;\">Los panistas se interesan s\u00f3lo por los municipios urbanos, en Boca del R\u00edo, Xalapa, Veracruz hay hasta 10 concursantes, por cada uno, para convertirse en candidatos y candidatas perdedores.<\/span><\/p>\n<p><span style=\"font-size: 14pt;\">Sin embargo, se presenta otro problema a futuro, qui\u00e9n va a representar al PAN en las casillas, responsabilidad que hasta el momento no tiene a nadie.<\/span><\/p>\n<p><span style=\"font-size: 14pt;\">En cambio, Morena, constituido como un partido pol\u00edtico m\u00e1s joven que el PAN por 72 a\u00f1os, tiene una larga historia de aut\u00e9ntico liderazgo, de lucha social, en el estado, simplemente en el norte de Veracruz cuenta no s\u00f3lo con todos los candidatos, en promedio de 4, por municipio; tambi\u00e9n sobran voluntarios para cubrir la representaci\u00f3n en las casillas de los 212 municipios, por alejados que est\u00e9n de los centros urbanos.<\/span><\/p>\n<p><span style=\"font-size: 14pt;\">No es ning\u00fan secreto el arraigo de un partido que se fund\u00f3 en 2011, hay liderazgos s\u00f3lidos que dan cuenta de la forma de gobernar y, sobre todo, de tomar en cuenta la voz de la poblaci\u00f3n, condici\u00f3n que no hab\u00eda existido nunca en M\u00e9xico.<\/span><\/p>\n<p><span style=\"font-size: 14pt;\">Es precisamente en el norte de Veracruz donde surge un liderazgo fuerte como el de Marco Antonio Medina P\u00e9rez, quien ahora se desempe\u00f1a como Tesorero General del ISSSTE, luego de ser nombrado en los primeros d\u00edas de noviembre por el titular de la Instituci\u00f3n, Mart\u00ed Batres Guadarrama.<\/span><\/p>\n<p><span style=\"font-size: 14pt;\">La gente reconoce la cercan\u00eda de la gente, Marco Medina camin\u00f3 al lado de Andr\u00e9s Manuel L\u00f3pez Obrador desde a\u00f1os antes de fundarse Morena, conoci\u00f3, salud\u00f3 a la gente y entr\u00f3 a sus casas, donde fue testigo de sus necesidades y las inquietudes de los habitantes.<\/span><\/p>\n<p><span style=\"font-size: 14pt;\">Los panistas, por el contrario, hacen campa\u00f1as desde el celular tratando de enviar mensajes a la gente para convencerlos de votar por ellos que carecen de ideas y carentes totalmente de sensibilidad.<\/span><\/p>\n<p><img data-recalc-dims=\"1\" loading=\"lazy\" decoding=\"async\" class=\"aligncenter size-full wp-image-56944\" src=\"https:\/\/i0.wp.com\/politicosaldesnudo.com.mx\/wp-content\/uploads\/2025\/02\/WhatsApp-Image-2025-02-16-at-19.18.28.jpeg?resize=528%2C639&#038;ssl=1\" alt=\"\" width=\"528\" height=\"639\" srcset=\"https:\/\/i0.wp.com\/politicosaldesnudo.com.mx\/wp-content\/uploads\/2025\/02\/WhatsApp-Image-2025-02-16-at-19.18.28.jpeg?w=528&amp;ssl=1 528w, https:\/\/i0.wp.com\/politicosaldesnudo.com.mx\/wp-content\/uploads\/2025\/02\/WhatsApp-Image-2025-02-16-at-19.18.28.jpeg?resize=248%2C300&amp;ssl=1 248w\" sizes=\"auto, (max-width: 528px) 100vw, 528px\" \/><\/p>\n<p><span style=\"font-size: 14pt;\">As\u00ed, Marco Medina se convierte en el l\u00edder moral de Morena en el norte de Veracruz, de ah\u00ed que la gente conoce que el proyecto del Movimiento est\u00e1 planteado a partir de la comunicaci\u00f3n con la gente y no del protagonismo vac\u00edo que no le dice nada a nadie.<\/span><\/p>\n<p><span style=\"font-size: 14pt;\">Marco Medina, fue el primer secretario de Finanzas del Comit\u00e9 Ejecutivo Nacional de Morena, ha sido consejero Nacional del partido, destacando por su manifiesto compromiso con el proyecto social de naci\u00f3n, y por ser uno de los mejores oradores y parlamentarios de la izquierda en M\u00e9xico.<\/span><\/p>\n<p><span style=\"font-size: 14pt;\">Marco Medina economista, esto le permiti\u00f3 convertirse en coordinador de asesores de Mart\u00ed Batres, ahora su compa\u00f1ero de equipo en la salud, como l\u00edder de la asamblea de representantes de la Ciudad de M\u00e9xico, de 1997 al 2000.<\/span><\/p>\n<p><span style=\"font-size: 14pt;\">Como Diputado Federal en la LXIV Legislatura por el distrito de Tuxpan, fue el principal orador veracruzano en los debates parlamentarios por dar el marco jur\u00eddico a los derechos sociales. Implacable contra la corrupci\u00f3n como cuando abander\u00f3 a 10 comunidades rurales de Tuxpan para defender sus derechos por una obra millonaria, un puente sobre el r\u00edo Tuxpan. Abander\u00f3 importantes proyectos para el desarrollo regional como el Puerto Profundo de Tuxpan.<\/span><\/p>\n<p><img data-recalc-dims=\"1\" loading=\"lazy\" decoding=\"async\" class=\"aligncenter size-large wp-image-56946\" src=\"https:\/\/i0.wp.com\/politicosaldesnudo.com.mx\/wp-content\/uploads\/2025\/02\/WhatsApp-Image-2025-02-16-at-19.19.07-1024x766.jpg?resize=800%2C598&#038;ssl=1\" alt=\"\" width=\"800\" height=\"598\" srcset=\"https:\/\/i0.wp.com\/politicosaldesnudo.com.mx\/wp-content\/uploads\/2025\/02\/WhatsApp-Image-2025-02-16-at-19.19.07.jpg?resize=1024%2C766&amp;ssl=1 1024w, https:\/\/i0.wp.com\/politicosaldesnudo.com.mx\/wp-content\/uploads\/2025\/02\/WhatsApp-Image-2025-02-16-at-19.19.07.jpg?resize=300%2C224&amp;ssl=1 300w, https:\/\/i0.wp.com\/politicosaldesnudo.com.mx\/wp-content\/uploads\/2025\/02\/WhatsApp-Image-2025-02-16-at-19.19.07.jpg?resize=768%2C574&amp;ssl=1 768w, https:\/\/i0.wp.com\/politicosaldesnudo.com.mx\/wp-content\/uploads\/2025\/02\/WhatsApp-Image-2025-02-16-at-19.19.07.jpg?w=1280&amp;ssl=1 1280w\" sizes=\"auto, (max-width: 800px) 100vw, 800px\" \/><\/p>\n<p><span style=\"font-size: 14pt;\">Para erradicar de corruptos al puerto Medina P\u00e9rez encabez\u00f3 marchas, plantones y gestiones, desactivando proyectos que aprovechaban recursos p\u00fablicos en beneficios particulares, como pretend\u00eda hacer el actual candidato del PAN a la alcald\u00eda por Tuxpan, el ex presidente municipal, Juan Ram\u00f3n Ganem, quien luego de salir de su encargo como alcalde quiso aprovechar los restos del material de una obra clausurada por construir espacios tur\u00edsticos en su beneficio particular.<\/span><\/p>\n<p><span style=\"font-size: 14pt;\">El secreto de Marco Medina, a quien ahora consideran su l\u00edder radic\u00f3 en una permanente comunicaci\u00f3n con las bases sociales.<\/span><\/p>\n<p><span style=\"font-size: 14pt;\">A pesar de su responsabilidad en las oficinas del ISSSTE, Medina P\u00e9rez, atiende en el norte de Veracruz a los cuadros morenistas, encabezando la corriente originaria de ese partido en el municipio y la regi\u00f3n, estructura que tuvo una participaci\u00f3n decisiva en las \u00faltimas elecciones estatales y municipales.<\/span><\/p>\n<p><span style=\"font-size: 14pt;\">En Tuxpan abander\u00f3 como Diputado Federal importantes proyectos para el desarrollo regional como el Puerto Profundo de Tuxpan, la ampliaci\u00f3n del corredor M\u00e9xico-Tuxpan.<\/span><\/p>\n<p><span style=\"font-size: 14pt;\">Frente al debate parlamentario Marco Medina es una vanguardia pol\u00edtica e ideol\u00f3gica que tuvo una destacada participaci\u00f3n en la campa\u00f1a de Roc\u00edo Nahle por ese distrito.<\/span><\/p>\n<p><span style=\"font-size: 14pt;\">Como fundador de Morena, es una muestra de algunas disposiciones poco acertadas donde se le dio prioridad a los chapulines, dej\u00e1ndolo fuera de espacios que bien pudo ocupar dentro el gabinete del ex gobernador, lo que hubiera servido para equilibrar la mediocridad que caracteriz\u00f3 ese periodo que todos los veracruzanos quieren olvidar.<\/span><\/p>\n<p><span style=\"font-size: 14pt;\">Ahora la justicia y la historia han compensado a Marco Medina, su talento pol\u00edtico se mostrar\u00e1 en las pr\u00f3ximas elecciones municipales donde su figura y, sobre todo, su trabajo, que se crean alianzas cordiales con la poblaci\u00f3n de manera directa, en cada plaza, en cada calle, en cada casa, estrechando manos e intercambiando sonrisas.<\/span><\/p>\n<p><span style=\"font-size: 14pt;\">La mano de Marco Medina estar\u00e1 presente a la hora de votar en las elecciones del pr\u00f3ximo 1 de junio, mientras una oposici\u00f3n desesperada solo se victimiza hasta el llanto.<\/span><\/p>\n<p><span style=\"font-size: 14pt;\"><strong>PEGA Y CORRE.-<\/strong> La derecha mexicana que alab\u00f3 a Javier Milei, ahora debe estar consciente que elogi\u00f3 a un delincuente, entre ellas la candidata X\u00f3chitl y la senadora de Sonora, Lilly T\u00e9llez, quien invit\u00f3 a Milei a M\u00e9xico a dar clases de econom\u00eda.\u00a0El presidente argentino protagoniz\u00f3 un esc\u00e1ndalo financiero mundial que desencaden\u00f3 la m\u00e1s grave crisis pol\u00edtica de su mandato\u2026Esta columna se publica los lunes, mi\u00e9rcoles y viernes.<\/span><\/p>\n<p><img data-recalc-dims=\"1\" loading=\"lazy\" decoding=\"async\" class=\"aligncenter size-full wp-image-56848\" src=\"https:\/\/i0.wp.com\/politicosaldesnudo.com.mx\/wp-content\/uploads\/2025\/02\/FIRMA-EDITORIAL-PD-4.jpg?resize=800%2C98&#038;ssl=1\" alt=\"\" width=\"800\" height=\"98\" srcset=\"https:\/\/i0.wp.com\/politicosaldesnudo.com.mx\/wp-content\/uploads\/2025\/02\/FIRMA-EDITORIAL-PD-4.jpg?w=1024&amp;ssl=1 1024w, https:\/\/i0.wp.com\/politicosaldesnudo.com.mx\/wp-content\/uploads\/2025\/02\/FIRMA-EDITORIAL-PD-4.jpg?resize=300%2C37&amp;ssl=1 300w, https:\/\/i0.wp.com\/politicosaldesnudo.com.mx\/wp-content\/uploads\/2025\/02\/FIRMA-EDITORIAL-PD-4.jpg?resize=768%2C94&amp;ssl=1 768w\" sizes=\"auto, (max-width: 800px) 100vw, 800px\" \/><\/p>\n","protected":false},"excerpt":{"rendered":"<p>ALMA GRANDE Por \u00c1ngel \u00c1lvaro Pe\u00f1a Ante la proximidad de la renovaci\u00f3n de los 212 municipios de Veracruz, Morena se<\/p>\n","protected":false},"author":4,"featured_media":56565,"comment_status":"closed","ping_status":"closed","sticky":false,"template":"","format":"standard","meta":{"colormag_page_container_layout":"default_layout","colormag_page_sidebar_layout":"default_layout","_jetpack_memberships_contains_paid_content":false,"footnotes":"","jetpack_publicize_message":"","jetpack_publicize_feature_enabled":true,"jetpack_social_post_already_shared":false,"jetpack_social_options":{"image_generator_settings":{"template":"highway","default_image_id":0,"font":"","enabled":false},"version":2}},"categories":[26],"tags":[],"class_list":["post-56937","post","type-post","status-publish","format-standard","has-post-thumbnail","hentry","category-columnistas"],"jetpack_publicize_connections":[],"jetpack_featured_media_url":"https:\/\/i0.wp.com\/politicosaldesnudo.com.mx\/wp-content\/uploads\/2025\/02\/BANNER-LOPEZ-DORIGA-DIGITAL-2.jpg?fit=800%2C445&ssl=1","jetpack-related-posts":[],"jetpack_sharing_enabled":true,"_links":{"self":[{"href":"https:\/\/politicosaldesnudo.com.mx\/index.php\/wp-json\/wp\/v2\/posts\/56937","targetHints":{"allow":["GET"]}}],"collection":[{"href":"https:\/\/politicosaldesnudo.com.mx\/index.php\/wp-json\/wp\/v2\/posts"}],"about":[{"href":"https:\/\/politicosaldesnudo.com.mx\/index.php\/wp-json\/wp\/v2\/types\/post"}],"author":[{"embeddable":true,"href":"https:\/\/politicosaldesnudo.com.mx\/index.php\/wp-json\/wp\/v2\/users\/4"}],"replies":[{"embeddable":true,"href":"https:\/\/politicosaldesnudo.com.mx\/index.php\/wp-json\/wp\/v2\/comments?post=56937"}],"version-history":[{"count":0,"href":"https:\/\/politicosaldesnudo.com.mx\/index.php\/wp-json\/wp\/v2\/posts\/56937\/revisions"}],"wp:featuredmedia":[{"embeddable":true,"href":"https:\/\/politicosaldesnudo.com.mx\/index.php\/wp-json\/wp\/v2\/media\/56565"}],"wp:attachment":[{"href":"https:\/\/politicosaldesnudo.com.mx\/index.php\/wp-json\/wp\/v2\/media?parent=56937"}],"wp:term":[{"taxonomy":"category","embeddable":true,"href":"https:\/\/politicosaldesnudo.com.mx\/index.php\/wp-json\/wp\/v2\/categories?post=56937"},{"taxonomy":"post_tag","embeddable":true,"href":"https:\/\/politicosaldesnudo.com.mx\/index.php\/wp-json\/wp\/v2\/tags?post=56937"}],"curies":[{"name":"wp","href":"https:\/\/api.w.org\/{rel}","templated":true}]}}