{"id":56961,"date":"2025-02-17T20:04:32","date_gmt":"2025-02-18T02:04:32","guid":{"rendered":"https:\/\/politicosaldesnudo.com.mx\/?p=56961"},"modified":"2025-02-17T20:04:32","modified_gmt":"2025-02-18T02:04:32","slug":"gobierno-de-tuxpan-hizo-la-entrega-oficial-de-techados-en-areas-de-educacion-fisica-en-dos-escuelas-primarias-urbanas","status":"publish","type":"post","link":"https:\/\/politicosaldesnudo.com.mx\/index.php\/2025\/02\/17\/gobierno-de-tuxpan-hizo-la-entrega-oficial-de-techados-en-areas-de-educacion-fisica-en-dos-escuelas-primarias-urbanas\/","title":{"rendered":"Gobierno de Tuxpan hizo la entrega oficial de techados en \u00e1reas de Educaci\u00f3n F\u00edsica, en dos escuelas primarias urbanas"},"content":{"rendered":"<p>Tuxpan, Ver., 17 de febrero de 2025.- Acompa\u00f1ado de integrantes del cabildo, el presidente municipal Dr. Jes\u00fas Fomperoza Torres inaugur\u00f3 la construcci\u00f3n de techados en las \u00e1reas de impartici\u00f3n de Educaci\u00f3n F\u00edsica de las escuelas primarias Fausto Vega Santander y Josefa Ortiz de Dom\u00ednguez.<\/p>\n<p><img data-recalc-dims=\"1\" loading=\"lazy\" decoding=\"async\" class=\"aligncenter size-large wp-image-56968\" src=\"https:\/\/i0.wp.com\/politicosaldesnudo.com.mx\/wp-content\/uploads\/2025\/02\/WhatsApp-Image-2025-02-17-at-15.54.13-1024x681.jpeg?resize=800%2C532&#038;ssl=1\" alt=\"\" width=\"800\" height=\"532\" srcset=\"https:\/\/i0.wp.com\/politicosaldesnudo.com.mx\/wp-content\/uploads\/2025\/02\/WhatsApp-Image-2025-02-17-at-15.54.13.jpeg?resize=1024%2C681&amp;ssl=1 1024w, https:\/\/i0.wp.com\/politicosaldesnudo.com.mx\/wp-content\/uploads\/2025\/02\/WhatsApp-Image-2025-02-17-at-15.54.13.jpeg?resize=300%2C200&amp;ssl=1 300w, https:\/\/i0.wp.com\/politicosaldesnudo.com.mx\/wp-content\/uploads\/2025\/02\/WhatsApp-Image-2025-02-17-at-15.54.13.jpeg?resize=768%2C511&amp;ssl=1 768w, https:\/\/i0.wp.com\/politicosaldesnudo.com.mx\/wp-content\/uploads\/2025\/02\/WhatsApp-Image-2025-02-17-at-15.54.13.jpeg?resize=1536%2C1021&amp;ssl=1 1536w, https:\/\/i0.wp.com\/politicosaldesnudo.com.mx\/wp-content\/uploads\/2025\/02\/WhatsApp-Image-2025-02-17-at-15.54.13.jpeg?w=1600&amp;ssl=1 1600w\" sizes=\"auto, (max-width: 800px) 100vw, 800px\" \/><\/p>\n<p>Estas obras benefician a m\u00e1s de 300 estudiantes que ahora podr\u00e1n realizar actividades deportivas, culturales y sociales, bajo la protecci\u00f3n y seguridad de estos modernos techos.<\/p>\n<p><img data-recalc-dims=\"1\" loading=\"lazy\" decoding=\"async\" class=\"aligncenter size-large wp-image-56967\" src=\"https:\/\/i0.wp.com\/politicosaldesnudo.com.mx\/wp-content\/uploads\/2025\/02\/WhatsApp-Image-2025-02-17-at-15.54.13-4-1024x681.jpeg?resize=800%2C532&#038;ssl=1\" alt=\"\" width=\"800\" height=\"532\" srcset=\"https:\/\/i0.wp.com\/politicosaldesnudo.com.mx\/wp-content\/uploads\/2025\/02\/WhatsApp-Image-2025-02-17-at-15.54.13-4.jpeg?resize=1024%2C681&amp;ssl=1 1024w, https:\/\/i0.wp.com\/politicosaldesnudo.com.mx\/wp-content\/uploads\/2025\/02\/WhatsApp-Image-2025-02-17-at-15.54.13-4.jpeg?resize=300%2C200&amp;ssl=1 300w, https:\/\/i0.wp.com\/politicosaldesnudo.com.mx\/wp-content\/uploads\/2025\/02\/WhatsApp-Image-2025-02-17-at-15.54.13-4.jpeg?resize=768%2C511&amp;ssl=1 768w, https:\/\/i0.wp.com\/politicosaldesnudo.com.mx\/wp-content\/uploads\/2025\/02\/WhatsApp-Image-2025-02-17-at-15.54.13-4.jpeg?resize=1536%2C1021&amp;ssl=1 1536w, https:\/\/i0.wp.com\/politicosaldesnudo.com.mx\/wp-content\/uploads\/2025\/02\/WhatsApp-Image-2025-02-17-at-15.54.13-4.jpeg?w=1600&amp;ssl=1 1600w\" sizes=\"auto, (max-width: 800px) 100vw, 800px\" \/><\/p>\n<p>En la entrega de estas construcciones estuvieron presentes la s\u00edndica \u00fanica Mtra. Beatriz Pi\u00f1a Vergara; las regidoras y los regidores Amado Guti\u00e9rrez Lima, Mar\u00eda del Pilar Mart\u00ednez Matesanz, Maryanela Monroy Flores, Anah\u00ed Aguilar L\u00f3pez, Juan G\u00f3mez Garc\u00eda, Lucero Res\u00e9ndis Ambrocio, Luis Demetrio L\u00f3pez Mar\u00edn y Axel Bernal Herrera.<\/p>\n<p><img data-recalc-dims=\"1\" loading=\"lazy\" decoding=\"async\" class=\"aligncenter size-large wp-image-56966\" src=\"https:\/\/i0.wp.com\/politicosaldesnudo.com.mx\/wp-content\/uploads\/2025\/02\/WhatsApp-Image-2025-02-17-at-15.54.13-3-1024x681.jpeg?resize=800%2C532&#038;ssl=1\" alt=\"\" width=\"800\" height=\"532\" srcset=\"https:\/\/i0.wp.com\/politicosaldesnudo.com.mx\/wp-content\/uploads\/2025\/02\/WhatsApp-Image-2025-02-17-at-15.54.13-3.jpeg?resize=1024%2C681&amp;ssl=1 1024w, https:\/\/i0.wp.com\/politicosaldesnudo.com.mx\/wp-content\/uploads\/2025\/02\/WhatsApp-Image-2025-02-17-at-15.54.13-3.jpeg?resize=300%2C200&amp;ssl=1 300w, https:\/\/i0.wp.com\/politicosaldesnudo.com.mx\/wp-content\/uploads\/2025\/02\/WhatsApp-Image-2025-02-17-at-15.54.13-3.jpeg?resize=768%2C511&amp;ssl=1 768w, https:\/\/i0.wp.com\/politicosaldesnudo.com.mx\/wp-content\/uploads\/2025\/02\/WhatsApp-Image-2025-02-17-at-15.54.13-3.jpeg?resize=1536%2C1021&amp;ssl=1 1536w, https:\/\/i0.wp.com\/politicosaldesnudo.com.mx\/wp-content\/uploads\/2025\/02\/WhatsApp-Image-2025-02-17-at-15.54.13-3.jpeg?w=1600&amp;ssl=1 1600w\" sizes=\"auto, (max-width: 800px) 100vw, 800px\" \/><\/p>\n<p>La inversi\u00f3n total para ambas construcciones fue superior a los 5 millones de pesos, provenientes del Fondo de Aportaciones para la Infraestructura Social Municipal (FAISMUN 2024).<\/p>\n<p><img data-recalc-dims=\"1\" loading=\"lazy\" decoding=\"async\" class=\"aligncenter size-large wp-image-56964\" src=\"https:\/\/i0.wp.com\/politicosaldesnudo.com.mx\/wp-content\/uploads\/2025\/02\/WhatsApp-Image-2025-02-17-at-15.54.13-1-1024x681.jpeg?resize=800%2C532&#038;ssl=1\" alt=\"\" width=\"800\" height=\"532\" srcset=\"https:\/\/i0.wp.com\/politicosaldesnudo.com.mx\/wp-content\/uploads\/2025\/02\/WhatsApp-Image-2025-02-17-at-15.54.13-1.jpeg?resize=1024%2C681&amp;ssl=1 1024w, https:\/\/i0.wp.com\/politicosaldesnudo.com.mx\/wp-content\/uploads\/2025\/02\/WhatsApp-Image-2025-02-17-at-15.54.13-1.jpeg?resize=300%2C200&amp;ssl=1 300w, https:\/\/i0.wp.com\/politicosaldesnudo.com.mx\/wp-content\/uploads\/2025\/02\/WhatsApp-Image-2025-02-17-at-15.54.13-1.jpeg?resize=768%2C511&amp;ssl=1 768w, https:\/\/i0.wp.com\/politicosaldesnudo.com.mx\/wp-content\/uploads\/2025\/02\/WhatsApp-Image-2025-02-17-at-15.54.13-1.jpeg?resize=1536%2C1021&amp;ssl=1 1536w, https:\/\/i0.wp.com\/politicosaldesnudo.com.mx\/wp-content\/uploads\/2025\/02\/WhatsApp-Image-2025-02-17-at-15.54.13-1.jpeg?w=1600&amp;ssl=1 1600w\" sizes=\"auto, (max-width: 800px) 100vw, 800px\" \/><\/p>\n<p>El alcalde, Dr. Jes\u00fas Fomperoza, se\u00f1al\u00f3 que estos techados y sus instalaciones complementarias \u201cson el mayor testimonio de que el trabajo en equipo y la perseverancia son determinantes para que un sue\u00f1o se convierta en realidad\u201d.<\/p>\n<p><img data-recalc-dims=\"1\" loading=\"lazy\" decoding=\"async\" class=\"aligncenter size-large wp-image-56963\" src=\"https:\/\/i0.wp.com\/politicosaldesnudo.com.mx\/wp-content\/uploads\/2025\/02\/WhatsApp-Image-2025-02-17-at-15.54.12-1024x681.jpeg?resize=800%2C532&#038;ssl=1\" alt=\"\" width=\"800\" height=\"532\" srcset=\"https:\/\/i0.wp.com\/politicosaldesnudo.com.mx\/wp-content\/uploads\/2025\/02\/WhatsApp-Image-2025-02-17-at-15.54.12.jpeg?resize=1024%2C681&amp;ssl=1 1024w, https:\/\/i0.wp.com\/politicosaldesnudo.com.mx\/wp-content\/uploads\/2025\/02\/WhatsApp-Image-2025-02-17-at-15.54.12.jpeg?resize=300%2C200&amp;ssl=1 300w, https:\/\/i0.wp.com\/politicosaldesnudo.com.mx\/wp-content\/uploads\/2025\/02\/WhatsApp-Image-2025-02-17-at-15.54.12.jpeg?resize=768%2C511&amp;ssl=1 768w, https:\/\/i0.wp.com\/politicosaldesnudo.com.mx\/wp-content\/uploads\/2025\/02\/WhatsApp-Image-2025-02-17-at-15.54.12.jpeg?resize=1536%2C1021&amp;ssl=1 1536w, https:\/\/i0.wp.com\/politicosaldesnudo.com.mx\/wp-content\/uploads\/2025\/02\/WhatsApp-Image-2025-02-17-at-15.54.12.jpeg?w=1600&amp;ssl=1 1600w\" sizes=\"auto, (max-width: 800px) 100vw, 800px\" \/><\/p>\n<p>\u201cComparto con todas y todos ustedes la alegr\u00eda de ver culminado este proyecto que representaba un anhelo para la comunidad educativa, porque las condiciones clim\u00e1ticas extremas representaban un riesgo para la salud y la integridad de los estudiantes\u201d, expres\u00f3.<\/p>\n<p><img data-recalc-dims=\"1\" loading=\"lazy\" decoding=\"async\" class=\"aligncenter size-large wp-image-56962\" src=\"https:\/\/i0.wp.com\/politicosaldesnudo.com.mx\/wp-content\/uploads\/2025\/02\/WhatsApp-Image-2025-02-17-at-15.54.12-1-1024x681.jpeg?resize=800%2C532&#038;ssl=1\" alt=\"\" width=\"800\" height=\"532\" srcset=\"https:\/\/i0.wp.com\/politicosaldesnudo.com.mx\/wp-content\/uploads\/2025\/02\/WhatsApp-Image-2025-02-17-at-15.54.12-1.jpeg?resize=1024%2C681&amp;ssl=1 1024w, https:\/\/i0.wp.com\/politicosaldesnudo.com.mx\/wp-content\/uploads\/2025\/02\/WhatsApp-Image-2025-02-17-at-15.54.12-1.jpeg?resize=300%2C200&amp;ssl=1 300w, https:\/\/i0.wp.com\/politicosaldesnudo.com.mx\/wp-content\/uploads\/2025\/02\/WhatsApp-Image-2025-02-17-at-15.54.12-1.jpeg?resize=768%2C511&amp;ssl=1 768w, https:\/\/i0.wp.com\/politicosaldesnudo.com.mx\/wp-content\/uploads\/2025\/02\/WhatsApp-Image-2025-02-17-at-15.54.12-1.jpeg?resize=1536%2C1021&amp;ssl=1 1536w, https:\/\/i0.wp.com\/politicosaldesnudo.com.mx\/wp-content\/uploads\/2025\/02\/WhatsApp-Image-2025-02-17-at-15.54.12-1.jpeg?w=1600&amp;ssl=1 1600w\" sizes=\"auto, (max-width: 800px) 100vw, 800px\" \/><\/p>\n<p>Fomperoza Torres agradeci\u00f3 al cuerpo edilicio por su apoyo para la realizaci\u00f3n de esos proyectos, y por su compromiso con la educaci\u00f3n y el desarrollo de Tuxpan.<\/p>\n<p>As\u00ed mismo, reconoci\u00f3 a todo el personal directivo, docentes, estudiantes y padres de familia por haber hecho un gran equipo con el Gobierno Municipal, por todo su entusiasmo, compromiso y entrega para mejorar sus escuelas, as\u00ed como a los Comit\u00e9s de Contralor\u00eda Social y de Bienestar.<\/p>\n<p>\u201cTodas y todos pueden sentirse orgullosos de esta gran obra, que beneficiar\u00e1 a los estudiantes aqu\u00ed presentes y a futuras generaciones. Los recursos que se destinan a espacios educativos son la mejor inversi\u00f3n, porque la educaci\u00f3n es pilar del desarrollo y la herramienta m\u00e1s efectiva para reducir la desigualdad\u201d concluy\u00f3 el mandatario.<\/p>\n<p>Personal docente y estudiantes agradecieron al gobierno de Tuxpan porque ya se podr\u00e1n desarrollar diversas actividades f\u00edsicas sin que alumnas y alumnos sean afectados por las inclemencias del tiempo.<\/p>\n<p>Al evento inaugural tambi\u00e9n asistieron Jes\u00fas Carballo Serrano, director de Desarrollo Social; Pedro de Jes\u00fas Espinoza P\u00e9rez, director de Obras P\u00fablicas, el delegado de la SEV en Tuxpan, Prof. On\u00e9simo P\u00e9rez Ramos; supervisores escolares; personal docente; padres de familia e integrantes de los Comit\u00e9s de Contralor\u00eda Social y Comit\u00e9s de Bienestar.<\/p>\n","protected":false},"excerpt":{"rendered":"<p>Tuxpan, Ver., 17 de febrero de 2025.- Acompa\u00f1ado de integrantes del cabildo, el presidente municipal Dr. Jes\u00fas Fomperoza Torres inaugur\u00f3<\/p>\n","protected":false},"author":4,"featured_media":56965,"comment_status":"closed","ping_status":"closed","sticky":false,"template":"","format":"standard","meta":{"colormag_page_container_layout":"default_layout","colormag_page_sidebar_layout":"default_layout","_jetpack_memberships_contains_paid_content":false,"footnotes":"","jetpack_publicize_message":"","jetpack_publicize_feature_enabled":true,"jetpack_social_post_already_shared":false,"jetpack_social_options":{"image_generator_settings":{"template":"highway","default_image_id":0,"font":"","enabled":false},"version":2}},"categories":[3205,1082],"tags":[],"class_list":["post-56961","post","type-post","status-publish","format-standard","has-post-thumbnail","hentry","category-gobierno-tuxpan","category-tuxpan"],"jetpack_publicize_connections":[],"jetpack_featured_media_url":"https:\/\/i0.wp.com\/politicosaldesnudo.com.mx\/wp-content\/uploads\/2025\/02\/WhatsApp-Image-2025-02-17-at-15.54.13-2.jpeg?fit=1600%2C1064&ssl=1","jetpack-related-posts":[],"jetpack_sharing_enabled":true,"_links":{"self":[{"href":"https:\/\/politicosaldesnudo.com.mx\/index.php\/wp-json\/wp\/v2\/posts\/56961","targetHints":{"allow":["GET"]}}],"collection":[{"href":"https:\/\/politicosaldesnudo.com.mx\/index.php\/wp-json\/wp\/v2\/posts"}],"about":[{"href":"https:\/\/politicosaldesnudo.com.mx\/index.php\/wp-json\/wp\/v2\/types\/post"}],"author":[{"embeddable":true,"href":"https:\/\/politicosaldesnudo.com.mx\/index.php\/wp-json\/wp\/v2\/users\/4"}],"replies":[{"embeddable":true,"href":"https:\/\/politicosaldesnudo.com.mx\/index.php\/wp-json\/wp\/v2\/comments?post=56961"}],"version-history":[{"count":0,"href":"https:\/\/politicosaldesnudo.com.mx\/index.php\/wp-json\/wp\/v2\/posts\/56961\/revisions"}],"wp:featuredmedia":[{"embeddable":true,"href":"https:\/\/politicosaldesnudo.com.mx\/index.php\/wp-json\/wp\/v2\/media\/56965"}],"wp:attachment":[{"href":"https:\/\/politicosaldesnudo.com.mx\/index.php\/wp-json\/wp\/v2\/media?parent=56961"}],"wp:term":[{"taxonomy":"category","embeddable":true,"href":"https:\/\/politicosaldesnudo.com.mx\/index.php\/wp-json\/wp\/v2\/categories?post=56961"},{"taxonomy":"post_tag","embeddable":true,"href":"https:\/\/politicosaldesnudo.com.mx\/index.php\/wp-json\/wp\/v2\/tags?post=56961"}],"curies":[{"name":"wp","href":"https:\/\/api.w.org\/{rel}","templated":true}]}}