{"id":56986,"date":"2025-02-18T00:05:20","date_gmt":"2025-02-18T06:05:20","guid":{"rendered":"https:\/\/politicosaldesnudo.com.mx\/?p=56986"},"modified":"2025-02-17T21:09:51","modified_gmt":"2025-02-18T03:09:51","slug":"avanza-proyecto-de-ley-sobre-derechos-de-pueblos-indigenas-y-afromexicanos","status":"publish","type":"post","link":"https:\/\/politicosaldesnudo.com.mx\/index.php\/2025\/02\/18\/avanza-proyecto-de-ley-sobre-derechos-de-pueblos-indigenas-y-afromexicanos\/","title":{"rendered":"Avanza proyecto de Ley sobre Derechos de Pueblos Ind\u00edgenas y Afromexicanos"},"content":{"rendered":"<p class=\"western\">El director general del Instituto Nacional de los Pueblos Ind\u00edgenas (INPI), Adelfo Regino Montes, se\u00f1al\u00f3 que para tener un proyecto de ley completo para los pueblos ind\u00edgenas y afromexicanos deben quedar establecidos los medios y los recursos jur\u00eddicos que se usen en caso de incumplimiento de las normas sustantivas y desde luego las sanciones que correspondan.<\/p>\n<p class=\"western\">Durante la sexta reuni\u00f3n del Comit\u00e9 t\u00e9cnico asesor del proyecto de ley se discutieron en cuatro mesas de trabajo temas que buscan garantizar el ejercicio efectivo de los derechos de las mujeres, la ni\u00f1ez, juventud y las personas residentes y migrantes.<\/p>\n<p class=\"western\">Para la representante de la consejer\u00eda jur\u00eddica del Ejecutivo Federal, \u00c1ngeles Arcos, el proyecto de ley se configura como una herramienta normativa que ser\u00e1 un cambio cualitativo en las actuaciones de las autoridades, de las personas juzgadoras y de la propia defensa de las comunidades y los pueblos.<\/p>\n<p class=\"western\">Los integrantes, instalaron cuatro mesas de trabajo con los siguientes temas: Derechos de los Pueblos y Comunidades Ind\u00edgenas; Derechos de los Pueblos y Comunidades Afromexicanas; Derechos espec\u00edficos de las mujeres, ni\u00f1as, ni\u00f1os, adolescentes, j\u00f3venes, personas, migrantes y residentes ind\u00edgenas; y Responsabilidades, Procedimientos y Sanciones.<\/p>\n<p class=\"western\">Durante la instalaci\u00f3n de la sesi\u00f3n, Regino Montes, asever\u00f3 que la pr\u00f3xima ley ser\u00e1 el resultado que ha sido forjado al calor de las luchas, al paso del tiempo y de la historia.<\/p>\n<p class=\"western\">Agreg\u00f3 que se espera consolidar \u201cuna ley que transforme la realidad y que concrete el mandamiento constitucional; para que los pueblos y las comunidades ind\u00edgenas y afromexicanas participen de manera real y efectiva en el ejercicio de sus derechos\u201d.<\/p>\n<p>En cuanto al trabajo que se ha desarrollado en las sesiones pasadas, estas incluyen la aprobaci\u00f3n de la estructura de las disposiciones preliminares; la revisi\u00f3n del Derecho y Deber de la Consulta Libre, Previa e Informada; y la entrega de la Propuesta del Libro Segundo de los Pueblos y Comunidades Afromexicanas.<\/p>\n","protected":false},"excerpt":{"rendered":"<p>El director general del Instituto Nacional de los Pueblos Ind\u00edgenas (INPI), Adelfo Regino Montes, se\u00f1al\u00f3 que para tener un proyecto<\/p>\n","protected":false},"author":4,"featured_media":56987,"comment_status":"closed","ping_status":"closed","sticky":false,"template":"","format":"standard","meta":{"colormag_page_container_layout":"default_layout","colormag_page_sidebar_layout":"default_layout","_jetpack_memberships_contains_paid_content":false,"footnotes":"","jetpack_publicize_message":"","jetpack_publicize_feature_enabled":true,"jetpack_social_post_already_shared":false,"jetpack_social_options":{"image_generator_settings":{"template":"highway","default_image_id":0,"font":"","enabled":false},"version":2}},"categories":[33],"tags":[],"class_list":["post-56986","post","type-post","status-publish","format-standard","has-post-thumbnail","hentry","category-nacional"],"jetpack_publicize_connections":[],"jetpack_featured_media_url":"https:\/\/i0.wp.com\/politicosaldesnudo.com.mx\/wp-content\/uploads\/2025\/02\/INF-1.jpg?fit=632%2C409&ssl=1","jetpack-related-posts":[],"jetpack_sharing_enabled":true,"_links":{"self":[{"href":"https:\/\/politicosaldesnudo.com.mx\/index.php\/wp-json\/wp\/v2\/posts\/56986","targetHints":{"allow":["GET"]}}],"collection":[{"href":"https:\/\/politicosaldesnudo.com.mx\/index.php\/wp-json\/wp\/v2\/posts"}],"about":[{"href":"https:\/\/politicosaldesnudo.com.mx\/index.php\/wp-json\/wp\/v2\/types\/post"}],"author":[{"embeddable":true,"href":"https:\/\/politicosaldesnudo.com.mx\/index.php\/wp-json\/wp\/v2\/users\/4"}],"replies":[{"embeddable":true,"href":"https:\/\/politicosaldesnudo.com.mx\/index.php\/wp-json\/wp\/v2\/comments?post=56986"}],"version-history":[{"count":0,"href":"https:\/\/politicosaldesnudo.com.mx\/index.php\/wp-json\/wp\/v2\/posts\/56986\/revisions"}],"wp:featuredmedia":[{"embeddable":true,"href":"https:\/\/politicosaldesnudo.com.mx\/index.php\/wp-json\/wp\/v2\/media\/56987"}],"wp:attachment":[{"href":"https:\/\/politicosaldesnudo.com.mx\/index.php\/wp-json\/wp\/v2\/media?parent=56986"}],"wp:term":[{"taxonomy":"category","embeddable":true,"href":"https:\/\/politicosaldesnudo.com.mx\/index.php\/wp-json\/wp\/v2\/categories?post=56986"},{"taxonomy":"post_tag","embeddable":true,"href":"https:\/\/politicosaldesnudo.com.mx\/index.php\/wp-json\/wp\/v2\/tags?post=56986"}],"curies":[{"name":"wp","href":"https:\/\/api.w.org\/{rel}","templated":true}]}}