{"id":56989,"date":"2025-02-18T00:06:19","date_gmt":"2025-02-18T06:06:19","guid":{"rendered":"https:\/\/politicosaldesnudo.com.mx\/?p=56989"},"modified":"2025-02-17T21:11:38","modified_gmt":"2025-02-18T03:11:38","slug":"pide-cna-respaldo-gubernamental-para-enfrentar-retos-del-campo-mexicano","status":"publish","type":"post","link":"https:\/\/politicosaldesnudo.com.mx\/index.php\/2025\/02\/18\/pide-cna-respaldo-gubernamental-para-enfrentar-retos-del-campo-mexicano\/","title":{"rendered":"Pide CNA respaldo gubernamental para enfrentar retos del campo mexicano"},"content":{"rendered":"<p class=\"western\">Para enfrentar los retos del campo mexicano, Jorge Esteve Recolons, pidi\u00f3 este lunes, al tomar la presidencia del Consejo Nacional Agroalimentario (CNA) 2025-2027, el respaldo del gobierno federal con la finalidad continuar la colaboraci\u00f3n en los trabajos dedicados al sector, como en productividad agr\u00edcola, el TMEC, los acuerdos del Plan M\u00e9xico, la falta de agua y la seguridad.<\/p>\n<p class=\"western\">\u201cLa brecha de la pobreza no se est\u00e1 reduciendo a la velocidad que nuestro pa\u00eds necesita, especialmente en el campo. Si bien representa un gran reto, representa tambi\u00e9n una gran oportunidad. Trabajando de la mano con el gobierno en este sexenio vamos a contribuir a eliminarla\u201d, coment\u00f3 Esteve al dar sus primeras declaraciones bajo este nuevo cargo.<\/p>\n<p class=\"western\">Durante el acto, asegur\u00f3 que el CNA ya trabaja en los temas del plan M\u00e9xico, entre ellos, sustituir importaciones de Asia, integrarse al programa Hecho en M\u00e9xico, el aumento de la producci\u00f3n en el Sur\u2013Sureste, eficientar la comercializaci\u00f3n entre compradores y productores, fortalecer la Banca de Desarrollo para incrementar el cr\u00e9dito al Campo.<\/p>\n<p class=\"western\">\u201cEstamos conscientes de que el campo es cr\u00edtico e indispensable para llegar a ser la d\u00e9cima econom\u00eda del mundo, y no tenemos duda que el plan resultar\u00e1 en la reducci\u00f3n de la pobreza, de la desigualdad y prosperidad compartida\u201d, se\u00f1al\u00f3.<\/p>\n<p class=\"western\">Destac\u00f3 que la organizaci\u00f3n se sum\u00f3 al Plan Nacional H\u00eddrico para trabajar en la creaci\u00f3n de infraestructura moderna con la finalidad de producir en el campo con menos agua, dado a que el sector se ha visto afectado gravemente por el cambio clim\u00e1tico y la falta del l\u00edquido.<\/p>\n<p class=\"western\">Asegur\u00f3 que se debe de compartir, capacitar e integrar a los peque\u00f1os productores, promover la adopci\u00f3n de nuevos paquetes tecnol\u00f3gicos para mejorar su productividad, integrarlos a la formalidad y las cadenas de suministro que les permita acceso a mejores ingresos.<\/p>\n<p class=\"western\">Sobre el TMEC, aseguro que se debe guiar sin aranceles y con las fronteras abiertas, tambi\u00e9n se debe de trabajar en desarrollar productos financieros competitivos y espec\u00edficos para los agricultores mexicanos, porque \u201cellos compiten con productores en todo el mundo, que no solo tienen acceso a cr\u00e9ditos preferenciales, seguros espec\u00edficos, coberturas de precios\u2026 si no muchas veces subsidios\u201d.<\/p>\n<p class=\"western\">\u201cNo estamos pidiendo subsidios, pero si estamos solicitamos un marco regulatorio ejemplar que d\u00e9 certidumbre a los intermediarios financieros para apoyar al agro, incluyendo pr\u00e9stamos a largo plazo para tecnificar el riego\u201d, se\u00f1al\u00f3, al exponer que Estados Unidos es el principal consumidor de los agroalimentos de M\u00e9xico.<\/p>\n<p class=\"western\">Expuso que le preocupa la violencia e inseguridad existente en el sector en los \u00faltimos diez a\u00f1os. Resalt\u00f3 que en los cuatro meses del nuevo gobierno de la presidenta Claudia Sheinbaum \u201cmuestran se\u00f1ales de que podemos ganar la batalla por la paz en M\u00e9xico\u201d.<\/p>\n<p class=\"western\">Record\u00f3 que el sector agroalimentario nacional representa 10 por ciento del PIB y 9 de las exportaciones, cuando M\u00e9xico es el onceavo productor y el noveno en enviar alimentos al mundo y genera m\u00e1s divisas que las exportaciones petroleras y el turismo.<\/p>\n<p class=\"western\">Durante el acto, Julio Berdegu\u00e9, secretario de Agricultura y Desarrollo Rural, quien tom\u00f3 protesta a Steve, llam\u00f3 al CNA a trabajar en los acuerdos ya se tiene establecidos entre ambos sectores, como acelerar el crecimiento de la productividad, hacer frente a la severa crisis h\u00eddrica en el pa\u00eds o que 100 por ciento de las exportaciones agroalimentarias eres libres de deforestaci\u00f3n<\/p>\n<p class=\"western\">Asegur\u00f3 que el organismo tendr\u00e1 las puertas abiertas para negociar sobre cualquier problem\u00e1tica que tenga el sector pese haya diferencias. \u201cTodos aqu\u00ed tenemos una responsabilidad para alcanzar la soberan\u00eda alimentaria de la naci\u00f3n. Cre\u00edamos que eso ya hab\u00eda sido superado, pero no\u201d.<\/p>\n<p class=\"western\">Tras cuatro a\u00f1os al frente del CNA, el saliente presidente Juan Cortina Gallardo recomend\u00f3 a la organizaci\u00f3n tener una pol\u00edtica de puertas abiertas con todos los sectores, formula proyectos sustentados desde todas las perspectivas, como los alcanzados con el gobierno, y darle prioridad a la ciencia para el sector ante los retos hacia el futuro, principalmente el cambio clim\u00e1tico.<\/p>\n<p class=\"western\">Pese a finalizar su funciones, se comprometi\u00f3 a continuar en los proyectos relacionados a campo y la ganader\u00eda del pa\u00eds.<\/p>\n<p class=\"western\">En el acto de investidura se entreg\u00f3 el Premio Nacional Agroalimentario, creado hace 20 a\u00f1os, a la Uni\u00f3n Ganadera Regional de Chihuahua, a la productora agr\u00edcola sinaloense Purp, ganaderos de leche Alpura y al grupo de productos marinos Pimsa.<\/p>\n","protected":false},"excerpt":{"rendered":"<p>Para enfrentar los retos del campo mexicano, Jorge Esteve Recolons, pidi\u00f3 este lunes, al tomar la presidencia del Consejo Nacional<\/p>\n","protected":false},"author":4,"featured_media":56990,"comment_status":"closed","ping_status":"closed","sticky":false,"template":"","format":"standard","meta":{"colormag_page_container_layout":"default_layout","colormag_page_sidebar_layout":"default_layout","_jetpack_memberships_contains_paid_content":false,"footnotes":"","jetpack_publicize_message":"","jetpack_publicize_feature_enabled":true,"jetpack_social_post_already_shared":false,"jetpack_social_options":{"image_generator_settings":{"template":"highway","default_image_id":0,"font":"","enabled":false},"version":2}},"categories":[33],"tags":[],"class_list":["post-56989","post","type-post","status-publish","format-standard","has-post-thumbnail","hentry","category-nacional"],"jetpack_publicize_connections":[],"jetpack_featured_media_url":"https:\/\/i0.wp.com\/politicosaldesnudo.com.mx\/wp-content\/uploads\/2025\/02\/Campo-Segalmex.jpg?fit=1024%2C683&ssl=1","jetpack-related-posts":[],"jetpack_sharing_enabled":true,"_links":{"self":[{"href":"https:\/\/politicosaldesnudo.com.mx\/index.php\/wp-json\/wp\/v2\/posts\/56989","targetHints":{"allow":["GET"]}}],"collection":[{"href":"https:\/\/politicosaldesnudo.com.mx\/index.php\/wp-json\/wp\/v2\/posts"}],"about":[{"href":"https:\/\/politicosaldesnudo.com.mx\/index.php\/wp-json\/wp\/v2\/types\/post"}],"author":[{"embeddable":true,"href":"https:\/\/politicosaldesnudo.com.mx\/index.php\/wp-json\/wp\/v2\/users\/4"}],"replies":[{"embeddable":true,"href":"https:\/\/politicosaldesnudo.com.mx\/index.php\/wp-json\/wp\/v2\/comments?post=56989"}],"version-history":[{"count":0,"href":"https:\/\/politicosaldesnudo.com.mx\/index.php\/wp-json\/wp\/v2\/posts\/56989\/revisions"}],"wp:featuredmedia":[{"embeddable":true,"href":"https:\/\/politicosaldesnudo.com.mx\/index.php\/wp-json\/wp\/v2\/media\/56990"}],"wp:attachment":[{"href":"https:\/\/politicosaldesnudo.com.mx\/index.php\/wp-json\/wp\/v2\/media?parent=56989"}],"wp:term":[{"taxonomy":"category","embeddable":true,"href":"https:\/\/politicosaldesnudo.com.mx\/index.php\/wp-json\/wp\/v2\/categories?post=56989"},{"taxonomy":"post_tag","embeddable":true,"href":"https:\/\/politicosaldesnudo.com.mx\/index.php\/wp-json\/wp\/v2\/tags?post=56989"}],"curies":[{"name":"wp","href":"https:\/\/api.w.org\/{rel}","templated":true}]}}