{"id":56995,"date":"2025-02-18T00:08:21","date_gmt":"2025-02-18T06:08:21","guid":{"rendered":"https:\/\/politicosaldesnudo.com.mx\/?p=56995"},"modified":"2025-02-17T21:15:49","modified_gmt":"2025-02-18T03:15:49","slug":"lanza-unam-la-plataforma-accion-migrante-para-orientar-a-connacionales","status":"publish","type":"post","link":"https:\/\/politicosaldesnudo.com.mx\/index.php\/2025\/02\/18\/lanza-unam-la-plataforma-accion-migrante-para-orientar-a-connacionales\/","title":{"rendered":"Lanza UNAM, la plataforma Acci\u00f3n Migrante, para orientar a connacionales"},"content":{"rendered":"<p>Apenas se abre la plataforma accionmigrante.unam.mx, aparece un bot\u00f3n con el t\u00edtulo \u201cTarjeta de Derechos\u201d, seguido de la instrucci\u00f3n: \u201cSi te detienen, presenta este documento a las autoridades para ejercer tu derecho a guardar silencio\u201d.<\/p>\n<p>El documento en cuesti\u00f3n es una peque\u00f1a tarjeta, en espa\u00f1ol e ingl\u00e9s, que se puede imprimir f\u00e1cilmente, con un mensaje dirigido a la migra: \u201cLe estoy entregando esta tarjeta porque no deseo hablar o tener m\u00e1s contacto con usted\u2026 Quiero hablar con un abogado y contactar a mi consulado antes de contestar sus preguntas\u201d.<\/p>\n<p>Este lunes, la Universidad Nacional Aut\u00f3noma de M\u00e9xico (UNAM) y la Secretar\u00eda de Relaciones Exteriores (SRE) presentaron la plataforma que busca brindar orientaci\u00f3n jur\u00eddica y psicol\u00f3gica, as\u00ed como capacitaci\u00f3n para la reintegraci\u00f3n al mercado laboral, a personas migrantes deportadas o en riesgo en Estados Unidos.<\/p>\n<p>La v\u00eda es el sitio accionmigrante.unam.mx, a trav\u00e9s de cual actuar\u00e1n especialistas de las cinco sedes que la UNAM tiene en el vecino pa\u00eds (Los \u00c1ngeles, Tucson, San Antonio, Chicago y Boston). La plataforma contar\u00e1 tambi\u00e9n con el respaldo de la amplia red consular mexicana en EU.<\/p>\n<p>La plataforma es resultado de un convenio que la SRE y la UNAM firmaron en diciembre pasado, y fue presentada en un acto en el que participaron el canciller Juan Ram\u00f3n de la Fuente y el rector Leonardo Lomel\u00ed, adem\u00e1s de funcionarios de ambas instancias.<\/p>\n<p>De la Fuente record\u00f3 que nuestro pa\u00eds cuenta con la red consular \u201cm\u00e1s grande que un pa\u00eds tenga en otro\u201d y que el trabajo de asesor\u00edas jur\u00eddicas que ha desplegado en el marco de las nuevas pol\u00edticas migratorias estadunidenses \u201cha sido fundamental y lo va a seguir siendo\u201d.<\/p>\n<p>En las \u00faltimas semanas, dicha red ha brindado poco m\u00e1s de 2 mil asesor\u00edas jur\u00eddicas que \u201cen muchos casos han hecho la gran diferencia para que los derechos de nuestros paisanos se respeten o no\u201d.<\/p>\n<p>Para el tambi\u00e9n ex rector de la UNAM, \u201cque nuestros paisanos conozcan y ejerzan sus derechos es la forma como podemos contender, dentro de la ley, y de una manera efectiva, frente a amagos o intentos de abuso\u201d.<\/p>\n<p>Durante la pandemia, abund\u00f3 De la Fuente, la Universidad Nacional despleg\u00f3 un esfuerzo para atender la salud mental de la poblaci\u00f3n, de modo que esa misma estrategia -eficaz y de muy bajo costo- se emplear\u00e1 para atender \u201clas condiciones que se encuentran nuestros connacionales. Sin duda ser\u00e1 uno de los instrumentos m\u00e1s socorridos y que tendr\u00e1n un mayor impacto en esa parte tan importante de nuestras vidas que est\u00e1 insuficientemente visibilizada y que en circunstancias de apremio y de acoso se vuelve particularmente vulnerable y cr\u00edtica, que es nuestra salud mental\u201d.<\/p>\n<p>En su turno, el rector Lomel\u00ed expuso que \u201ceste sistema es un producto tangible del potencial de la convergencia entre la academia y el gobierno\u201d, frente a una circunstancia en la que \u201cse requiere que cerremos filas y sumemos esfuerzos para apoyar a las comunidades mexicanas en el exterior que ven peligrar sus fuentes de ingresos, su patrimonio y la unidad de sus familias\u201d.<\/p>\n<p>Se trata de asegurar, afirm\u00f3 el rector Lomel\u00ed, que \u201ccada mexicano y mexicana, sin importar su residencia o condici\u00f3n migratoria, sienta el apoyo de nuestro pa\u00eds y est\u00e9 orgulloso de \u00e9l: que por nuestra naci\u00f3n hable su esp\u00edritu\u201d.<\/p>\n<p>Mediante mensajes cortos, infograf\u00edas y peque\u00f1os videos, en la plataforma se abordan los retos que enfrentan las personas que ya est\u00e1n en EU y corren el riesgo de ser deportadas, as\u00ed como de aquellas que est\u00e1n en tr\u00e1nsito o han decidido quedarse en M\u00e9xico.<\/p>\n<p>En varios videos, representantes de la comunidad cierran con un mensaje a las y los migrantes: \u201cSepan que les queremos y abrazamos con cari\u00f1o\u201d.<\/p>\n","protected":false},"excerpt":{"rendered":"<p>Apenas se abre la plataforma accionmigrante.unam.mx, aparece un bot\u00f3n con el t\u00edtulo \u201cTarjeta de Derechos\u201d, seguido de la instrucci\u00f3n: \u201cSi<\/p>\n","protected":false},"author":4,"featured_media":56996,"comment_status":"closed","ping_status":"closed","sticky":false,"template":"","format":"standard","meta":{"colormag_page_container_layout":"default_layout","colormag_page_sidebar_layout":"default_layout","_jetpack_memberships_contains_paid_content":false,"footnotes":"","jetpack_publicize_message":"","jetpack_publicize_feature_enabled":true,"jetpack_social_post_already_shared":false,"jetpack_social_options":{"image_generator_settings":{"template":"highway","default_image_id":0,"font":"","enabled":false},"version":2}},"categories":[33],"tags":[],"class_list":["post-56995","post","type-post","status-publish","format-standard","has-post-thumbnail","hentry","category-nacional"],"jetpack_publicize_connections":[],"jetpack_featured_media_url":"https:\/\/i0.wp.com\/politicosaldesnudo.com.mx\/wp-content\/uploads\/2025\/02\/AM.jpg?fit=513%2C305&ssl=1","jetpack-related-posts":[],"jetpack_sharing_enabled":true,"_links":{"self":[{"href":"https:\/\/politicosaldesnudo.com.mx\/index.php\/wp-json\/wp\/v2\/posts\/56995","targetHints":{"allow":["GET"]}}],"collection":[{"href":"https:\/\/politicosaldesnudo.com.mx\/index.php\/wp-json\/wp\/v2\/posts"}],"about":[{"href":"https:\/\/politicosaldesnudo.com.mx\/index.php\/wp-json\/wp\/v2\/types\/post"}],"author":[{"embeddable":true,"href":"https:\/\/politicosaldesnudo.com.mx\/index.php\/wp-json\/wp\/v2\/users\/4"}],"replies":[{"embeddable":true,"href":"https:\/\/politicosaldesnudo.com.mx\/index.php\/wp-json\/wp\/v2\/comments?post=56995"}],"version-history":[{"count":0,"href":"https:\/\/politicosaldesnudo.com.mx\/index.php\/wp-json\/wp\/v2\/posts\/56995\/revisions"}],"wp:featuredmedia":[{"embeddable":true,"href":"https:\/\/politicosaldesnudo.com.mx\/index.php\/wp-json\/wp\/v2\/media\/56996"}],"wp:attachment":[{"href":"https:\/\/politicosaldesnudo.com.mx\/index.php\/wp-json\/wp\/v2\/media?parent=56995"}],"wp:term":[{"taxonomy":"category","embeddable":true,"href":"https:\/\/politicosaldesnudo.com.mx\/index.php\/wp-json\/wp\/v2\/categories?post=56995"},{"taxonomy":"post_tag","embeddable":true,"href":"https:\/\/politicosaldesnudo.com.mx\/index.php\/wp-json\/wp\/v2\/tags?post=56995"}],"curies":[{"name":"wp","href":"https:\/\/api.w.org\/{rel}","templated":true}]}}