{"id":57069,"date":"2025-02-19T00:08:20","date_gmt":"2025-02-19T06:08:20","guid":{"rendered":"https:\/\/politicosaldesnudo.com.mx\/?p=57069"},"modified":"2025-02-18T22:01:36","modified_gmt":"2025-02-19T04:01:36","slug":"pide-nahle-a-cnhj-de-morena-no-acreditar-afiliacion-de-yunes-marquez","status":"publish","type":"post","link":"https:\/\/politicosaldesnudo.com.mx\/index.php\/2025\/02\/19\/pide-nahle-a-cnhj-de-morena-no-acreditar-afiliacion-de-yunes-marquez\/","title":{"rendered":"Pide Nahle a CNHJ de Morena no acreditar afiliaci\u00f3n de Yunes M\u00e1rquez"},"content":{"rendered":"<p>Luego de que el senador Miguel \u00c1ngel Yunes M\u00e1rquez anunci\u00f3 su afiliaci\u00f3n a Morena, la gobernadora de Veracruz, Roc\u00edo Nahle, pidi\u00f3 a la Comisi\u00f3n Nacional de Honestidad y Justicia del partido guinda \u201cque no acrediten la membres\u00eda\u201d del legislador, quien el a\u00f1o pasado a\u00fan pertenec\u00eda a las filas del Partido Acci\u00f3n Nacional (PAN).<\/p>\n<p>La tambi\u00e9n ex Secretaria de Energ\u00eda, pidi\u00f3 rechazar al veracruzano \u201cpor no representar ni contar con los postulados del movimiento de regeneraci\u00f3n. \u00a1\u00a1Los militantes de Veracruz merecen respeto!!\u201d, dijo en redes sociales.<\/p>\n<p>Adelant\u00f3 que en breve presentar\u00e1 a la dirigencia partidaria su solicitud, que estar\u00e1 acompa\u00f1ada de \u201clas pruebas correspondientes sobre la \u2018carpeta azul\u2019 donde est\u00e1 involucrado en lavado de dinero y otros delitos\u201d.<\/p>\n<p>M\u00e1s tarde, la presidenta nacional de Morena, Luisa Alcalde, aclar\u00f3 que el registro de Yunes M\u00e1rquez, de acuerdo con los estatutos del partido, ser\u00e1 la Comisi\u00f3n Nacional de Honestidad y Justicia la que \u201ceval\u00fae su procedencia y tome una determinaci\u00f3n\u201d.<\/p>\n<p>Yunes M\u00e1rquez inici\u00f3 la presente Legislatura como senador del blanquiazul, pero durante las votaciones de la reforma constitucional del Poder Judicial, dio el voto decisivo a favor de la iniciativa. Tras ello, el PAN lo expuls\u00f3 del partido, decisi\u00f3n que hab\u00eda impugnado el veracruzano. Hoy por la ma\u00f1ana el senador asegur\u00f3 que desisti\u00f3 de dicho recurso.<\/p>\n","protected":false},"excerpt":{"rendered":"<p>Luego de que el senador Miguel \u00c1ngel Yunes M\u00e1rquez anunci\u00f3 su afiliaci\u00f3n a Morena, la gobernadora de Veracruz, Roc\u00edo Nahle,<\/p>\n","protected":false},"author":4,"featured_media":57070,"comment_status":"closed","ping_status":"closed","sticky":false,"template":"","format":"standard","meta":{"colormag_page_container_layout":"default_layout","colormag_page_sidebar_layout":"default_layout","_jetpack_memberships_contains_paid_content":false,"footnotes":"","jetpack_publicize_message":"","jetpack_publicize_feature_enabled":true,"jetpack_social_post_already_shared":false,"jetpack_social_options":{"image_generator_settings":{"template":"highway","default_image_id":0,"font":"","enabled":false},"version":2}},"categories":[33],"tags":[],"class_list":["post-57069","post","type-post","status-publish","format-standard","has-post-thumbnail","hentry","category-nacional"],"jetpack_publicize_connections":[],"jetpack_featured_media_url":"https:\/\/i0.wp.com\/politicosaldesnudo.com.mx\/wp-content\/uploads\/2025\/02\/NAH.jpg?fit=716%2C446&ssl=1","jetpack-related-posts":[],"jetpack_sharing_enabled":true,"_links":{"self":[{"href":"https:\/\/politicosaldesnudo.com.mx\/index.php\/wp-json\/wp\/v2\/posts\/57069","targetHints":{"allow":["GET"]}}],"collection":[{"href":"https:\/\/politicosaldesnudo.com.mx\/index.php\/wp-json\/wp\/v2\/posts"}],"about":[{"href":"https:\/\/politicosaldesnudo.com.mx\/index.php\/wp-json\/wp\/v2\/types\/post"}],"author":[{"embeddable":true,"href":"https:\/\/politicosaldesnudo.com.mx\/index.php\/wp-json\/wp\/v2\/users\/4"}],"replies":[{"embeddable":true,"href":"https:\/\/politicosaldesnudo.com.mx\/index.php\/wp-json\/wp\/v2\/comments?post=57069"}],"version-history":[{"count":0,"href":"https:\/\/politicosaldesnudo.com.mx\/index.php\/wp-json\/wp\/v2\/posts\/57069\/revisions"}],"wp:featuredmedia":[{"embeddable":true,"href":"https:\/\/politicosaldesnudo.com.mx\/index.php\/wp-json\/wp\/v2\/media\/57070"}],"wp:attachment":[{"href":"https:\/\/politicosaldesnudo.com.mx\/index.php\/wp-json\/wp\/v2\/media?parent=57069"}],"wp:term":[{"taxonomy":"category","embeddable":true,"href":"https:\/\/politicosaldesnudo.com.mx\/index.php\/wp-json\/wp\/v2\/categories?post=57069"},{"taxonomy":"post_tag","embeddable":true,"href":"https:\/\/politicosaldesnudo.com.mx\/index.php\/wp-json\/wp\/v2\/tags?post=57069"}],"curies":[{"name":"wp","href":"https:\/\/api.w.org\/{rel}","templated":true}]}}