{"id":57090,"date":"2025-02-19T00:15:23","date_gmt":"2025-02-19T06:15:23","guid":{"rendered":"https:\/\/politicosaldesnudo.com.mx\/?p=57090"},"modified":"2025-02-18T22:31:33","modified_gmt":"2025-02-19T04:31:33","slug":"inauguran-en-nayarit-juzgado-especializado-en-violencia-de-genero","status":"publish","type":"post","link":"https:\/\/politicosaldesnudo.com.mx\/index.php\/2025\/02\/19\/inauguran-en-nayarit-juzgado-especializado-en-violencia-de-genero\/","title":{"rendered":"Inauguran en Nayarit juzgado especializado en violencia de g\u00e9nero"},"content":{"rendered":"<p>El gobernador, Miguel Angel Navarro Quintero, inaugur\u00f3 el juzgado especializado en violencia de g\u00e9nero con competencia mixta.<\/p>\n<p>Acompa\u00f1ado de la magistrada presidenta del Tribunal Superior de Justicia y del Consejo de la Judicatura de Nayarit, Aracely Avalos Lemus, el mandatario se\u00f1al\u00f3 que el nuevo juzgado es \u00bb un espacio que proporcionar\u00e1 v\u00edas y procedimientos judiciales especializados para que las mujeres y sus familias que enfrentan violencia tengan un acceso m\u00e1s \u00e1gil y efectivo a la justicia\u00bb.<\/p>\n<p>Subray\u00f3 que \u00abeste nuevo juzgado es resultado de un esfuerzo conjunto y de una visi\u00f3n compartida para avanzar en la protecci\u00f3n de los derechos, en la igualdad sustantiva y en la erradicaci\u00f3n de la violencia de g\u00e9nero\u00bb.<\/p>\n<p>Varios municipios de la entidad enfrentan desde hace a\u00f1os Alerta de G\u00e9nero, entre ellos Bah\u00eda de Banderas y Tepic, capital del estado.<\/p>\n","protected":false},"excerpt":{"rendered":"<p>El gobernador, Miguel Angel Navarro Quintero, inaugur\u00f3 el juzgado especializado en violencia de g\u00e9nero con competencia mixta. Acompa\u00f1ado de la<\/p>\n","protected":false},"author":4,"featured_media":57091,"comment_status":"closed","ping_status":"closed","sticky":false,"template":"","format":"standard","meta":{"colormag_page_container_layout":"default_layout","colormag_page_sidebar_layout":"default_layout","_jetpack_memberships_contains_paid_content":false,"footnotes":"","jetpack_publicize_message":"","jetpack_publicize_feature_enabled":true,"jetpack_social_post_already_shared":false,"jetpack_social_options":{"image_generator_settings":{"template":"highway","default_image_id":0,"font":"","enabled":false},"version":2}},"categories":[30],"tags":[],"class_list":["post-57090","post","type-post","status-publish","format-standard","has-post-thumbnail","hentry","category-estados"],"jetpack_publicize_connections":[],"jetpack_featured_media_url":"https:\/\/i0.wp.com\/politicosaldesnudo.com.mx\/wp-content\/uploads\/2025\/02\/N.jpg?fit=751%2C493&ssl=1","jetpack-related-posts":[],"jetpack_sharing_enabled":true,"_links":{"self":[{"href":"https:\/\/politicosaldesnudo.com.mx\/index.php\/wp-json\/wp\/v2\/posts\/57090","targetHints":{"allow":["GET"]}}],"collection":[{"href":"https:\/\/politicosaldesnudo.com.mx\/index.php\/wp-json\/wp\/v2\/posts"}],"about":[{"href":"https:\/\/politicosaldesnudo.com.mx\/index.php\/wp-json\/wp\/v2\/types\/post"}],"author":[{"embeddable":true,"href":"https:\/\/politicosaldesnudo.com.mx\/index.php\/wp-json\/wp\/v2\/users\/4"}],"replies":[{"embeddable":true,"href":"https:\/\/politicosaldesnudo.com.mx\/index.php\/wp-json\/wp\/v2\/comments?post=57090"}],"version-history":[{"count":0,"href":"https:\/\/politicosaldesnudo.com.mx\/index.php\/wp-json\/wp\/v2\/posts\/57090\/revisions"}],"wp:featuredmedia":[{"embeddable":true,"href":"https:\/\/politicosaldesnudo.com.mx\/index.php\/wp-json\/wp\/v2\/media\/57091"}],"wp:attachment":[{"href":"https:\/\/politicosaldesnudo.com.mx\/index.php\/wp-json\/wp\/v2\/media?parent=57090"}],"wp:term":[{"taxonomy":"category","embeddable":true,"href":"https:\/\/politicosaldesnudo.com.mx\/index.php\/wp-json\/wp\/v2\/categories?post=57090"},{"taxonomy":"post_tag","embeddable":true,"href":"https:\/\/politicosaldesnudo.com.mx\/index.php\/wp-json\/wp\/v2\/tags?post=57090"}],"curies":[{"name":"wp","href":"https:\/\/api.w.org\/{rel}","templated":true}]}}