{"id":57105,"date":"2025-02-19T00:20:41","date_gmt":"2025-02-19T06:20:41","guid":{"rendered":"https:\/\/politicosaldesnudo.com.mx\/?p=57105"},"modified":"2025-02-18T22:43:08","modified_gmt":"2025-02-19T04:43:08","slug":"desmienten-a-trump-muertos-no-reciben-pagos-del-seguro-social","status":"publish","type":"post","link":"https:\/\/politicosaldesnudo.com.mx\/index.php\/2025\/02\/19\/desmienten-a-trump-muertos-no-reciben-pagos-del-seguro-social\/","title":{"rendered":"Desmienten a Trump: muertos no reciben pagos del seguro social"},"content":{"rendered":"<p class=\"western\">El gobierno del presidente Donald Trump afirma, falsamente, que hay decenas de millones de personas muertas mayores de 100 a\u00f1os que a\u00fan reciben pagos del Seguro Social.<\/p>\n<p class=\"western\">En los \u00faltimos d\u00edas, Trump y su asesor, el multimillonario Elon Musk, han dicho en redes sociales y en conferencias de prensa que personas de 100, 200 e incluso de 300 a\u00f1os reciben prestaciones de manera indebida \u2014 un \u201cenorme problema\u201d, escribi\u00f3 Musk, mientras su Departamento de Eficiencia Gubernamental (DOGE, sigla en ingl\u00e9s) investiga a las agencias federales para eliminar el desperdicio, el fraude y el abuso.<\/p>\n<p class=\"western\">Es cierto que se han realizado pagos indebidos, incluso a algunas personas fallecidas. Pero las cifras que mencionan Musk y la Casa Blanca son exagerados y distorsionan los datos del Seguro Social.<\/p>\n<p class=\"western\">Aqu\u00ed los hechos:<\/p>\n<p class=\"western\">Trump dijo el martes durante una conferencia de prensa en Florida que \u201ctenemos millones y millones de personas de m\u00e1s de 100 a\u00f1os\u201d que reciben beneficios del Seguro Social. \u201cObviamente son fraudulentos o incompetentes\u201d, a\u00f1adi\u00f3 el mandatario.<\/p>\n<p class=\"western\">\u201cSi sacas a todas esas millones de personas del Seguro Social, de repente tenemos un Seguro Social muy s\u00f3lido con personas de 80, 70 y 90 a\u00f1os, pero no de 200 a\u00f1os\u201d, puntualiz\u00f3. Tambi\u00e9n mencion\u00f3 que en el sistema hay un registro de una persona de 360 a\u00f1os.<\/p>\n<p class=\"western\">El lunes por la noche, Musk public\u00f3 una serie de mensajes en su plataforma de redes sociales X, como: \u201cQuiz\u00e1 Twilight es real y hay muchos vampiros que cobran Seguro Social\u201d, y \u201cTener decenas de millones de personas marcadas como \u2018vivas\u2019 en el Seguro Social cuando definitivamente est\u00e1n muertas es un enorme problema. Obviamente. Algunas de estas personas habr\u00edan estado vivas antes de que Estados Unidos existiera como pa\u00eds. Piensen en eso por un segundo\u2026\u201d.<\/p>\n<p class=\"western\">Un informe del inspector general del Seguro Social dado a conocer en julio de 2024 indica que desde el ejercicio fiscal de 2015 hasta el de 2022, la agencia pag\u00f3 casi 8.6 billones de d\u00f3lares en beneficios, incluidos 71 mil 800 millones de d\u00f3lares \u2014 o menos del 1 por ciento \u2014 en pagos indebidos. La mayor\u00eda de los pagos indebidos fueron por montos por encima del correspondiente a personas vivas.<\/p>\n<p class=\"western\">Adem\u00e1s, el Departamento del Tesoro de Estados Unidos recuper\u00f3 a principios de enero m\u00e1s de 31 millones de d\u00f3lares de distintos pagos federales\u2014 no s\u00f3lo pagos del Seguro Social\u2014 que fueron enviados indebidamente a personas fallecidas, una recuperaci\u00f3n que, seg\u00fan el exfuncionario del Tesoro David Lebryk, era \u201cs\u00f3lo la punta del iceberg\u201d.<\/p>\n<p class=\"western\">El dinero fue recuperado como parte de un programa piloto de cinco meses despu\u00e9s de que el Congreso le otorg\u00f3 al Departamento del Tesoro acceso durante tres a\u00f1os al \u201cArchivo Maestro de Defunci\u00f3n\u201d de la Administraci\u00f3n del Seguro Social de Estados Unidos (SSA por sus iniciales en ingl\u00e9s). La SSA mantiene la base de datos federal m\u00e1s completa de individuos que han fallecido, y el archivo contiene m\u00e1s de 142 millones de registros, los cuales se remontan a 1899, seg\u00fan el Departamento del Tesoro.<\/p>\n<p class=\"western\">El Departamento del Tesoro calcul\u00f3 en enero pasado que podr\u00eda recuperar m\u00e1s de 215 millones de d\u00f3lares durante su per\u00edodo de acceso de tres a\u00f1os, el cual va de diciembre de 2023 a 2026.<\/p>\n<p class=\"western\">Parte de la confusi\u00f3n proviene del sistema de software del Seguro Social llamado COBOL, el cual carece de un tipo de fecha en su programaci\u00f3n. Esto significa que algunas entradas con fechas de nacimiento faltantes o incompletas se establecer\u00e1n por defecto en un punto de referencia hace m\u00e1s de 150 a\u00f1os. La organizaci\u00f3n de noticias WIRED fue la primera en informar sobre el uso del lenguaje de programaci\u00f3n COBOL en la Administraci\u00f3n del Seguro Social.<\/p>\n<p class=\"western\">Adem\u00e1s, una serie de informes del inspector general de la Administraci\u00f3n del Seguro Social dados a conocer en marzo de 2023 y julio de 2024 indican que la agencia no ha establecido un nuevo sistema para anotar adecuadamente la informaci\u00f3n de fallecimientos en su base de datos, la cual inclu\u00eda aproximadamente 18.9 millones de n\u00fameros del Seguro Social de personas nacidas en 1920 o antes, pero que no estaban marcadas como fallecidas. Sin embargo, esto no significa que estas personas reciban beneficios.<\/p>\n<p class=\"western\">La agencia decidi\u00f3 no actualizar la base de datos debido a que hacerlo podr\u00eda costar m\u00e1s de 9 millones de d\u00f3lares.<\/p>\n<p class=\"western\">La oficina del inspector general del Seguro Social public\u00f3 un informe en julio de 2023 que indica que \u201ccasi ninguno de los titulares de n\u00fameros discutidos en el informe recibe actualmente pagos de la SSA.\u201d Y, a partir de septiembre de 2015, la agencia cancela autom\u00e1ticamente los pagos a personas mayores de 115 a\u00f1os.<\/p>\n<p class=\"western\">Chuck Blahous, estratega de investigaci\u00f3n en el Mercatus Center de la Universidad George Mason, dijo: \u201cDos v\u00edtores para Elon Musk si puede eliminar y detener los pagos indebidos\u201d.<\/p>\n<p class=\"western\">Pero para elegir los lugares en el gobierno federal donde las tasas de error son elevadas, \u201cel Seguro Social estar\u00eda cerca de la parte inferior de la lista, no cerca de la parte superior\u201d, indic\u00f3 Blahous. \u201cLas tasas de pagos indebidos de Medicaid son bastante sustanciales y se dispararon despu\u00e9s de la expansi\u00f3n de Medicaid de la ACA\u201d, refiri\u00e9ndose por sus iniciales a la Ley de Salud a Bajo Costo.<\/p>\n<p class=\"western\">\u201cPor favor \u2014vayan detr\u00e1s de cualquier pago indebido que se encuentro, pero no pretendamos que es ah\u00ed donde est\u00e1n los mayores problemas financieros del sistema\u201d, subray\u00f3.<\/p>\n<p class=\"western\">Sita Nataraj Slavov, profesora de pol\u00edticas p\u00fablicas en la Facultad Schar de Pol\u00edticas y Gobierno de la Universidad George Mason, dijo que las afirmaciones de Musk y Trump har\u00e1n que la gente piense que las soluciones a los problemas financieros del gobierno son m\u00e1s simples de lo que parecen.<\/p>\n<p class=\"western\">\u201cLa verdadera preocupaci\u00f3n es que esta afirmaci\u00f3n puede enga\u00f1ar a las personas haci\u00e9ndoles pensar que hay una soluci\u00f3n f\u00e1cil a los problemas financieros del Seguro Social \u2014 que de alguna manera podemos restaurar la solvencia sin hacer sacrificios a trav\u00e9s de impuestos m\u00e1s altos o menos beneficios\u201d, dijo Slavov. \u201cEsto simplemente no es cierto\u201d.<\/p>\n<p class=\"western\">Karoline Leavitt, portavoz de la Casa Blanca, se refiri\u00f3 nuevamente al informe del inspector general del Seguro Social.<\/p>\n<p class=\"western\">\u201cUna investigaci\u00f3n anterior revel\u00f3 que la SSA pag\u00f3 al menos 71.800 millones de d\u00f3lares en pagos indebidos\u201d, dijo. \u201cLa Administraci\u00f3n del Seguro Social trabaja en estos momentos para encontrar a\u00fan m\u00e1s desperdicio, fraude y abuso como parte de los esfuerzos del gobierno por proteger a los contribuyentes estadounidenses\u201d.<\/p>\n","protected":false},"excerpt":{"rendered":"<p>El gobierno del presidente Donald Trump afirma, falsamente, que hay decenas de millones de personas muertas mayores de 100 a\u00f1os [&hellip;]<\/p>\n","protected":false},"author":4,"featured_media":57106,"comment_status":"closed","ping_status":"closed","sticky":false,"template":"","format":"standard","meta":{"site-sidebar-layout":"default","site-content-layout":"","ast-site-content-layout":"default","site-content-style":"default","site-sidebar-style":"default","ast-global-header-display":"","ast-banner-title-visibility":"","ast-main-header-display":"","ast-hfb-above-header-display":"","ast-hfb-below-header-display":"","ast-hfb-mobile-header-display":"","site-post-title":"","ast-breadcrumbs-content":"","ast-featured-img":"","footer-sml-layout":"","ast-disable-related-posts":"","theme-transparent-header-meta":"","adv-header-id-meta":"","stick-header-meta":"","header-above-stick-meta":"","header-main-stick-meta":"","header-below-stick-meta":"","astra-migrate-meta-layouts":"default","ast-page-background-enabled":"default","ast-page-background-meta":{"desktop":{"background-color":"var(--ast-global-color-5)","background-image":"","background-repeat":"repeat","background-position":"center center","background-size":"auto","background-attachment":"scroll","background-type":"","background-media":"","overlay-type":"","overlay-color":"","overlay-opacity":"","overlay-gradient":""},"tablet":{"background-color":"","background-image":"","background-repeat":"repeat","background-position":"center center","background-size":"auto","background-attachment":"scroll","background-type":"","background-media":"","overlay-type":"","overlay-color":"","overlay-opacity":"","overlay-gradient":""},"mobile":{"background-color":"","background-image":"","background-repeat":"repeat","background-position":"center center","background-size":"auto","background-attachment":"scroll","background-type":"","background-media":"","overlay-type":"","overlay-color":"","overlay-opacity":"","overlay-gradient":""}},"ast-content-background-meta":{"desktop":{"background-color":"var(--ast-global-color-4)","background-image":"","background-repeat":"repeat","background-position":"center center","background-size":"auto","background-attachment":"scroll","background-type":"","background-media":"","overlay-type":"","overlay-color":"","overlay-opacity":"","overlay-gradient":""},"tablet":{"background-color":"var(--ast-global-color-4)","background-image":"","background-repeat":"repeat","background-position":"center center","background-size":"auto","background-attachment":"scroll","background-type":"","background-media":"","overlay-type":"","overlay-color":"","overlay-opacity":"","overlay-gradient":""},"mobile":{"background-color":"var(--ast-global-color-4)","background-image":"","background-repeat":"repeat","background-position":"center center","background-size":"auto","background-attachment":"scroll","background-type":"","background-media":"","overlay-type":"","overlay-color":"","overlay-opacity":"","overlay-gradient":""}},"_jetpack_newsletter_access":"","_jetpack_dont_email_post_to_subs":false,"_jetpack_newsletter_tier_id":0,"_jetpack_memberships_contains_paywalled_content":false,"_jetpack_feature_clip_id":0,"_jetpack_memberships_contains_paid_content":false,"footnotes":"","jetpack_publicize_message":"","jetpack_publicize_feature_enabled":true,"jetpack_social_post_already_shared":false,"jetpack_social_options":{"image_generator_settings":{"template":"highway","default_image_id":0,"font":"","enabled":false},"version":2},"jetpack_post_was_ever_published":false},"categories":[28],"tags":[],"class_list":["post-57105","post","type-post","status-publish","format-standard","has-post-thumbnail","hentry","category-internacional"],"yoast_head":"<!-- This site is optimized with the Yoast SEO plugin v28.3 - https:\/\/yoast.com\/product\/yoast-seo-wordpress\/ -->\n<title>Desmienten a Trump: muertos no reciben pagos del seguro social - Pol\u00edticos al Desnudo<\/title>\n<meta name=\"robots\" content=\"index, follow, max-snippet:-1, max-image-preview:large, max-video-preview:-1\" \/>\n<link rel=\"canonical\" href=\"https:\/\/politicosaldesnudo.com.mx\/index.php\/2025\/02\/19\/desmienten-a-trump-muertos-no-reciben-pagos-del-seguro-social\/\" \/>\n<meta property=\"og:locale\" content=\"es_ES\" \/>\n<meta property=\"og:type\" content=\"article\" \/>\n<meta property=\"og:title\" content=\"Desmienten a Trump: muertos no reciben pagos del seguro social - Pol\u00edticos al Desnudo\" \/>\n<meta property=\"og:description\" content=\"El gobierno del presidente Donald Trump afirma, falsamente, que hay decenas de millones de personas muertas mayores de 100 a\u00f1os [&hellip;]\" \/>\n<meta property=\"og:url\" content=\"https:\/\/politicosaldesnudo.com.mx\/index.php\/2025\/02\/19\/desmienten-a-trump-muertos-no-reciben-pagos-del-seguro-social\/\" \/>\n<meta property=\"og:site_name\" content=\"Pol\u00edticos al Desnudo\" \/>\n<meta property=\"article:publisher\" content=\"https:\/\/www.facebook.com\/PoliticosAD\" \/>\n<meta property=\"article:published_time\" content=\"2025-02-19T06:20:41+00:00\" \/>\n<meta property=\"og:image\" content=\"https:\/\/i0.wp.com\/politicosaldesnudo.com.mx\/wp-content\/uploads\/2025\/02\/TR.jpg?fit=605%2C407&ssl=1\" \/>\n\t<meta property=\"og:image:width\" content=\"605\" \/>\n\t<meta property=\"og:image:height\" content=\"407\" \/>\n\t<meta property=\"og:image:type\" content=\"image\/jpeg\" \/>\n<meta name=\"author\" content=\"Redacci\u00f3n Pol\u00edticos\" \/>\n<meta name=\"twitter:card\" content=\"summary_large_image\" \/>\n<meta name=\"twitter:label1\" content=\"Escrito por\" \/>\n\t<meta name=\"twitter:data1\" content=\"Redacci\u00f3n Pol\u00edticos\" \/>\n\t<meta name=\"twitter:label2\" content=\"Tiempo de lectura\" \/>\n\t<meta name=\"twitter:data2\" content=\"6 minutos\" \/>\n<script type=\"application\/ld+json\" class=\"yoast-schema-graph\">{\"@context\":\"https:\\\/\\\/schema.org\",\"@graph\":[{\"@type\":\"Article\",\"@id\":\"https:\\\/\\\/politicosaldesnudo.com.mx\\\/index.php\\\/2025\\\/02\\\/19\\\/desmienten-a-trump-muertos-no-reciben-pagos-del-seguro-social\\\/#article\",\"isPartOf\":{\"@id\":\"https:\\\/\\\/politicosaldesnudo.com.mx\\\/index.php\\\/2025\\\/02\\\/19\\\/desmienten-a-trump-muertos-no-reciben-pagos-del-seguro-social\\\/\"},\"author\":{\"name\":\"Redacci\u00f3n Pol\u00edticos\",\"@id\":\"https:\\\/\\\/politicosaldesnudo.com.mx\\\/#\\\/schema\\\/person\\\/ef3a64e561cc3f3f5dc52fab81adde7e\"},\"headline\":\"Desmienten a Trump: muertos no reciben pagos del seguro social\",\"datePublished\":\"2025-02-19T06:20:41+00:00\",\"mainEntityOfPage\":{\"@id\":\"https:\\\/\\\/politicosaldesnudo.com.mx\\\/index.php\\\/2025\\\/02\\\/19\\\/desmienten-a-trump-muertos-no-reciben-pagos-del-seguro-social\\\/\"},\"wordCount\":1112,\"publisher\":{\"@id\":\"https:\\\/\\\/politicosaldesnudo.com.mx\\\/#organization\"},\"image\":{\"@id\":\"https:\\\/\\\/politicosaldesnudo.com.mx\\\/index.php\\\/2025\\\/02\\\/19\\\/desmienten-a-trump-muertos-no-reciben-pagos-del-seguro-social\\\/#primaryimage\"},\"thumbnailUrl\":\"https:\\\/\\\/i0.wp.com\\\/politicosaldesnudo.com.mx\\\/wp-content\\\/uploads\\\/2025\\\/02\\\/TR.jpg?fit=605%2C407&ssl=1\",\"articleSection\":[\"INTERNACIONAL\"],\"inLanguage\":\"es\"},{\"@type\":\"WebPage\",\"@id\":\"https:\\\/\\\/politicosaldesnudo.com.mx\\\/index.php\\\/2025\\\/02\\\/19\\\/desmienten-a-trump-muertos-no-reciben-pagos-del-seguro-social\\\/\",\"url\":\"https:\\\/\\\/politicosaldesnudo.com.mx\\\/index.php\\\/2025\\\/02\\\/19\\\/desmienten-a-trump-muertos-no-reciben-pagos-del-seguro-social\\\/\",\"name\":\"Desmienten a Trump: muertos no reciben pagos del seguro social - Pol\u00edticos al Desnudo\",\"isPartOf\":{\"@id\":\"https:\\\/\\\/politicosaldesnudo.com.mx\\\/#website\"},\"primaryImageOfPage\":{\"@id\":\"https:\\\/\\\/politicosaldesnudo.com.mx\\\/index.php\\\/2025\\\/02\\\/19\\\/desmienten-a-trump-muertos-no-reciben-pagos-del-seguro-social\\\/#primaryimage\"},\"image\":{\"@id\":\"https:\\\/\\\/politicosaldesnudo.com.mx\\\/index.php\\\/2025\\\/02\\\/19\\\/desmienten-a-trump-muertos-no-reciben-pagos-del-seguro-social\\\/#primaryimage\"},\"thumbnailUrl\":\"https:\\\/\\\/i0.wp.com\\\/politicosaldesnudo.com.mx\\\/wp-content\\\/uploads\\\/2025\\\/02\\\/TR.jpg?fit=605%2C407&ssl=1\",\"datePublished\":\"2025-02-19T06:20:41+00:00\",\"breadcrumb\":{\"@id\":\"https:\\\/\\\/politicosaldesnudo.com.mx\\\/index.php\\\/2025\\\/02\\\/19\\\/desmienten-a-trump-muertos-no-reciben-pagos-del-seguro-social\\\/#breadcrumb\"},\"inLanguage\":\"es\",\"potentialAction\":[{\"@type\":\"ReadAction\",\"target\":[\"https:\\\/\\\/politicosaldesnudo.com.mx\\\/index.php\\\/2025\\\/02\\\/19\\\/desmienten-a-trump-muertos-no-reciben-pagos-del-seguro-social\\\/\"]}]},{\"@type\":\"ImageObject\",\"inLanguage\":\"es\",\"@id\":\"https:\\\/\\\/politicosaldesnudo.com.mx\\\/index.php\\\/2025\\\/02\\\/19\\\/desmienten-a-trump-muertos-no-reciben-pagos-del-seguro-social\\\/#primaryimage\",\"url\":\"https:\\\/\\\/i0.wp.com\\\/politicosaldesnudo.com.mx\\\/wp-content\\\/uploads\\\/2025\\\/02\\\/TR.jpg?fit=605%2C407&ssl=1\",\"contentUrl\":\"https:\\\/\\\/i0.wp.com\\\/politicosaldesnudo.com.mx\\\/wp-content\\\/uploads\\\/2025\\\/02\\\/TR.jpg?fit=605%2C407&ssl=1\",\"width\":605,\"height\":407},{\"@type\":\"BreadcrumbList\",\"@id\":\"https:\\\/\\\/politicosaldesnudo.com.mx\\\/index.php\\\/2025\\\/02\\\/19\\\/desmienten-a-trump-muertos-no-reciben-pagos-del-seguro-social\\\/#breadcrumb\",\"itemListElement\":[{\"@type\":\"ListItem\",\"position\":1,\"name\":\"Portada\",\"item\":\"https:\\\/\\\/politicosaldesnudo.com.mx\\\/\"},{\"@type\":\"ListItem\",\"position\":2,\"name\":\"Desmienten a Trump: muertos no reciben pagos del seguro social\"}]},{\"@type\":\"WebSite\",\"@id\":\"https:\\\/\\\/politicosaldesnudo.com.mx\\\/#website\",\"url\":\"https:\\\/\\\/politicosaldesnudo.com.mx\\\/\",\"name\":\"Pol\u00edticos al Desnudo\",\"description\":\"\",\"publisher\":{\"@id\":\"https:\\\/\\\/politicosaldesnudo.com.mx\\\/#organization\"},\"potentialAction\":[{\"@type\":\"SearchAction\",\"target\":{\"@type\":\"EntryPoint\",\"urlTemplate\":\"https:\\\/\\\/politicosaldesnudo.com.mx\\\/?s={search_term_string}\"},\"query-input\":{\"@type\":\"PropertyValueSpecification\",\"valueRequired\":true,\"valueName\":\"search_term_string\"}}],\"inLanguage\":\"es\"},{\"@type\":\"Organization\",\"@id\":\"https:\\\/\\\/politicosaldesnudo.com.mx\\\/#organization\",\"name\":\"Pol\u00edticos al Desnudo\",\"url\":\"https:\\\/\\\/politicosaldesnudo.com.mx\\\/\",\"logo\":{\"@type\":\"ImageObject\",\"inLanguage\":\"es\",\"@id\":\"https:\\\/\\\/politicosaldesnudo.com.mx\\\/#\\\/schema\\\/logo\\\/image\\\/\",\"url\":\"https:\\\/\\\/i0.wp.com\\\/politicosaldesnudo.com.mx\\\/wp-content\\\/uploads\\\/2026\\\/08\\\/cropped-logo.webp?fit=400%2C126&ssl=1\",\"contentUrl\":\"https:\\\/\\\/i0.wp.com\\\/politicosaldesnudo.com.mx\\\/wp-content\\\/uploads\\\/2026\\\/08\\\/cropped-logo.webp?fit=400%2C126&ssl=1\",\"width\":400,\"height\":126,\"caption\":\"Pol\u00edticos al Desnudo\"},\"image\":{\"@id\":\"https:\\\/\\\/politicosaldesnudo.com.mx\\\/#\\\/schema\\\/logo\\\/image\\\/\"},\"sameAs\":[\"https:\\\/\\\/www.facebook.com\\\/PoliticosAD\"]},{\"@type\":\"Person\",\"@id\":\"https:\\\/\\\/politicosaldesnudo.com.mx\\\/#\\\/schema\\\/person\\\/ef3a64e561cc3f3f5dc52fab81adde7e\",\"name\":\"Redacci\u00f3n Pol\u00edticos\",\"url\":\"https:\\\/\\\/politicosaldesnudo.com.mx\\\/index.php\\\/author\\\/redaccion-politicos\\\/\"}]}<\/script>\n<!-- \/ Yoast SEO plugin. -->","yoast_head_json":{"title":"Desmienten a Trump: muertos no reciben pagos del seguro social - Pol\u00edticos al Desnudo","robots":{"index":"index","follow":"follow","max-snippet":"max-snippet:-1","max-image-preview":"max-image-preview:large","max-video-preview":"max-video-preview:-1"},"canonical":"https:\/\/politicosaldesnudo.com.mx\/index.php\/2025\/02\/19\/desmienten-a-trump-muertos-no-reciben-pagos-del-seguro-social\/","og_locale":"es_ES","og_type":"article","og_title":"Desmienten a Trump: muertos no reciben pagos del seguro social - Pol\u00edticos al Desnudo","og_description":"El gobierno del presidente Donald Trump afirma, falsamente, que hay decenas de millones de personas muertas mayores de 100 a\u00f1os [&hellip;]","og_url":"https:\/\/politicosaldesnudo.com.mx\/index.php\/2025\/02\/19\/desmienten-a-trump-muertos-no-reciben-pagos-del-seguro-social\/","og_site_name":"Pol\u00edticos al Desnudo","article_publisher":"https:\/\/www.facebook.com\/PoliticosAD","article_published_time":"2025-02-19T06:20:41+00:00","og_image":[{"width":605,"height":407,"url":"https:\/\/i0.wp.com\/politicosaldesnudo.com.mx\/wp-content\/uploads\/2025\/02\/TR.jpg?fit=605%2C407&ssl=1","type":"image\/jpeg"}],"author":"Redacci\u00f3n Pol\u00edticos","twitter_card":"summary_large_image","twitter_misc":{"Escrito por":"Redacci\u00f3n Pol\u00edticos","Tiempo de lectura":"6 minutos"},"schema":{"@context":"https:\/\/schema.org","@graph":[{"@type":"Article","@id":"https:\/\/politicosaldesnudo.com.mx\/index.php\/2025\/02\/19\/desmienten-a-trump-muertos-no-reciben-pagos-del-seguro-social\/#article","isPartOf":{"@id":"https:\/\/politicosaldesnudo.com.mx\/index.php\/2025\/02\/19\/desmienten-a-trump-muertos-no-reciben-pagos-del-seguro-social\/"},"author":{"name":"Redacci\u00f3n Pol\u00edticos","@id":"https:\/\/politicosaldesnudo.com.mx\/#\/schema\/person\/ef3a64e561cc3f3f5dc52fab81adde7e"},"headline":"Desmienten a Trump: muertos no reciben pagos del seguro social","datePublished":"2025-02-19T06:20:41+00:00","mainEntityOfPage":{"@id":"https:\/\/politicosaldesnudo.com.mx\/index.php\/2025\/02\/19\/desmienten-a-trump-muertos-no-reciben-pagos-del-seguro-social\/"},"wordCount":1112,"publisher":{"@id":"https:\/\/politicosaldesnudo.com.mx\/#organization"},"image":{"@id":"https:\/\/politicosaldesnudo.com.mx\/index.php\/2025\/02\/19\/desmienten-a-trump-muertos-no-reciben-pagos-del-seguro-social\/#primaryimage"},"thumbnailUrl":"https:\/\/i0.wp.com\/politicosaldesnudo.com.mx\/wp-content\/uploads\/2025\/02\/TR.jpg?fit=605%2C407&ssl=1","articleSection":["INTERNACIONAL"],"inLanguage":"es"},{"@type":"WebPage","@id":"https:\/\/politicosaldesnudo.com.mx\/index.php\/2025\/02\/19\/desmienten-a-trump-muertos-no-reciben-pagos-del-seguro-social\/","url":"https:\/\/politicosaldesnudo.com.mx\/index.php\/2025\/02\/19\/desmienten-a-trump-muertos-no-reciben-pagos-del-seguro-social\/","name":"Desmienten a Trump: muertos no reciben pagos del seguro social - Pol\u00edticos al Desnudo","isPartOf":{"@id":"https:\/\/politicosaldesnudo.com.mx\/#website"},"primaryImageOfPage":{"@id":"https:\/\/politicosaldesnudo.com.mx\/index.php\/2025\/02\/19\/desmienten-a-trump-muertos-no-reciben-pagos-del-seguro-social\/#primaryimage"},"image":{"@id":"https:\/\/politicosaldesnudo.com.mx\/index.php\/2025\/02\/19\/desmienten-a-trump-muertos-no-reciben-pagos-del-seguro-social\/#primaryimage"},"thumbnailUrl":"https:\/\/i0.wp.com\/politicosaldesnudo.com.mx\/wp-content\/uploads\/2025\/02\/TR.jpg?fit=605%2C407&ssl=1","datePublished":"2025-02-19T06:20:41+00:00","breadcrumb":{"@id":"https:\/\/politicosaldesnudo.com.mx\/index.php\/2025\/02\/19\/desmienten-a-trump-muertos-no-reciben-pagos-del-seguro-social\/#breadcrumb"},"inLanguage":"es","potentialAction":[{"@type":"ReadAction","target":["https:\/\/politicosaldesnudo.com.mx\/index.php\/2025\/02\/19\/desmienten-a-trump-muertos-no-reciben-pagos-del-seguro-social\/"]}]},{"@type":"ImageObject","inLanguage":"es","@id":"https:\/\/politicosaldesnudo.com.mx\/index.php\/2025\/02\/19\/desmienten-a-trump-muertos-no-reciben-pagos-del-seguro-social\/#primaryimage","url":"https:\/\/i0.wp.com\/politicosaldesnudo.com.mx\/wp-content\/uploads\/2025\/02\/TR.jpg?fit=605%2C407&ssl=1","contentUrl":"https:\/\/i0.wp.com\/politicosaldesnudo.com.mx\/wp-content\/uploads\/2025\/02\/TR.jpg?fit=605%2C407&ssl=1","width":605,"height":407},{"@type":"BreadcrumbList","@id":"https:\/\/politicosaldesnudo.com.mx\/index.php\/2025\/02\/19\/desmienten-a-trump-muertos-no-reciben-pagos-del-seguro-social\/#breadcrumb","itemListElement":[{"@type":"ListItem","position":1,"name":"Portada","item":"https:\/\/politicosaldesnudo.com.mx\/"},{"@type":"ListItem","position":2,"name":"Desmienten a Trump: muertos no reciben pagos del seguro social"}]},{"@type":"WebSite","@id":"https:\/\/politicosaldesnudo.com.mx\/#website","url":"https:\/\/politicosaldesnudo.com.mx\/","name":"Pol\u00edticos al Desnudo","description":"","publisher":{"@id":"https:\/\/politicosaldesnudo.com.mx\/#organization"},"potentialAction":[{"@type":"SearchAction","target":{"@type":"EntryPoint","urlTemplate":"https:\/\/politicosaldesnudo.com.mx\/?s={search_term_string}"},"query-input":{"@type":"PropertyValueSpecification","valueRequired":true,"valueName":"search_term_string"}}],"inLanguage":"es"},{"@type":"Organization","@id":"https:\/\/politicosaldesnudo.com.mx\/#organization","name":"Pol\u00edticos al Desnudo","url":"https:\/\/politicosaldesnudo.com.mx\/","logo":{"@type":"ImageObject","inLanguage":"es","@id":"https:\/\/politicosaldesnudo.com.mx\/#\/schema\/logo\/image\/","url":"https:\/\/i0.wp.com\/politicosaldesnudo.com.mx\/wp-content\/uploads\/2026\/08\/cropped-logo.webp?fit=400%2C126&ssl=1","contentUrl":"https:\/\/i0.wp.com\/politicosaldesnudo.com.mx\/wp-content\/uploads\/2026\/08\/cropped-logo.webp?fit=400%2C126&ssl=1","width":400,"height":126,"caption":"Pol\u00edticos al Desnudo"},"image":{"@id":"https:\/\/politicosaldesnudo.com.mx\/#\/schema\/logo\/image\/"},"sameAs":["https:\/\/www.facebook.com\/PoliticosAD"]},{"@type":"Person","@id":"https:\/\/politicosaldesnudo.com.mx\/#\/schema\/person\/ef3a64e561cc3f3f5dc52fab81adde7e","name":"Redacci\u00f3n Pol\u00edticos","url":"https:\/\/politicosaldesnudo.com.mx\/index.php\/author\/redaccion-politicos\/"}]}},"jetpack_publicize_connections":[],"jetpack-related-posts":[{"id":88128,"url":"https:\/\/politicosaldesnudo.com.mx\/index.php\/2026\/08\/28\/sheinbaum-presume-avances-en-economia-y-seguridad-previo-a-su-segundo-informe\/","url_meta":{"origin":57105,"position":0},"title":"Sheinbaum presume avances en econom\u00eda y seguridad previo a su Segundo Informe","author":"Redacci\u00f3n Pol\u00edticos","date":"28 de agosto de 2026","format":false,"excerpt":"A cuatro d\u00edas de presentar su Segundo Informe de Gobierno, la presidenta Claudia Sheinbaum Pardo asegur\u00f3 que M\u00e9xico mantiene un rumbo favorable, pese a las dificultades internas y al complejo panorama internacional. Durante su conferencia matutina en Palacio Nacional, la mandataria se mostr\u00f3 confiada en los resultados alcanzados por su\u2026","rel":"","context":"En \u00abNACIONAL\u00bb","block_context":{"text":"NACIONAL","link":"https:\/\/politicosaldesnudo.com.mx\/index.php\/category\/nacional\/"},"img":{"alt_text":"","src":"https:\/\/i0.wp.com\/politicosaldesnudo.com.mx\/wp-content\/uploads\/2026\/08\/claudia-sheinbaum-mananera-28-agosto-2026.jpg?fit=1200%2C800&ssl=1&resize=350%2C200","width":350,"height":200,"srcset":"https:\/\/i0.wp.com\/politicosaldesnudo.com.mx\/wp-content\/uploads\/2026\/08\/claudia-sheinbaum-mananera-28-agosto-2026.jpg?fit=1200%2C800&ssl=1&resize=350%2C200 1x, https:\/\/i0.wp.com\/politicosaldesnudo.com.mx\/wp-content\/uploads\/2026\/08\/claudia-sheinbaum-mananera-28-agosto-2026.jpg?fit=1200%2C800&ssl=1&resize=525%2C300 1.5x, https:\/\/i0.wp.com\/politicosaldesnudo.com.mx\/wp-content\/uploads\/2026\/08\/claudia-sheinbaum-mananera-28-agosto-2026.jpg?fit=1200%2C800&ssl=1&resize=700%2C400 2x, https:\/\/i0.wp.com\/politicosaldesnudo.com.mx\/wp-content\/uploads\/2026\/08\/claudia-sheinbaum-mananera-28-agosto-2026.jpg?fit=1200%2C800&ssl=1&resize=1050%2C600 3x"},"classes":[]},{"id":87288,"url":"https:\/\/politicosaldesnudo.com.mx\/index.php\/2026\/07\/27\/salinas-pliego-lo-mas-putrefacto-de-la-derecha\/","url_meta":{"origin":57105,"position":1},"title":"Salinas Pliego, lo m\u00e1s putrefacto de la derecha","author":"Redacci\u00f3n Pol\u00edticos","date":"27 de julio de 2026","format":false,"excerpt":"* El alcalde de Cosoleacaque, Cirilo V\u00e1zquez rinde protesta como cabeza del comit\u00e9 municipal intersectorial de salud. \u00a0 El \"empresario\" Ricardo Salinas Pliego, bautizado durante el mundial de f\u00fatbol como \u201cla perrita de Trump\u201d, llam\u00f3 inepta y mentirosa a la presidenta Claudia Sheinbaum Pardo, luego de que fuera exhibido en\u2026","rel":"","context":"En \u00abOPINI\u00d3N\u00bb","block_context":{"text":"OPINI\u00d3N","link":"https:\/\/politicosaldesnudo.com.mx\/index.php\/category\/columnistas\/"},"img":{"alt_text":"","src":"https:\/\/i0.wp.com\/politicosaldesnudo.com.mx\/wp-content\/uploads\/2026\/02\/LEAD-POLITICO-AZUL.jpg?fit=800%2C445&ssl=1&resize=350%2C200","width":350,"height":200,"srcset":"https:\/\/i0.wp.com\/politicosaldesnudo.com.mx\/wp-content\/uploads\/2026\/02\/LEAD-POLITICO-AZUL.jpg?fit=800%2C445&ssl=1&resize=350%2C200 1x, https:\/\/i0.wp.com\/politicosaldesnudo.com.mx\/wp-content\/uploads\/2026\/02\/LEAD-POLITICO-AZUL.jpg?fit=800%2C445&ssl=1&resize=525%2C300 1.5x, https:\/\/i0.wp.com\/politicosaldesnudo.com.mx\/wp-content\/uploads\/2026\/02\/LEAD-POLITICO-AZUL.jpg?fit=800%2C445&ssl=1&resize=700%2C400 2x"},"classes":[]},{"id":87673,"url":"https:\/\/politicosaldesnudo.com.mx\/index.php\/2026\/08\/12\/el-moche-del-sueldo-en-morena\/","url_meta":{"origin":57105,"position":2},"title":"El \u201cmoche\u201d del sueldo en MORENA","author":"Redacci\u00f3n Pol\u00edticos","date":"12 de agosto de 2026","format":false,"excerpt":"ALMA GRANDE POR \u00c1NGEL \u00c1LVARO PE\u00d1A Hay una frase de Roc\u00edo Nahle que merece quedarse en el centro de la discusi\u00f3n pol\u00edtica: ning\u00fan funcionario, diputado o dirigente partidista debe cobrarle un porcentaje de su sueldo a un trabajador. La gobernadora de Veracruz fue clara al referirse a los se\u00f1alamientos recientes\u2026","rel":"","context":"En \u00abOPINI\u00d3N\u00bb","block_context":{"text":"OPINI\u00d3N","link":"https:\/\/politicosaldesnudo.com.mx\/index.php\/category\/columnistas\/"},"img":{"alt_text":"","src":"https:\/\/i0.wp.com\/politicosaldesnudo.com.mx\/wp-content\/uploads\/2026\/08\/ALMA-GRANDE-120826.png?fit=1200%2C658&ssl=1&resize=350%2C200","width":350,"height":200,"srcset":"https:\/\/i0.wp.com\/politicosaldesnudo.com.mx\/wp-content\/uploads\/2026\/08\/ALMA-GRANDE-120826.png?fit=1200%2C658&ssl=1&resize=350%2C200 1x, https:\/\/i0.wp.com\/politicosaldesnudo.com.mx\/wp-content\/uploads\/2026\/08\/ALMA-GRANDE-120826.png?fit=1200%2C658&ssl=1&resize=525%2C300 1.5x, https:\/\/i0.wp.com\/politicosaldesnudo.com.mx\/wp-content\/uploads\/2026\/08\/ALMA-GRANDE-120826.png?fit=1200%2C658&ssl=1&resize=700%2C400 2x, https:\/\/i0.wp.com\/politicosaldesnudo.com.mx\/wp-content\/uploads\/2026\/08\/ALMA-GRANDE-120826.png?fit=1200%2C658&ssl=1&resize=1050%2C600 3x"},"classes":[]},{"id":88078,"url":"https:\/\/politicosaldesnudo.com.mx\/index.php\/2026\/08\/26\/cae-en-puebla-presunto-tirador-de-cesar-gastelum-operativo-termina-con-un-muerto-y-dos-detenidos\/","url_meta":{"origin":57105,"position":3},"title":"Cae en Puebla presunto tirador de C\u00e9sar Gast\u00e9lum; operativo termina con un muerto y dos detenidos","author":"Redacci\u00f3n Pol\u00edticos","date":"26 de agosto de 2026","format":false,"excerpt":"La investigaci\u00f3n por el asesinato del creador de contenido C\u00e9sar Daniel Nolazco Gast\u00e9lum, conocido en redes sociales como \u201cCesar\u00edn\u201d, llev\u00f3 a las autoridades hasta Puebla, donde fue capturado uno de los hombres se\u00f1alados como presunto autor material del crimen. El detenido fue identificado como Jes\u00fas Alberto \u201cN\u201d, quien habr\u00eda participado\u2026","rel":"","context":"En \u00abNACIONAL\u00bb","block_context":{"text":"NACIONAL","link":"https:\/\/politicosaldesnudo.com.mx\/index.php\/category\/nacional\/"},"img":{"alt_text":"","src":"https:\/\/i0.wp.com\/politicosaldesnudo.com.mx\/wp-content\/uploads\/2026\/08\/9bf1b478-8aa6-4326-90de-c846d4161717-e340a99c-focus-min0.14-0.34-856-514.webp?fit=856%2C514&ssl=1&resize=350%2C200","width":350,"height":200,"srcset":"https:\/\/i0.wp.com\/politicosaldesnudo.com.mx\/wp-content\/uploads\/2026\/08\/9bf1b478-8aa6-4326-90de-c846d4161717-e340a99c-focus-min0.14-0.34-856-514.webp?fit=856%2C514&ssl=1&resize=350%2C200 1x, https:\/\/i0.wp.com\/politicosaldesnudo.com.mx\/wp-content\/uploads\/2026\/08\/9bf1b478-8aa6-4326-90de-c846d4161717-e340a99c-focus-min0.14-0.34-856-514.webp?fit=856%2C514&ssl=1&resize=525%2C300 1.5x, https:\/\/i0.wp.com\/politicosaldesnudo.com.mx\/wp-content\/uploads\/2026\/08\/9bf1b478-8aa6-4326-90de-c846d4161717-e340a99c-focus-min0.14-0.34-856-514.webp?fit=856%2C514&ssl=1&resize=700%2C400 2x"},"classes":[]},{"id":88137,"url":"https:\/\/politicosaldesnudo.com.mx\/index.php\/2026\/08\/28\/trump-sella-megacuerdo-con-venezuela-estados-unidos-controlara-65-mil-millones-de-barriles-de-petroleo\/","url_meta":{"origin":57105,"position":4},"title":"Trump sella megacuerdo con Venezuela: Estados Unidos controlar\u00e1 65 mil millones de barriles de petr\u00f3leo","author":"Redacci\u00f3n Pol\u00edticos","date":"28 de agosto de 2026","format":false,"excerpt":"Estados Unidos tendr\u00e1 participaci\u00f3n mayoritaria sobre una parte estrat\u00e9gica de las reservas petroleras de Venezuela, luego de que el presidente Donald Trump anunciara un acuerdo que calific\u00f3 como el m\u00e1s grande alcanzado en la historia de la industria energ\u00e9tica. El convenio contempla que Washington obtenga el control operativo de m\u00e1s\u2026","rel":"","context":"En \u00abINTERNACIONAL\u00bb","block_context":{"text":"INTERNACIONAL","link":"https:\/\/politicosaldesnudo.com.mx\/index.php\/category\/internacional\/"},"img":{"alt_text":"","src":"https:\/\/i0.wp.com\/politicosaldesnudo.com.mx\/wp-content\/uploads\/2026\/08\/TRUNP.jpg?fit=640%2C427&ssl=1&resize=350%2C200","width":350,"height":200,"srcset":"https:\/\/i0.wp.com\/politicosaldesnudo.com.mx\/wp-content\/uploads\/2026\/08\/TRUNP.jpg?fit=640%2C427&ssl=1&resize=350%2C200 1x, https:\/\/i0.wp.com\/politicosaldesnudo.com.mx\/wp-content\/uploads\/2026\/08\/TRUNP.jpg?fit=640%2C427&ssl=1&resize=525%2C300 1.5x"},"classes":[]},{"id":87874,"url":"https:\/\/politicosaldesnudo.com.mx\/index.php\/2026\/08\/18\/continuan-pendientes-pagos-a-trabajadores-del-ingenio-san-pedro\/","url_meta":{"origin":57105,"position":5},"title":"Contin\u00faan pendientes pagos a trabajadores del Ingenio San Pedro","author":"Redacci\u00f3n Pol\u00edticos","date":"18 de agosto de 2026","format":false,"excerpt":"A casi dos semanas de que se anunciara el cierre del Ingenio San Pedro, ubicado en Lerdo de Tejada, sus trabajadores todav\u00eda no reciben las liquidaciones correspondientes. El secretario de Trabajo, Previsi\u00f3n Social y Productividad de Veracruz, Luis Arturo Santiago Mart\u00ednez, inform\u00f3 que la dependencia mantiene contacto con los empleados\u2026","rel":"","context":"En \u00abESTADOS\u00bb","block_context":{"text":"ESTADOS","link":"https:\/\/politicosaldesnudo.com.mx\/index.php\/category\/estados\/"},"img":{"alt_text":"","src":"https:\/\/i0.wp.com\/politicosaldesnudo.com.mx\/wp-content\/uploads\/2026\/08\/774667794_1640892540732414_6413776533447448678_n.jpg?fit=1200%2C675&ssl=1&resize=350%2C200","width":350,"height":200,"srcset":"https:\/\/i0.wp.com\/politicosaldesnudo.com.mx\/wp-content\/uploads\/2026\/08\/774667794_1640892540732414_6413776533447448678_n.jpg?fit=1200%2C675&ssl=1&resize=350%2C200 1x, https:\/\/i0.wp.com\/politicosaldesnudo.com.mx\/wp-content\/uploads\/2026\/08\/774667794_1640892540732414_6413776533447448678_n.jpg?fit=1200%2C675&ssl=1&resize=525%2C300 1.5x, https:\/\/i0.wp.com\/politicosaldesnudo.com.mx\/wp-content\/uploads\/2026\/08\/774667794_1640892540732414_6413776533447448678_n.jpg?fit=1200%2C675&ssl=1&resize=700%2C400 2x, https:\/\/i0.wp.com\/politicosaldesnudo.com.mx\/wp-content\/uploads\/2026\/08\/774667794_1640892540732414_6413776533447448678_n.jpg?fit=1200%2C675&ssl=1&resize=1050%2C600 3x"},"classes":[]}],"jetpack_sharing_enabled":true,"jetpack_featured_media_url":"https:\/\/i0.wp.com\/politicosaldesnudo.com.mx\/wp-content\/uploads\/2025\/02\/TR.jpg?fit=605%2C407&ssl=1","_links":{"self":[{"href":"https:\/\/politicosaldesnudo.com.mx\/index.php\/wp-json\/wp\/v2\/posts\/57105","targetHints":{"allow":["GET"]}}],"collection":[{"href":"https:\/\/politicosaldesnudo.com.mx\/index.php\/wp-json\/wp\/v2\/posts"}],"about":[{"href":"https:\/\/politicosaldesnudo.com.mx\/index.php\/wp-json\/wp\/v2\/types\/post"}],"author":[{"embeddable":true,"href":"https:\/\/politicosaldesnudo.com.mx\/index.php\/wp-json\/wp\/v2\/users\/4"}],"replies":[{"embeddable":true,"href":"https:\/\/politicosaldesnudo.com.mx\/index.php\/wp-json\/wp\/v2\/comments?post=57105"}],"version-history":[{"count":0,"href":"https:\/\/politicosaldesnudo.com.mx\/index.php\/wp-json\/wp\/v2\/posts\/57105\/revisions"}],"wp:featuredmedia":[{"embeddable":true,"href":"https:\/\/politicosaldesnudo.com.mx\/index.php\/wp-json\/wp\/v2\/media\/57106"}],"wp:attachment":[{"href":"https:\/\/politicosaldesnudo.com.mx\/index.php\/wp-json\/wp\/v2\/media?parent=57105"}],"wp:term":[{"taxonomy":"category","embeddable":true,"href":"https:\/\/politicosaldesnudo.com.mx\/index.php\/wp-json\/wp\/v2\/categories?post=57105"},{"taxonomy":"post_tag","embeddable":true,"href":"https:\/\/politicosaldesnudo.com.mx\/index.php\/wp-json\/wp\/v2\/tags?post=57105"}],"curies":[{"name":"wp","href":"https:\/\/api.w.org\/{rel}","templated":true}]}}