{"id":57141,"date":"2025-02-20T00:06:06","date_gmt":"2025-02-20T06:06:06","guid":{"rendered":"https:\/\/politicosaldesnudo.com.mx\/?p=57141"},"modified":"2025-02-19T20:13:38","modified_gmt":"2025-02-20T02:13:38","slug":"pese-a-decision-de-cnhj-yunes-seguira-en-la-bancada-guinda-norona","status":"publish","type":"post","link":"https:\/\/politicosaldesnudo.com.mx\/index.php\/2025\/02\/20\/pese-a-decision-de-cnhj-yunes-seguira-en-la-bancada-guinda-norona\/","title":{"rendered":"Pese a decisi\u00f3n de CNHJ, Yunes seguir\u00e1 en la bancada guinda: Noro\u00f1a"},"content":{"rendered":"<p>M\u00e1s all\u00e1 de la decisi\u00f3n que tome la Comisi\u00f3n Nacional de Honestidad y Justicia de Morena sobre la afiliaci\u00f3n al partido de Miguel Angel Yunes M\u00e1rquez, el ex panista seguir\u00e1 dentro del grupo parlamentario guinda, dijo el presidente del Senado, Gerardo Fern\u00e1ndez Noro\u00f1a.<\/p>\n<p>Cuestionado sobre las cr\u00edticas de la gobernadora de Veracruz a la incorporaci\u00f3n de Yunes a la bancada, dijo que la respeta y el \u00f3rgano interno partidista ser\u00e1 el que tome la decisi\u00f3n final, pero aclar\u00f3 que el tema no provoca ninguna divisi\u00f3n dentro del grupo parlamentario.<\/p>\n<p>\u201cAl contrario, yo si insistir\u00eda en que su que su aportaci\u00f3n es evidente, todo un parteaguas el momento en que \u00e9l decide sumarse al movimiento, sin ese voto no habr\u00eda salido la reforma que dio cambio a la Constituci\u00f3n para la elecci\u00f3n de la personas juzgadoras y las catorce reformas, o sea, es un m\u00e9rito colectivo, pero su aportaci\u00f3n es indiscutible\u201d.<\/p>\n<p>En igual tono, agreg\u00f3: \u201c Yo creo que que se debe valorar en sus m\u00e9ritos, yo creo que hay un debate porque cada quien se tiene que hacerse cargo de su trayectoria, como dicen porque llega alguien a Morena ya se purifica, no, cada quien tiene que hacerse cargo de su trayectoria y puede generarse pol\u00e9mica\u201d.<\/p>\n<p>Fern\u00e1ndez Noro\u00f1a agreg\u00f3 que \u201cMorena es un movimiento muy amplio, que tiene desde la derecha hasta la izquierda, es un gran movimiento y puede siempre generarse pol\u00e9mica por diversos temas, no pasa nada\u201d.<\/p>\n<p>Sobre el tema, la vocera del grupo de Morena, Andrea Ch\u00e1vez Trevi\u00f1o, coment\u00f3 igualmente que respetar\u00e1n la decisi\u00f3n que tome la Comisi\u00f3n de Honestidad y Justicia, pero seguir\u00e1n trabajando con Yunes, como lo han hecho con otros legisladores externos.<\/p>\n<p>Fueron pocas las voces en contra de que Yunes siga en el grupo, como lo ha hecho desde el inicio de la legislatura en septiembre pasado, en que su voto permiti\u00f3 la aprobaci\u00f3n de la reforma judicial y 14 m\u00e1s que implicaron modificaciones a la Constituci\u00f3n.<\/p>\n<p>S\u00f3lo la senadora jarocha, Raquel Bonilla, coloc\u00f3 en su esca\u00f1o un cartel\u00f3n con el mensaje : \u201cA Veracruz se le respeta\u201d.<\/p>\n<p>Es un asunto que ha provocado pol\u00e9mica, pero \u201cno pasa nada\u201d, dijo Fern\u00e1ndez Noro\u00f1a y rechaz\u00f3 que intentara buscar convencer a la gobernadora, Roc\u00edo Nahle. \u201cNO. No, no voy a convencer yo a nadie. A m\u00ed me parece que cada quien tiene su punto de vista y santas pascuas, respondi\u00f3. Adem\u00e1s, insisti\u00f3, \u201chace mucho que de hecho est\u00e1 en el grupo parlamentario.. Yo veo unidad absoluta, el debate ya se constri\u00f1\u00f3 a la Comisi\u00f3n de Honor y Justicia\u201d, insisti\u00f3 Noro\u00f1a.<\/p>\n<p>En cambio, el senador, Marko Cort\u00e9s dijo que Yunes \u201cya pas\u00f3 a la historia como traidor a M\u00e9xico y los veracruzanos y \u201ctermin\u00f3 siendo malquerido\u201d en Morena. Expres\u00f3 adem\u00e1s preocupaci\u00f3n y pidi\u00f3 a la dirigencia de Morenista que \u201cno se vaya a prestar a ninguna manipulaci\u00f3n, a ning\u00fan tipo de juego, en donde gente cercana que tripulen los Yunes vayan a ser candidatos a presidentes municipales. Eso ser\u00eda inaceptable\u201d.<\/p>\n","protected":false},"excerpt":{"rendered":"<p>M\u00e1s all\u00e1 de la decisi\u00f3n que tome la Comisi\u00f3n Nacional de Honestidad y Justicia de Morena sobre la afiliaci\u00f3n al<\/p>\n","protected":false},"author":4,"featured_media":57142,"comment_status":"closed","ping_status":"closed","sticky":false,"template":"","format":"standard","meta":{"colormag_page_container_layout":"default_layout","colormag_page_sidebar_layout":"default_layout","_jetpack_memberships_contains_paid_content":false,"footnotes":"","jetpack_publicize_message":"","jetpack_publicize_feature_enabled":true,"jetpack_social_post_already_shared":false,"jetpack_social_options":{"image_generator_settings":{"template":"highway","default_image_id":0,"font":"","enabled":false},"version":2}},"categories":[33],"tags":[],"class_list":["post-57141","post","type-post","status-publish","format-standard","has-post-thumbnail","hentry","category-nacional"],"jetpack_publicize_connections":[],"jetpack_featured_media_url":"https:\/\/i0.wp.com\/politicosaldesnudo.com.mx\/wp-content\/uploads\/2025\/02\/N-1.jpg?fit=717%2C446&ssl=1","jetpack-related-posts":[],"jetpack_sharing_enabled":true,"_links":{"self":[{"href":"https:\/\/politicosaldesnudo.com.mx\/index.php\/wp-json\/wp\/v2\/posts\/57141","targetHints":{"allow":["GET"]}}],"collection":[{"href":"https:\/\/politicosaldesnudo.com.mx\/index.php\/wp-json\/wp\/v2\/posts"}],"about":[{"href":"https:\/\/politicosaldesnudo.com.mx\/index.php\/wp-json\/wp\/v2\/types\/post"}],"author":[{"embeddable":true,"href":"https:\/\/politicosaldesnudo.com.mx\/index.php\/wp-json\/wp\/v2\/users\/4"}],"replies":[{"embeddable":true,"href":"https:\/\/politicosaldesnudo.com.mx\/index.php\/wp-json\/wp\/v2\/comments?post=57141"}],"version-history":[{"count":0,"href":"https:\/\/politicosaldesnudo.com.mx\/index.php\/wp-json\/wp\/v2\/posts\/57141\/revisions"}],"wp:featuredmedia":[{"embeddable":true,"href":"https:\/\/politicosaldesnudo.com.mx\/index.php\/wp-json\/wp\/v2\/media\/57142"}],"wp:attachment":[{"href":"https:\/\/politicosaldesnudo.com.mx\/index.php\/wp-json\/wp\/v2\/media?parent=57141"}],"wp:term":[{"taxonomy":"category","embeddable":true,"href":"https:\/\/politicosaldesnudo.com.mx\/index.php\/wp-json\/wp\/v2\/categories?post=57141"},{"taxonomy":"post_tag","embeddable":true,"href":"https:\/\/politicosaldesnudo.com.mx\/index.php\/wp-json\/wp\/v2\/tags?post=57141"}],"curies":[{"name":"wp","href":"https:\/\/api.w.org\/{rel}","templated":true}]}}