{"id":57144,"date":"2025-02-20T00:07:18","date_gmt":"2025-02-20T06:07:18","guid":{"rendered":"https:\/\/politicosaldesnudo.com.mx\/?p=57144"},"modified":"2025-02-19T20:15:41","modified_gmt":"2025-02-20T02:15:41","slug":"samuel-garcia-desiste-de-reclamo-contra-3-nombramientos","status":"publish","type":"post","link":"https:\/\/politicosaldesnudo.com.mx\/index.php\/2025\/02\/20\/samuel-garcia-desiste-de-reclamo-contra-3-nombramientos\/","title":{"rendered":"Samuel Garc\u00eda desiste de reclamo contra 3 nombramientos"},"content":{"rendered":"<p class=\"western\">El gobernador de Nuevo Le\u00f3n, Samuel Garc\u00eda Sep\u00falveda, se desisti\u00f3 ante la Suprema Corte de Justicia de la Naci\u00f3n (SCJN) de cuatro recursos de reclamaci\u00f3n con los que pretend\u00eda que se suspendieran los nombramientos del auditor general y de los fiscales Anticorrupci\u00f3n y contra Delitos Electorales del estado, como medidas cautelares en tanto el m\u00e1ximo tribunal resuelve las controversias constitucionales que el mandatario estatal promovi\u00f3 contra los mismos actos.<\/p>\n<p class=\"western\">En sesi\u00f3n de este mi\u00e9rcoles, la Segunda Sala de la Corte anunci\u00f3 que el titular del Poder Ejecutivo de Nuevo Le\u00f3n se desisti\u00f3 de los cuatro recursos de reclamaci\u00f3n que impugnaba la negativa del ministro Alfredo Guti\u00e9rrez Ortiz Mena, que admiti\u00f3 a tr\u00e1mite las controversias sobre dichos asuntos, pero a la par rechaz\u00f3 conceder la suspensi\u00f3n sobre los nombramientos hechos por el Congreso estatal.<\/p>\n<p class=\"western\">Garcia Sep\u00falveda impugn\u00f3 los nombramientos de Javier Garza y Garza como titular de la Fiscal\u00eda Especializada en Combate a la Corrupci\u00f3n del estado, de Gustavo Javier Sol\u00eds Ruiz como titular de la Fiscal\u00eda Especializada en Delitos Electorales del estado y de Alejandro Reynoso Gil como titular de la Auditor\u00eda General del Estado. El gobernador argument\u00f3 que el Congreso estatal no respet\u00f3 la facultad exclusiva del Ejecutivo federal de hacer observaciones a dichas designaciones.<\/p>\n<p class=\"western\">Aunque la resoluci\u00f3n de las controversias 240\/2024, 241\/2024, 242\/2024 y 245\/2024 seguir\u00e1n su cauce en la Corte, el gobernador se desisti\u00f3 de *los cuatro recursos de reclamaci\u00f3n que estaban* a cargo de la ponencia del ministra Javier Laynez Potisek antes de que se votaran este mi\u00e9rcoles y ante la posibilidad de recibir la negativa de la primera sala.<\/p>\n<p class=\"western\">Por ejemplo, en el proyecto del recurso de reclamaci\u00f3n sobre la designaci\u00f3n del fiscal Anticorrupci\u00f3n, Laynez iba por confirmar la decisi\u00f3n que tom\u00f3 Guti\u00e9rrez Ortiz Mena de negar la suspensi\u00f3n, pues este \u00faltimo consider\u00f3 que no pod\u00eda echar atr\u00e1s el nombramiento al ser un acto ya consumado y que la suspensi\u00f3n no pod\u00eda tener efectos restitutorios.<\/p>\n<p class=\"western\">\u201cEn este sentido, el funcionario cuyo nombramiento se impugna ejerce un rol estrat\u00e9gico. Por tanto, el otorgamiento de la suspensi\u00f3n afectar\u00eda directamente la organizaci\u00f3n y funcionamiento de instituciones fundamentales para el Estado de Nuevo Le\u00f3n, generando un perjuicio mayor al inter\u00e9s p\u00fablico\u2026Es por ello que, aunque no es posible otorgar la suspensi\u00f3n por tratarse de actos consumados, sin prejuzgar sobre el fondo del asunto que ser\u00e1 resuelto en la sentencia definitiva, se concluye que tampoco ser\u00eda posible otorgar la suspensi\u00f3n, pues es necesario garantizar la continuidad de las funciones estatales y evitar un impacto negativo en los servicios p\u00fablicos que estas instituciones proveen a la ciudadan\u00eda\u201d, se\u00f1al\u00f3 la propuesta de Laynez.<\/p>\n<p>&nbsp;<\/p>\n","protected":false},"excerpt":{"rendered":"<p>El gobernador de Nuevo Le\u00f3n, Samuel Garc\u00eda Sep\u00falveda, se desisti\u00f3 ante la Suprema Corte de Justicia de la Naci\u00f3n (SCJN)<\/p>\n","protected":false},"author":4,"featured_media":57145,"comment_status":"closed","ping_status":"closed","sticky":false,"template":"","format":"standard","meta":{"colormag_page_container_layout":"default_layout","colormag_page_sidebar_layout":"default_layout","_jetpack_memberships_contains_paid_content":false,"footnotes":"","jetpack_publicize_message":"","jetpack_publicize_feature_enabled":true,"jetpack_social_post_already_shared":false,"jetpack_social_options":{"image_generator_settings":{"template":"highway","default_image_id":0,"font":"","enabled":false},"version":2}},"categories":[33],"tags":[],"class_list":["post-57144","post","type-post","status-publish","format-standard","has-post-thumbnail","hentry","category-nacional"],"jetpack_publicize_connections":[],"jetpack_featured_media_url":"https:\/\/i0.wp.com\/politicosaldesnudo.com.mx\/wp-content\/uploads\/2025\/02\/samuel-garcia-3.jpg?fit=1100%2C580&ssl=1","jetpack-related-posts":[],"jetpack_sharing_enabled":true,"_links":{"self":[{"href":"https:\/\/politicosaldesnudo.com.mx\/index.php\/wp-json\/wp\/v2\/posts\/57144","targetHints":{"allow":["GET"]}}],"collection":[{"href":"https:\/\/politicosaldesnudo.com.mx\/index.php\/wp-json\/wp\/v2\/posts"}],"about":[{"href":"https:\/\/politicosaldesnudo.com.mx\/index.php\/wp-json\/wp\/v2\/types\/post"}],"author":[{"embeddable":true,"href":"https:\/\/politicosaldesnudo.com.mx\/index.php\/wp-json\/wp\/v2\/users\/4"}],"replies":[{"embeddable":true,"href":"https:\/\/politicosaldesnudo.com.mx\/index.php\/wp-json\/wp\/v2\/comments?post=57144"}],"version-history":[{"count":0,"href":"https:\/\/politicosaldesnudo.com.mx\/index.php\/wp-json\/wp\/v2\/posts\/57144\/revisions"}],"wp:featuredmedia":[{"embeddable":true,"href":"https:\/\/politicosaldesnudo.com.mx\/index.php\/wp-json\/wp\/v2\/media\/57145"}],"wp:attachment":[{"href":"https:\/\/politicosaldesnudo.com.mx\/index.php\/wp-json\/wp\/v2\/media?parent=57144"}],"wp:term":[{"taxonomy":"category","embeddable":true,"href":"https:\/\/politicosaldesnudo.com.mx\/index.php\/wp-json\/wp\/v2\/categories?post=57144"},{"taxonomy":"post_tag","embeddable":true,"href":"https:\/\/politicosaldesnudo.com.mx\/index.php\/wp-json\/wp\/v2\/tags?post=57144"}],"curies":[{"name":"wp","href":"https:\/\/api.w.org\/{rel}","templated":true}]}}