{"id":57147,"date":"2025-02-20T00:08:26","date_gmt":"2025-02-20T06:08:26","guid":{"rendered":"https:\/\/politicosaldesnudo.com.mx\/?p=57147"},"modified":"2025-02-19T20:17:56","modified_gmt":"2025-02-20T02:17:56","slug":"niega-ine-inclusion-de-sobrenombres-en-boletas-de-eleccion-judicial","status":"publish","type":"post","link":"https:\/\/politicosaldesnudo.com.mx\/index.php\/2025\/02\/20\/niega-ine-inclusion-de-sobrenombres-en-boletas-de-eleccion-judicial\/","title":{"rendered":"Niega INE inclusi\u00f3n de sobrenombres en boletas de elecci\u00f3n judicial"},"content":{"rendered":"<p class=\"western\">Por unanimidad, el consejo general del Instituto Nacional Electoral (INE) neg\u00f3 la inclusi\u00f3n de sobrenombres en las boletas de la elecci\u00f3n judicial, al exponer diversas razones como imposibilidad jur\u00eddica y t\u00e9cnica para hacerlo, pero tambi\u00e9n por considerar que algunos de los apodos ser\u00edan propaganda electoral.<\/p>\n<p class=\"western\">En ese \u00faltimo supuesto se encuentran 13 de las 29 solicitudes, incluida la de ministra Lenia Batres Guadarrama, quien pidi\u00f3 se le agregara el sobrenombre de \u201cMinistra del pueblo\u201d o \u201cDel pueblo\u201d.<\/p>\n<p class=\"western\">Otros apodos rechazados son: \u201cEl \u00e1ngel de la justicia\u201d, \u201cEl defensor popular\u201d, \u201cEl juez Barrios\u201d, \u201cMagistrado del Cambio\u201d, \u201cEl magistrado del pueblo\u201d, \u201cAbogado del pueblo\u201d, \u201cEl juez memo\u201d, \u201cDefensor del pueblo\u201d, \u201cJuzgador de la naci\u00f3n\u201d, y \u201cEl juez del pueblo\u201d; el candidato Marco Antonio Rojo Olivarr\u00eda (contendiente para juez de distrito del \u00e1rea administrativa, circuito uno) propuso tres sobrenombres: \u201cEl juez de AMLO\u201d, \u201cEl juez de la 4T\u201d, y \u201cEl Juez del Pueblo\u201d, mientras que otra persona pidi\u00f3 ser la \u201cJueza de la Verdad\u201d.<\/p>\n<p class=\"western\">Los consejeros expusieron distintas respuestas, marcadamente que la la solicitud debi\u00f3 presentarse al momento de inscribirse en los comit\u00e9s de evaluaci\u00f3n de los Poderes de la Uni\u00f3n o en el Senado de la Rep\u00fablica.<\/p>\n<p class=\"western\">Adem\u00e1s, la imposibilidad del INE de modificar los nombres recibidos y, sobre todo, porque algunos casos violar\u00edan la ley electoral, relacionada con las candidaturas registradas, y las expresiones que pueden ser propaganda electoral.<\/p>\n<p class=\"western\">Incluso tampoco procedieron otros que ped\u00edan minimizar los nombres de pila o colocar apodos gen\u00e9ricos tampoco tendr\u00edan margen de maniobra en el espacio disponible en las boletas.<\/p>\n<p class=\"western\">En conclusi\u00f3n se indica en el acuerdo: \u201cEs improcedente la inclusi\u00f3n de los sobrenombres en las boletas electorales de las candidaturas a diversos cargos del Poder Judicial de la Federaci\u00f3n\u201d.<\/p>\n<p class=\"western\">Todas las resoluciones del INE pueden ser impugnadas ante la Sala Superior del Tribunal Electoral del Poder Judicial de la Federaci\u00f3n.<\/p>\n","protected":false},"excerpt":{"rendered":"<p>Por unanimidad, el consejo general del Instituto Nacional Electoral (INE) neg\u00f3 la inclusi\u00f3n de sobrenombres en las boletas de la<\/p>\n","protected":false},"author":4,"featured_media":57148,"comment_status":"closed","ping_status":"closed","sticky":false,"template":"","format":"standard","meta":{"colormag_page_container_layout":"default_layout","colormag_page_sidebar_layout":"default_layout","_jetpack_memberships_contains_paid_content":false,"footnotes":"","jetpack_publicize_message":"","jetpack_publicize_feature_enabled":true,"jetpack_social_post_already_shared":false,"jetpack_social_options":{"image_generator_settings":{"template":"highway","default_image_id":0,"font":"","enabled":false},"version":2}},"categories":[33],"tags":[],"class_list":["post-57147","post","type-post","status-publish","format-standard","has-post-thumbnail","hentry","category-nacional"],"jetpack_publicize_connections":[],"jetpack_featured_media_url":"https:\/\/i0.wp.com\/politicosaldesnudo.com.mx\/wp-content\/uploads\/2025\/02\/UN.jpg?fit=755%2C496&ssl=1","jetpack-related-posts":[],"jetpack_sharing_enabled":true,"_links":{"self":[{"href":"https:\/\/politicosaldesnudo.com.mx\/index.php\/wp-json\/wp\/v2\/posts\/57147","targetHints":{"allow":["GET"]}}],"collection":[{"href":"https:\/\/politicosaldesnudo.com.mx\/index.php\/wp-json\/wp\/v2\/posts"}],"about":[{"href":"https:\/\/politicosaldesnudo.com.mx\/index.php\/wp-json\/wp\/v2\/types\/post"}],"author":[{"embeddable":true,"href":"https:\/\/politicosaldesnudo.com.mx\/index.php\/wp-json\/wp\/v2\/users\/4"}],"replies":[{"embeddable":true,"href":"https:\/\/politicosaldesnudo.com.mx\/index.php\/wp-json\/wp\/v2\/comments?post=57147"}],"version-history":[{"count":0,"href":"https:\/\/politicosaldesnudo.com.mx\/index.php\/wp-json\/wp\/v2\/posts\/57147\/revisions"}],"wp:featuredmedia":[{"embeddable":true,"href":"https:\/\/politicosaldesnudo.com.mx\/index.php\/wp-json\/wp\/v2\/media\/57148"}],"wp:attachment":[{"href":"https:\/\/politicosaldesnudo.com.mx\/index.php\/wp-json\/wp\/v2\/media?parent=57147"}],"wp:term":[{"taxonomy":"category","embeddable":true,"href":"https:\/\/politicosaldesnudo.com.mx\/index.php\/wp-json\/wp\/v2\/categories?post=57147"},{"taxonomy":"post_tag","embeddable":true,"href":"https:\/\/politicosaldesnudo.com.mx\/index.php\/wp-json\/wp\/v2\/tags?post=57147"}],"curies":[{"name":"wp","href":"https:\/\/api.w.org\/{rel}","templated":true}]}}