{"id":57188,"date":"2025-02-20T00:22:32","date_gmt":"2025-02-20T06:22:32","guid":{"rendered":"https:\/\/politicosaldesnudo.com.mx\/?p=57188"},"modified":"2025-02-19T20:51:00","modified_gmt":"2025-02-20T02:51:00","slug":"corruptos-del-excremento","status":"publish","type":"post","link":"https:\/\/politicosaldesnudo.com.mx\/index.php\/2025\/02\/20\/corruptos-del-excremento\/","title":{"rendered":"CORRUPTOS DEL EXCREMENTO"},"content":{"rendered":"<p>Congruente con la anterior colaboraci\u00f3n publicada por el presente medio de informaci\u00f3n, la Academia de Derecho Penal del Colegio Nacional de Abogados Foro de M\u00e9xico, ha sostenido que la verdadera esencia de lo jur\u00eddico es lo diametralmente opuesto a lo arbitrario, lo corrupto, lo ignorante en la aplicaci\u00f3n de la ley; de todo aquello que depende del antojo de la pol\u00edtica, del capricho del poder econ\u00f3mico, de aquello que rompe con el contenido de la Constituci\u00f3n Pol\u00edtica de los Estados Unidos Mexicanos y, consecuentemente lo que fragmenta lo previsto por el C\u00f3digo Penal y con toda ordenaci\u00f3n que afecte las finalidades esenciales del Derecho.<\/p>\n<p>La arbitrariedad, la impunidad, el tr\u00e1fico de influencias, la indebida interpretaci\u00f3n de la norma, la corrupci\u00f3n, el soborno, la justicia selectiva, la falta de conocimientos jur\u00eddicos, la sumisi\u00f3n al criterio de superiores jer\u00e1rquicos corrompidos, la falta de una justicia expedita; todo ello resultan ser los elementos objetivos que hacen romper la confianza en las instituciones de justicia y\/o en aquellos ordenamientos jur\u00eddicos cuyas desviaciones dependen de los actos emitidos por el Estado, por la autoridad; todo lo expuesto arroja como consecuencia jur\u00eddica que el derecho pasa a ser de la regularidad inviolable a una aventura caprichosa corruptora, como aquella que en su momento padecieron los menores hijos del pederasta Guillermo Alejandro Sesma Su\u00e1rez.<\/p>\n<p>Para quienes portan togas de dignidad en la abogac\u00eda independiente de la Rep\u00fablica, es de su conocimiento, que cualquier autoridad corrupta del \u00e1mbito de justicia, carece de un poder supremo, no cuentan con el legibus solutus; tanto para quien fuera el Fiscal General de Justicia de la Ciudad de M\u00e9xico, Ulises Lara L\u00f3pez, como para el presidente del Tribunal Superior de Justicia de la propia Entidad Federativa, no les es, ni les fue, ni leg\u00edtimo, ni permisible actuar supra ius, et contra ius, et extra ius; las autoridades corruptas y corruptoras de la ley que actuaron en el caso de la sra. Regina Seeman Audiffred, deber\u00edan de haber cumplido con el derecho que juraron proteger y resulta ser el caso que trastocaron ese derecho para cumplir con la voluntad del diputado Jes\u00fas Sesma Su\u00e1rez.<\/p>\n<p>Como se sabe, Emer de Vattel, jurista de prosapia, en cuya obra El Derecho de Gentes y Principios de la Ley aplicados a la conducta de las autoridades soberanas, en el siglo XVIII expres\u00f3: \u201cdesde el momento en que el actuar de la autoridad se aparta de las leyes, sus mandatos no efect\u00faan m\u00e1s que un absurdo criminal del poder que se les ha confiado. En tanto las leyes existen y subsisten, la autoridad debe aplicarlas honestamente\u201d.<\/p>\n<p>Ni Ulises Lara L\u00f3pez, ni Rafael Guerra \u00c1lvarez, actuaron con probidad intelectual, su actuaci\u00f3n fue dirigida a brindar impunidad a un pederasta.<\/p>\n<p>Es cu\u00e1nto.<\/p>\n<p><img data-recalc-dims=\"1\" loading=\"lazy\" decoding=\"async\" class=\"aligncenter size-full wp-image-57109\" src=\"https:\/\/i0.wp.com\/politicosaldesnudo.com.mx\/wp-content\/uploads\/2025\/02\/FIRMA-EDITORIAL-PD-5.jpg?resize=800%2C98&#038;ssl=1\" alt=\"\" width=\"800\" height=\"98\" srcset=\"https:\/\/i0.wp.com\/politicosaldesnudo.com.mx\/wp-content\/uploads\/2025\/02\/FIRMA-EDITORIAL-PD-5.jpg?w=1024&amp;ssl=1 1024w, https:\/\/i0.wp.com\/politicosaldesnudo.com.mx\/wp-content\/uploads\/2025\/02\/FIRMA-EDITORIAL-PD-5.jpg?resize=300%2C37&amp;ssl=1 300w, https:\/\/i0.wp.com\/politicosaldesnudo.com.mx\/wp-content\/uploads\/2025\/02\/FIRMA-EDITORIAL-PD-5.jpg?resize=768%2C94&amp;ssl=1 768w\" sizes=\"auto, (max-width: 800px) 100vw, 800px\" \/><\/p>\n","protected":false},"excerpt":{"rendered":"<p>Congruente con la anterior colaboraci\u00f3n publicada por el presente medio de informaci\u00f3n, la Academia de Derecho Penal del Colegio Nacional<\/p>\n","protected":false},"author":4,"featured_media":52149,"comment_status":"closed","ping_status":"closed","sticky":false,"template":"","format":"standard","meta":{"colormag_page_container_layout":"default_layout","colormag_page_sidebar_layout":"default_layout","_jetpack_memberships_contains_paid_content":false,"footnotes":"","jetpack_publicize_message":"","jetpack_publicize_feature_enabled":true,"jetpack_social_post_already_shared":false,"jetpack_social_options":{"image_generator_settings":{"template":"highway","default_image_id":0,"font":"","enabled":false},"version":2}},"categories":[26],"tags":[],"class_list":["post-57188","post","type-post","status-publish","format-standard","has-post-thumbnail","hentry","category-columnistas"],"jetpack_publicize_connections":[],"jetpack_featured_media_url":"https:\/\/i0.wp.com\/politicosaldesnudo.com.mx\/wp-content\/uploads\/2024\/12\/WOODLRICH.jpg?fit=800%2C445&ssl=1","jetpack-related-posts":[],"jetpack_sharing_enabled":true,"_links":{"self":[{"href":"https:\/\/politicosaldesnudo.com.mx\/index.php\/wp-json\/wp\/v2\/posts\/57188","targetHints":{"allow":["GET"]}}],"collection":[{"href":"https:\/\/politicosaldesnudo.com.mx\/index.php\/wp-json\/wp\/v2\/posts"}],"about":[{"href":"https:\/\/politicosaldesnudo.com.mx\/index.php\/wp-json\/wp\/v2\/types\/post"}],"author":[{"embeddable":true,"href":"https:\/\/politicosaldesnudo.com.mx\/index.php\/wp-json\/wp\/v2\/users\/4"}],"replies":[{"embeddable":true,"href":"https:\/\/politicosaldesnudo.com.mx\/index.php\/wp-json\/wp\/v2\/comments?post=57188"}],"version-history":[{"count":0,"href":"https:\/\/politicosaldesnudo.com.mx\/index.php\/wp-json\/wp\/v2\/posts\/57188\/revisions"}],"wp:featuredmedia":[{"embeddable":true,"href":"https:\/\/politicosaldesnudo.com.mx\/index.php\/wp-json\/wp\/v2\/media\/52149"}],"wp:attachment":[{"href":"https:\/\/politicosaldesnudo.com.mx\/index.php\/wp-json\/wp\/v2\/media?parent=57188"}],"wp:term":[{"taxonomy":"category","embeddable":true,"href":"https:\/\/politicosaldesnudo.com.mx\/index.php\/wp-json\/wp\/v2\/categories?post=57188"},{"taxonomy":"post_tag","embeddable":true,"href":"https:\/\/politicosaldesnudo.com.mx\/index.php\/wp-json\/wp\/v2\/tags?post=57188"}],"curies":[{"name":"wp","href":"https:\/\/api.w.org\/{rel}","templated":true}]}}