{"id":57268,"date":"2025-02-21T00:19:58","date_gmt":"2025-02-21T06:19:58","guid":{"rendered":"https:\/\/politicosaldesnudo.com.mx\/?p=57268"},"modified":"2025-02-20T21:45:02","modified_gmt":"2025-02-21T03:45:02","slug":"evo-morales-participara-en-elecciones-presidenciales-con-partido-fpv","status":"publish","type":"post","link":"https:\/\/politicosaldesnudo.com.mx\/index.php\/2025\/02\/21\/evo-morales-participara-en-elecciones-presidenciales-con-partido-fpv\/","title":{"rendered":"Evo Morales participar\u00e1 en elecciones presidenciales con partido FPV"},"content":{"rendered":"<p>El ex presidente de Bolivia, Evo Morales, y el Frente Para la Victoria (FPV) han alcanzado este jueves un acuerdo para que el ex mandatario sea el candidato de la formaci\u00f3n de cara a las elecciones presidenciales bolivianas previstas para mediados del pr\u00f3ximo mes de agosto.<\/p>\n<p>Con este acuerdo, el ex presidente Morales da portazo definitivo a Movimiento al Socialismo (MAS), el partido que lider\u00f3 durante casi tres d\u00e9cadas y que le aup\u00f3 a la Presidencia de Bolivia entre 2006 y 2019. Las discrepancias con su sucesor en ambos cargos, Luis Arce, ha desembocado en su salida definitiva del partido.<\/p>\n<p>\u00abYa tenemos partido para participar en las elecciones (&#8230;) ahora con Frente para la Victoria vamos a ganar nuevamente\u00bb, ha asegurado un Morales que ha matizado que no existen condicionamientos en el acuerdo y que el pacto tiene el objetivo \u00faltimo de \u00absalvar Bolivia\u00bb, seg\u00fan recoge el diario\u00a0<em>El Deber<\/em>.<\/p>\n<p>El Tribunal Constitucional de Bolivia ha inhabilitado a Morales para presentarse a las elecciones, pues la Presidencia del pa\u00eds tan solo puede ser ejercida durante un mandato de dos periodos continuos o discontinuos. Adem\u00e1s, despoj\u00f3 a Morales del liderato del MAS, por lo que ahora se desprende que el ex presidente ha desistido de esta reivindicaci\u00f3n.<\/p>\n<p>Morales parece no haber digerido a\u00fan su salida abrupta del pa\u00eds en medio de las acusaciones de fraude electoral en las elecciones de 2019 y desde su vuelta ha criticado a Arce por lo que considera una mala gesti\u00f3n de su legado. Mientras, el presidente boliviano alerta de que est\u00e1n queriendo desbancarle del poder.<\/p>\n","protected":false},"excerpt":{"rendered":"<p>El ex presidente de Bolivia, Evo Morales, y el Frente Para la Victoria (FPV) han alcanzado este jueves un acuerdo<\/p>\n","protected":false},"author":4,"featured_media":57269,"comment_status":"closed","ping_status":"closed","sticky":false,"template":"","format":"standard","meta":{"colormag_page_container_layout":"default_layout","colormag_page_sidebar_layout":"default_layout","_jetpack_memberships_contains_paid_content":false,"footnotes":"","jetpack_publicize_message":"","jetpack_publicize_feature_enabled":true,"jetpack_social_post_already_shared":false,"jetpack_social_options":{"image_generator_settings":{"template":"highway","default_image_id":0,"font":"","enabled":false},"version":2}},"categories":[28],"tags":[],"class_list":["post-57268","post","type-post","status-publish","format-standard","has-post-thumbnail","hentry","category-internacional"],"jetpack_publicize_connections":[],"jetpack_featured_media_url":"https:\/\/i0.wp.com\/politicosaldesnudo.com.mx\/wp-content\/uploads\/2025\/02\/EV.jpg?fit=751%2C499&ssl=1","jetpack-related-posts":[],"jetpack_sharing_enabled":true,"_links":{"self":[{"href":"https:\/\/politicosaldesnudo.com.mx\/index.php\/wp-json\/wp\/v2\/posts\/57268","targetHints":{"allow":["GET"]}}],"collection":[{"href":"https:\/\/politicosaldesnudo.com.mx\/index.php\/wp-json\/wp\/v2\/posts"}],"about":[{"href":"https:\/\/politicosaldesnudo.com.mx\/index.php\/wp-json\/wp\/v2\/types\/post"}],"author":[{"embeddable":true,"href":"https:\/\/politicosaldesnudo.com.mx\/index.php\/wp-json\/wp\/v2\/users\/4"}],"replies":[{"embeddable":true,"href":"https:\/\/politicosaldesnudo.com.mx\/index.php\/wp-json\/wp\/v2\/comments?post=57268"}],"version-history":[{"count":0,"href":"https:\/\/politicosaldesnudo.com.mx\/index.php\/wp-json\/wp\/v2\/posts\/57268\/revisions"}],"wp:featuredmedia":[{"embeddable":true,"href":"https:\/\/politicosaldesnudo.com.mx\/index.php\/wp-json\/wp\/v2\/media\/57269"}],"wp:attachment":[{"href":"https:\/\/politicosaldesnudo.com.mx\/index.php\/wp-json\/wp\/v2\/media?parent=57268"}],"wp:term":[{"taxonomy":"category","embeddable":true,"href":"https:\/\/politicosaldesnudo.com.mx\/index.php\/wp-json\/wp\/v2\/categories?post=57268"},{"taxonomy":"post_tag","embeddable":true,"href":"https:\/\/politicosaldesnudo.com.mx\/index.php\/wp-json\/wp\/v2\/tags?post=57268"}],"curies":[{"name":"wp","href":"https:\/\/api.w.org\/{rel}","templated":true}]}}